{"id":122915,"date":"2025-11-28T14:55:08","date_gmt":"2025-11-28T14:55:08","guid":{"rendered":"https:\/\/www.europesays.com\/pl\/122915\/"},"modified":"2025-11-28T14:55:08","modified_gmt":"2025-11-28T14:55:08","slug":"radoslaw-sikorski-krytykuje-karola-nawrockiego-trzeba-bylo-przeczytac-konstytucje-onet","status":"publish","type":"post","link":"https:\/\/www.europesays.com\/pl\/122915\/","title":{"rendered":"Rados\u0142aw Sikorski krytykuje Karola Nawrockiego. &quot;Trzeba by\u0142o przeczyta\u0107 konstytucj\u0119&quot; &#8211; Onet"},"content":{"rendered":"<ol>\n<li><a href=\"https:\/\/news.google.com\/rss\/articles\/CBMi3AFBVV95cUxPYWZpa0lqdm5VWklSdHBCc1RfcjBFc2w5OFJUUTA4MmdzSEY4ZXBZZTdGSHYxRTgxQ1dzZlhSSkdPUHJCTUtNVGZHWU1qS2ZhNnN4N0ZJcE9xQVFIWDAxUGdxWEdET3hSSW10S3V1RDZtb2R4alNvanJPWmlkLVVfT2tndGhsbUNEUUlVZUZUclJBN2FxeERxaHJyc2RvbVNxWkZwMElMRE9kcWl0WFFlbkl0RDdyaXU4WGd0MS1LSmpWRTh2V3lnWlAtQTBPRWpWZlNqV1F0Z1ZKUVNO?oc=5\" target=\"_blank\" rel=\"nofollow noopener\">Rados\u0142aw Sikorski krytykuje Karola Nawrockiego. &#8222;Trzeba by\u0142o przeczyta\u0107 konstytucj\u0119&#8221;<\/a>&nbsp;&nbsp;Onet<\/li>\n<li><a href=\"https:\/\/news.google.com\/rss\/articles\/CBMivgFBVV95cUxOMXRRZ2Q4enZlNEdrZVprUzhyS3dIU2xJYnBmdG9jMEU3djVnUGJHRFJNVHlTbzg0cnJER1pvZVlhVVBDN25PWjI4cm9Ya0F0d0g4YzJfcjVuX1kxT3l1SllZS1c1TjJ1M0t2bk94SEFnNjhRVzFNRTBwUFdobTItRHo4SnY3b21TS0tEdWZzOG5ubFdYeExPcjVnSnV0d1hlYnZlZ2ZjT1NkRzFhX2pPS0dRaURpcERSc3o2TU5n?oc=5\" target=\"_blank\" rel=\"nofollow noopener\">Rados\u0142aw Sikorski odpowiada Karolowi Nawrockiemu. &#8222;Trzeba by\u0142o przeczyta\u0107 konstytucj\u0119&#8221;<\/a>&nbsp;&nbsp;Onet Wiadomo\u015bci<\/li>\n<li><a href=\"https:\/\/news.google.com\/rss\/articles\/CBMivwFBVV95cUxOcjR2cWpMX1FpeGtneDRONndpTFN0SExSejg5WXdHdnZZQWgzS1BYQzZMbld5TjNnTDRtMndBY3pYMU1oZTNpNEQwdHFJaGhpNFFaWXY0MTliT3BOblh3OEJRQ1lDT3Z1WnZqR0FWakQtVlI1LUVkS1lLTFVqN05vWXZPZGl5NVd0U1lsaTlmc3Q1OENpOUtQQTJvZnJ2LUk5aWNRUjVBY1lGLWphbDZhUmhYN2RGMFNwU0NTdy1jcw?oc=5\" target=\"_blank\" rel=\"nofollow noopener\">Rados\u0142aw Sikorski: Prezydent nie jest upowa\u017cniony do m\u00f3wienia w imieniu ca\u0142ej Polski<\/a>&nbsp;&nbsp;Rzeczpospolita<\/li>\n<li><a href=\"https:\/\/news.google.com\/rss\/articles\/CBMiogFBVV95cUxPMFdzMm5VQWY0emFCZTZ4SkpYQUdOdzlfbERvQnk5QVZQWnMwX2dldlhiOGpKZHkyYUVBS0M3VWE5eW1MVHd4Sk1uRUVkRW1GVkxIUGR4aHBLTUhka2xPaGFfQmNJRi1CVG0xWnNwYTNMUm1GTmFzXzNYam9JU0JuVkswWGJnY210S2g2bEw4VWsxR3pqdTRFaEotcS1ITmZrNmc?oc=5\" target=\"_blank\" rel=\"nofollow noopener\">Iskrzy na linii rz\u0105d &#8211; prezydent. &#8222;Oficerskie nominacje to by\u0142 pretekst. Nawrocki szuka\u0142 zaczepki&#8221;<\/a>&nbsp;&nbsp;Wyborcza.pl<\/li>\n<li><a href=\"https:\/\/news.google.com\/rss\/articles\/CBMi6gFBVV95cUxNdzZ0ZnpBOEZPR2ZEbWFJdllrcHMxRngwN2thMU10aFAxS1EyUVVCd1JscmthbUlfZGxkYk9ndE1MdE1XVXdxV3NabVJLSkN4ZmJVN1BYNW1pUERNRTJTeE13NkRFQU9xRmpXa3dVc3pPbzRtN25mOVF1NHVrb2NJdTRXck9sUjF6VXVNN2lMZE1JTzhlbXctMm1OQm5VdjYxME5WRV9xUkZMTG5xc0ZuVU1ZTG5GTWNHdGRXcDlqckE3MUlCM1RLQ1BuUV90QmtscTkxQXRIZ2Q4bk9NdGhyRk1Gd1ZvMnptalE?oc=5\" target=\"_blank\" rel=\"nofollow noopener\">Prezydent nie rozmawia z rz\u0105dem? \u201eJako\u015b nie by\u0142o kontaktu\u201d<\/a>&nbsp;&nbsp;TVP Info<\/li>\n<\/ol>\n","protected":false},"excerpt":{"rendered":"Rados\u0142aw Sikorski krytykuje Karola Nawrockiego. &#8222;Trzeba by\u0142o przeczyta\u0107 konstytucj\u0119&#8221;&nbsp;&nbsp;Onet Rados\u0142aw Sikorski odpowiada Karolowi Nawrockiemu. &#8222;Trzeba by\u0142o przeczyta\u0107 konstytucj\u0119&#8221;&nbsp;&nbsp;Onet&hellip;\n","protected":false},"author":2,"featured_media":122916,"comment_status":"","ping_status":"","sticky":false,"template":"","format":"standard","meta":{"footnotes":""},"categories":[12],"tags":[32,33,36,37,27,67,240,34,35,28,31,53,25,52,68,51,55,42,38,40,39,41,25857,1534,47,29,30,65,50,26],"class_list":{"0":"post-122915","1":"post","2":"type-post","3":"status-publish","4":"format-standard","5":"has-post-thumbnail","7":"category-polska","8":"tag-breaking-news","9":"tag-breakingnews","10":"tag-featured-news","11":"tag-featurednews","12":"tag-headlines","13":"tag-intextvideo_splayer","14":"tag-karol_nawrocki_prezydent","15":"tag-latest-news","16":"tag-latestnews","17":"tag-naglowki","18":"tag-najwazniejsze-artykuly","19":"tag-new_header","20":"tag-news","21":"tag-onet3","22":"tag-onet3d","23":"tag-onet3d_2i","24":"tag-phx","25":"tag-pl","26":"tag-poland","27":"tag-polish","28":"tag-polska","29":"tag-polski","30":"tag-prezydenckie_weto","31":"tag-radoslaw_sikorski_polityk","32":"tag-screening_general","33":"tag-top-stories","34":"tag-topstories","35":"tag-update_me","36":"tag-v2021","37":"tag-wiadomosci"},"share_on_mastodon":{"url":"https:\/\/pubeurope.com\/@pl\/115627905828801866","error":""},"_links":{"self":[{"href":"https:\/\/www.europesays.com\/pl\/wp-json\/wp\/v2\/posts\/122915","targetHints":{"allow":["GET"]}}],"collection":[{"href":"https:\/\/www.europesays.com\/pl\/wp-json\/wp\/v2\/posts"}],"about":[{"href":"https:\/\/www.europesays.com\/pl\/wp-json\/wp\/v2\/types\/post"}],"author":[{"embeddable":true,"href":"https:\/\/www.europesays.com\/pl\/wp-json\/wp\/v2\/users\/2"}],"replies":[{"embeddable":true,"href":"https:\/\/www.europesays.com\/pl\/wp-json\/wp\/v2\/comments?post=122915"}],"version-history":[{"count":0,"href":"https:\/\/www.europesays.com\/pl\/wp-json\/wp\/v2\/posts\/122915\/revisions"}],"wp:featuredmedia":[{"embeddable":true,"href":"https:\/\/www.europesays.com\/pl\/wp-json\/wp\/v2\/media\/122916"}],"wp:attachment":[{"href":"https:\/\/www.europesays.com\/pl\/wp-json\/wp\/v2\/media?parent=122915"}],"wp:term":[{"taxonomy":"category","embeddable":true,"href":"https:\/\/www.europesays.com\/pl\/wp-json\/wp\/v2\/categories?post=122915"},{"taxonomy":"post_tag","embeddable":true,"href":"https:\/\/www.europesays.com\/pl\/wp-json\/wp\/v2\/tags?post=122915"}],"curies":[{"name":"wp","href":"https:\/\/api.w.org\/{rel}","templated":true}]}}