{"id":123007,"date":"2025-11-28T15:53:08","date_gmt":"2025-11-28T15:53:08","guid":{"rendered":"https:\/\/www.europesays.com\/pl\/123007\/"},"modified":"2025-11-28T15:53:08","modified_gmt":"2025-11-28T15:53:08","slug":"skauci-wielkich-klubow-przyjechali-ogladac-pilkarza-jagiellonii-bialystok","status":"publish","type":"post","link":"https:\/\/www.europesays.com\/pl\/123007\/","title":{"rendered":"Skauci wielkich klub\u00f3w przyjechali ogl\u0105da\u0107 pi\u0142karza Jagiellonii Bia\u0142ystok"},"content":{"rendered":"<p>Ciekawe doniesienia p\u0142yn\u0105 z\u00a0Anglii w\u00a0sprawie Oskara Pietuszewskiego. Wed\u0142ug portalu TEAMtalk, 17-latek z\u00a0Jagiellonii Bia\u0142ystok by\u0142 w\u00a0ostatnim czasie obserwowany przez\u00a0przedstawicieli klub\u00f3w Premier League. Mowa o\u00a0klubach z\u00a0absolutnego europejskiego topu.<\/p>\n<p>Pietuszewski przebojem wdar\u0142 si\u0119 do\u00a0podstawowego sk\u0142adu Jagiellonii Bia\u0142ystok, ze\u00a0znakomitej strony pokaza\u0142 si\u0119 r\u00f3wnie\u017c w\u00a0m\u0142odzie\u017cowej reprezentacji Polski. Swoj\u0105 gr\u0105 regularnie wywo\u0142uje dyskusje na\u00a0temat powo\u0142ania go\u00a0do\u00a0doros\u0142ej reprezentacji Polski. Cho\u0107 w\u00a0mediach od\u00a0d\u0142u\u017cszego czasu \u0142\u0105czony jest z\u00a0rych\u0142ym transferem do\u00a0mocniejszego klubu, w\u0142adze Dumy Podlasia zachowuj\u0105 w\u00a0tej\u00a0sprawie spok\u00f3j i\u00a0podkre\u015blaj\u0105, \u017ce\u00a0nie\u00a0my\u015bl\u0105 obecnie o\u00a0sprzeda\u017cy swojego najwi\u0119kszego talentu.<\/p>\n<p>Skauci czo\u0142owych klub\u00f3w Premier League obserwowali Oskara Pietuszewskiego<\/p>\n<p>To\u00a0jednak wydaje si\u0119 kwesti\u0105 czasu, bior\u0105c pod\u00a0uwag\u0119, ile europejskich klub\u00f3w przygl\u0105da si\u0119 17-latkowi. W\u015br\u00f3d nich, wed\u0142ug TEAMtalk, s\u0105\u00a0m.in.\u00a0Arsenal, Chelsea i\u00a0Manchester City. Wys\u0142annicy angielskich pot\u0119g mieli w\u00a0ostatnim czasie na\u00a0\u017cywo obserwowa\u0107 pi\u0142karza podczas mecz\u00f3w Jagiellonii.<\/p>\n<p>Jak czytamy, wys\u0142annik Arsenalu by\u0142 obecny na\u00a0pa\u017adziernikowym meczu Ekstraklasy pomi\u0119dzy Jagielloni\u0105, a\u00a0Ark\u0105 Gdynia, wygranym przez\u00a0bia\u0142ostoczan 4:0. Przedstawiciele Chelsea ogl\u0105dali go\u00a0z\u00a0kolei podczas spotkania Ligi Konferencji ze\u00a0Strasbourgiem, a\u00a0wi\u0119c\u00a0klubem powi\u0105zanym w\u0142a\u015bcicielsko z\u00a0angielskim gigantem. Szef dzia\u0142u zajmuj\u0105cego si\u0119 wyszukiwaniem talent\u00f3w w\u00a0Manchesterze City mia\u0142 z\u00a0kolei z\u0142o\u017cy\u0107 wizyt\u0119 w\u00a0Bia\u0142ymstoku w\u00a0ostatnich dniach.<\/p>\n<p>Angielski portal, powo\u0142uj\u0105c si\u0119 na\u00a0swoje \u017ar\u00f3d\u0142o, twierdzi te\u017c, \u017ce\u00a0dzia\u0142ania ka\u017cdego z\u00a0wymienionych wy\u017cej klub\u00f3w nie\u00a0ograniczy\u0142y si\u0119 do\u00a0samej obserwacji. Ka\u017cdy z\u00a0nich mia\u0142 kontaktowa\u0107 si\u0119 z\u00a0otoczeniem Pietuszewskiego i\u00a0rozpocz\u0105\u0107 przygotowania do\u00a0rozpocz\u0119cia formalnych rozm\u00f3w, gdy\u00a0otworzy si\u0119 zimowe okienko transferowe.<\/p>\n<p>Oskar Pietuszewski jak dot\u0105d rozegra\u0142 48 spotka\u0144 w\u00a0barwach Jagiellonii Bia\u0142ystok, w\u00a0kt\u00f3rych\u00a0zdoby\u0142 cztery bramki i\u00a0zanotowa\u0142 trzy asysty. Jego kontrakt z\u00a0klubem wygasa z\u00a0ko\u0144cem czerwca 2027 roku.<\/p>\n<p>WI\u0118CEJ O\u00a0EKSTRAKLASIE NA\u00a0WESZ\u0141O:<\/p>\n<p>Fot.\u00a0Newspix<\/p>\n","protected":false},"excerpt":{"rendered":"Ciekawe doniesienia p\u0142yn\u0105 z\u00a0Anglii w\u00a0sprawie Oskara Pietuszewskiego. Wed\u0142ug portalu TEAMtalk, 17-latek z\u00a0Jagiellonii Bia\u0142ystok by\u0142 w\u00a0ostatnim czasie obserwowany przez\u00a0przedstawicieli&hellip;\n","protected":false},"author":2,"featured_media":123008,"comment_status":"","ping_status":"","sticky":false,"template":"","format":"standard","meta":{"footnotes":""},"categories":[24],"tags":[6968,971,1915,7575,42,38,40,39,41,127,126],"class_list":{"0":"post-123007","1":"post","2":"type-post","3":"status-publish","4":"format-standard","5":"has-post-thumbnail","7":"category-sport","8":"tag-arsenal","9":"tag-chelsea","10":"tag-manchester-city","11":"tag-oskar-pietuszewski","12":"tag-pl","13":"tag-poland","14":"tag-polish","15":"tag-polska","16":"tag-polski","17":"tag-sport","18":"tag-sports"},"share_on_mastodon":{"url":"https:\/\/pubeurope.com\/@pl\/115628133936047623","error":""},"_links":{"self":[{"href":"https:\/\/www.europesays.com\/pl\/wp-json\/wp\/v2\/posts\/123007","targetHints":{"allow":["GET"]}}],"collection":[{"href":"https:\/\/www.europesays.com\/pl\/wp-json\/wp\/v2\/posts"}],"about":[{"href":"https:\/\/www.europesays.com\/pl\/wp-json\/wp\/v2\/types\/post"}],"author":[{"embeddable":true,"href":"https:\/\/www.europesays.com\/pl\/wp-json\/wp\/v2\/users\/2"}],"replies":[{"embeddable":true,"href":"https:\/\/www.europesays.com\/pl\/wp-json\/wp\/v2\/comments?post=123007"}],"version-history":[{"count":0,"href":"https:\/\/www.europesays.com\/pl\/wp-json\/wp\/v2\/posts\/123007\/revisions"}],"wp:featuredmedia":[{"embeddable":true,"href":"https:\/\/www.europesays.com\/pl\/wp-json\/wp\/v2\/media\/123008"}],"wp:attachment":[{"href":"https:\/\/www.europesays.com\/pl\/wp-json\/wp\/v2\/media?parent=123007"}],"wp:term":[{"taxonomy":"category","embeddable":true,"href":"https:\/\/www.europesays.com\/pl\/wp-json\/wp\/v2\/categories?post=123007"},{"taxonomy":"post_tag","embeddable":true,"href":"https:\/\/www.europesays.com\/pl\/wp-json\/wp\/v2\/tags?post=123007"}],"curies":[{"name":"wp","href":"https:\/\/api.w.org\/{rel}","templated":true}]}}