{"id":123009,"date":"2025-11-28T15:54:13","date_gmt":"2025-11-28T15:54:13","guid":{"rendered":"https:\/\/www.europesays.com\/pl\/123009\/"},"modified":"2025-11-28T15:54:13","modified_gmt":"2025-11-28T15:54:13","slug":"rodzina-brucea-willisa-mowi-co-zrobi-po-smierci-aktora-bardzo-wazny-krok","status":"publish","type":"post","link":"https:\/\/www.europesays.com\/pl\/123009\/","title":{"rendered":"Rodzina Bruce&#8217;a Willisa m\u00f3wi, co zrobi po \u015bmierci aktora. &#8222;Bardzo wa\u017cny krok&#8221;"},"content":{"rendered":"<p class=\"ods-c-paragraph \">Willis zako\u0144czy\u0142 karier\u0119 w 2022 r. po diagnozie <a href=\"https:\/\/www.medonet.pl\/zdrowie,afazja---definicja-i-objawy,artykul,1726060.html\" id=\"7ccd495b-c19f-4048-a131-6b7344713195\" rel=\"nofollow noopener\" target=\"_blank\">afazji<\/a>, a rok p\u00f3\u017aniej lekarze potwierdzili u niego <a href=\"https:\/\/www.medonet.pl\/psyche,choroby-otepienne---rodzaje-i-diagnozowanie-demencji,artykul,1735443.html\" id=\"09959ee5-44bd-482b-a174-d1928a1f60b4\" rel=\"nofollow noopener\" target=\"_blank\">ot\u0119pienie<\/a> czo\u0142owo-skroniowe (FTD) \u2014 chorob\u0119 neurodegeneracyjn\u0105, kt\u00f3ra stopniowo wp\u0142ywa na mow\u0119, zachowanie i osobowo\u015b\u0107. Rodzina podj\u0119\u0142a decyzj\u0119 o donacji m\u00f3zgu aktora po jego \u015bmierci, aby umo\u017cliwi\u0107 specjalistom dok\u0142adniejsze badania skutk\u00f3w FTD.<\/p>\n<p class=\"ods-c-paragraph \">Eksperci podkre\u015blaj\u0105, \u017ce taki gest mo\u017ce pom\u00f3c w identyfikacji zmian w m\u00f3zgu, takich jak nieprawid\u0142owe bia\u0142ka, mutacje czy zmiany strukturalne, kt\u00f3re w innych warunkach trudno by\u0142oby zaobserwowa\u0107. Cho\u0107 jest to krok wymagaj\u0105cy odwagi, naukowcy uwa\u017caj\u0105 go za niezwykle istotny.<\/p>\n<p>Dalszy ci\u0105g artyku\u0142u pod materia\u0142em wideo<\/p>\n<p> Jakie decyzje podj\u0119\u0142a rodzina Bruce&#8217;a Willisa po jego \u015bmierci? <\/p>\n<p> Co to jest ot\u0119pienie czo\u0142owo-skroniowe? <\/p>\n<p> Kiedy Bruce Willis zako\u0144czy\u0142 swoj\u0105 karier\u0119? <\/p>\n<p> Jakie objawy mia\u0142a choroba Bruce&#8217;a Willisa? <\/p>\n<p class=\"ods-c-paragraph \">Dla rodziny Willisa, w tym by\u0142ej \u017cony Demi Moore i pi\u0119ciu c\u00f3rek aktora, decyzja ta oznacza przekszta\u0142cenie trudnego do\u015bwiadczenia w warto\u015bciowy wk\u0142ad w rozw\u00f3j medycyny. Bliscy maj\u0105 nadziej\u0119, \u017ce nag\u0142o\u015bnienie sprawy zwi\u0119kszy \u015bwiadomo\u015b\u0107 na temat FTD, choroby wci\u0105\u017c ma\u0142o znanej, cho\u0107 r\u00f3wnie wyniszczaj\u0105cej, jak bardziej medialne formy demencji.<\/p>\n<p class=\"ods-c-paragraph \">Emma Heming Willis, \u017cona aktora, wyda\u0142a niedawno ksi\u0105\u017ck\u0119 &#8222;Nieoczekiwana podr\u00f3\u017c&#8221;, w kt\u00f3rej opisa\u0142a m.in. pierwsze objawy choroby: wycofywanie si\u0119 Bruce\u2019a z rozm\u00f3w podczas rodzinnych spotka\u0144, subtelne zmiany w osobowo\u015bci i rosn\u0105ce nieporozumienia w relacjach. Pocz\u0105tkowo podejrzewa\u0142a problemy ma\u0142\u017ce\u0144skie lub utrat\u0119 s\u0142uchu, jednak badania wykaza\u0142y powa\u017cne zmiany neurodegeneracyjne.<\/p>\n<p class=\"ods-c-paragraph \">Diagnoza by\u0142a dla rodziny wstrz\u0105sem \u2014 Emma przyznaje, \u017ce czu\u0142a si\u0119 sparali\u017cowana strachem i pozostawiona bez wsparcia. Choroba wymaga spokojnego otoczenia i specjalistycznej opieki.<\/p>\n<p class=\"ods-c-paragraph \">FTD jest drug\u0105 najcz\u0119stsz\u0105 przyczyn\u0105 demencji o wczesnym pocz\u0105tku, a \u015brednia d\u0142ugo\u015b\u0107 \u017cycia po diagnozie wynosi 8\u201310 lat. Objawy obejmuj\u0105 zmiany zachowania, zaburzenia j\u0119zykowe, problemy poznawcze i w p\u00f3\u017aniejszych etapach trudno\u015bci ruchowe. Leczenia przyczynowego nie ma, mo\u017cliwe jest jedynie \u0142agodzenie skutk\u00f3w i poprawa jako\u015bci \u017cycia.<\/p>\n<p> Tre\u015bci z serwisu Medonet maj\u0105 na celu polepszenie, a nie zast\u0105pienie, kontaktu pomi\u0119dzy U\u017cytkownikiem a jego lekarzem. Serwis ma charakter wy\u0142\u0105cznie informacyjno-edukacyjny. Przed zastosowaniem si\u0119 do porad z zakresu wiedzy specjalistycznej, w szczeg\u00f3lno\u015bci medycznych, zawartych w Serwisie nale\u017cy bezwzgl\u0119dnie skonsultowa\u0107 si\u0119 z lekarzem. <\/p>\n","protected":false},"excerpt":{"rendered":"Willis zako\u0144czy\u0142 karier\u0119 w 2022 r. po diagnozie afazji, a rok p\u00f3\u017aniej lekarze potwierdzili u niego ot\u0119pienie czo\u0142owo-skroniowe&hellip;\n","protected":false},"author":2,"featured_media":123010,"comment_status":"","ping_status":"","sticky":false,"template":"","format":"standard","meta":{"footnotes":""},"categories":[22],"tags":[26275,10029,1845,122,5765,48,46,23026,42,38,40,39,41,123,47],"class_list":{"0":"post-123009","1":"post","2":"type-post","3":"status-publish","4":"format-standard","5":"has-post-thumbnail","7":"category-rozrywka","8":"tag-afazja","9":"tag-bruce_willis","10":"tag-choroby_od_a_do_z","11":"tag-entertainment","12":"tag-mozg","13":"tag-nat_styl","14":"tag-omp","15":"tag-otepienie","16":"tag-pl","17":"tag-poland","18":"tag-polish","19":"tag-polska","20":"tag-polski","21":"tag-rozrywka","22":"tag-screening_general"},"share_on_mastodon":{"url":"https:\/\/pubeurope.com\/@pl\/115628137689616634","error":""},"_links":{"self":[{"href":"https:\/\/www.europesays.com\/pl\/wp-json\/wp\/v2\/posts\/123009","targetHints":{"allow":["GET"]}}],"collection":[{"href":"https:\/\/www.europesays.com\/pl\/wp-json\/wp\/v2\/posts"}],"about":[{"href":"https:\/\/www.europesays.com\/pl\/wp-json\/wp\/v2\/types\/post"}],"author":[{"embeddable":true,"href":"https:\/\/www.europesays.com\/pl\/wp-json\/wp\/v2\/users\/2"}],"replies":[{"embeddable":true,"href":"https:\/\/www.europesays.com\/pl\/wp-json\/wp\/v2\/comments?post=123009"}],"version-history":[{"count":0,"href":"https:\/\/www.europesays.com\/pl\/wp-json\/wp\/v2\/posts\/123009\/revisions"}],"wp:featuredmedia":[{"embeddable":true,"href":"https:\/\/www.europesays.com\/pl\/wp-json\/wp\/v2\/media\/123010"}],"wp:attachment":[{"href":"https:\/\/www.europesays.com\/pl\/wp-json\/wp\/v2\/media?parent=123009"}],"wp:term":[{"taxonomy":"category","embeddable":true,"href":"https:\/\/www.europesays.com\/pl\/wp-json\/wp\/v2\/categories?post=123009"},{"taxonomy":"post_tag","embeddable":true,"href":"https:\/\/www.europesays.com\/pl\/wp-json\/wp\/v2\/tags?post=123009"}],"curies":[{"name":"wp","href":"https:\/\/api.w.org\/{rel}","templated":true}]}}