{"id":123054,"date":"2025-11-28T16:31:08","date_gmt":"2025-11-28T16:31:08","guid":{"rendered":"https:\/\/www.europesays.com\/pl\/123054\/"},"modified":"2025-11-28T16:31:08","modified_gmt":"2025-11-28T16:31:08","slug":"ministerstwo-rolnictwa-rekomenduje-przejecie-sieci-sklepow-carrefour","status":"publish","type":"post","link":"https:\/\/www.europesays.com\/pl\/123054\/","title":{"rendered":"Ministerstwo Rolnictwa rekomenduje przej\u0119cie sieci sklep\u00f3w Carrefour"},"content":{"rendered":"\n<p>&#13;<br \/>\n&#8222;Ministerstwo Rolnictwa i\u00a0Rozwoju Wsi rekomenduje przej\u0119cie sieci sklep\u00f3w Carrefour i\u00a0kontynuacj\u0119 prac nad konsolidacj\u0105 pa\u0144stwowych aktyw\u00f3w w\u00a0handlu spo\u017cywczym. To\u00a0kolejny krok w\u00a0kierunku budowy w\u0142asnych \u0142a\u0144cuch\u00f3w dostaw, kt\u00f3re z\u00a0jednej strony wzmacnia\u0107 b\u0119d\u0105 pozycj\u0119 rolnik\u00f3w, z\u00a0drugiej \u2013\u00a0zagwarantuj\u0105 konsumentom \u0142atwy dost\u0119p do\u00a0wysokiej jako\u015bci produkt\u00f3w pochodz\u0105cych z\u00a0polskich upraw i\u00a0gospodarstw rolnych&#8221; \u2013\u00a0napisano w\u00a0komunikacie resortu. &#13;\n<\/p>\n<p>&#13;<br \/>\nKrajowa Grupa Spo\u017cywcza \u2013\u00a0jak wskazuje minister rolnictwa Stefan Krajewski \u2013\u00a0mog\u0142aby przej\u0105\u0107 sie\u0107 sklep\u00f3w Carrefour i\u00a0tym samym stworzy\u0107 polskim produktom dost\u0119p do\u00a0p\u00f3\u0142ek sklepowych, kt\u00f3re dzi\u015b w\u00a0obiektach wielkopowierzchniowych s\u0105 zdominowane przez marki w\u0142asne, a\u00a0rynek handlu w\u00a0wi\u0119kszo\u015bci pokryty sieci\u0105 zagranicznych dyskont\u00f3w. &#13;\n<\/p>\n<p>Ministerstwo Rolnictwa: Rekomendujemy przej\u0119cie sieci sklep\u00f3w Carrefour<\/p>\n<p>&#13;<br \/>\n&#8222;Przej\u0119cie sklep\u00f3w Carrefour i\u00a0budowa Polskiej Sieci Sklep\u00f3w pozwoli jednocze\u015bnie na\u00a0lepsz\u0105 kontrol\u0119 krajowego sektora handlu detalicznego i\u00a0stworzy\u0107 bardziej efektywny system dystrybucji dla\u00a0polskich rolnik\u00f3w i\u00a0producent\u00f3w&#8221; \u2013\u00a0czytamy. &#13;\n<\/p>\n<p>&#13;<br \/>\nWed\u0142ug MRiRW, &#8222;brak w\u0142asnych struktur handlowych os\u0142abia konkurencyjno\u015b\u0107 polskich rolnik\u00f3w oraz\u00a0zagra\u017ca stabilno\u015bci gospodarki rolnej, prowadz\u0105c do\u00a0potencjalnej destabilizacji rynk\u00f3w, gwa\u0142townych waha\u0144 cen i\u00a0kryzysu obejmuj\u0105cego zar\u00f3wno producenta rolnego, przetw\u00f3rc\u0119, a\u00a0w\u00a0rezultacie polskiego konsumenta&#8221;. &#13;\n<\/p>\n<p>&#13;<br \/>\nJak podkre\u015bla resort, rekomendacja przej\u0119cia sieci sklep\u00f3w Carrefour przez Krajow\u0105 Grup\u0119 Spo\u017cywcz\u0105 jest kolejnym etapem dzia\u0142a\u0144 podejmowanych przez Ministerstwo Rolnictwa i\u00a0Rozwoju Wsi na\u00a0rzecz wzmacniania pozycji rolnik\u00f3w w\u00a0\u0142a\u0144cuchach dostaw i\u00a0tworzeniu zorganizowanych struktur od\u00a0poziomu produkcji, do\u00a0ko\u0144cowego etapu sprzeda\u017cy, kt\u00f3ra mo\u017ce gwarantowa\u0107 wi\u0119ksz\u0105 stabilno\u015b\u0107 finansow\u0105 produkcji rolnej w\u00a0Polsce. &#13;\n<\/p>\n<p>&#13;<br \/>\nCzytaj te\u017c:<br \/><a href=\"https:\/\/dorzeczy.pl\/ekonomia\/787680\/jesli-carrefour-wycofa-sie-z-polski-zainteresowane-kupnem-moga-byc-dyskonty.html\" rel=\"follow nofollow noopener\" data-schema=\"DORZECZY\" data-image=\"https:\/\/img.dorzeczy.pl\/_thumb\/50\/22\/9696466bf4f201a96eca2cbb1516.jpeg\" target=\"_blank\">Carrefour mo\u017ce znikn\u0105\u0107 z\u00a0Polski. Co\u00a0si\u0119 stanie ze\u00a0sklepami?<\/a>&#13;<\/p>\n","protected":false},"excerpt":{"rendered":"&#13; &#8222;Ministerstwo Rolnictwa i\u00a0Rozwoju Wsi rekomenduje przej\u0119cie sieci sklep\u00f3w Carrefour i\u00a0kontynuacj\u0119 prac nad konsolidacj\u0105 pa\u0144stwowych aktyw\u00f3w w\u00a0handlu spo\u017cywczym.&hellip;\n","protected":false},"author":2,"featured_media":123055,"comment_status":"","ping_status":"","sticky":false,"template":"","format":"standard","meta":{"footnotes":""},"categories":[16],"tags":[113,112,1866,1347,98,105,26281,49,11320,42,38,40,39,41,26280],"class_list":{"0":"post-123054","1":"post","2":"type-post","3":"status-publish","4":"format-standard","5":"has-post-thumbnail","7":"category-biznes","8":"tag-biznes","9":"tag-business","10":"tag-carrefour","11":"tag-damian-cygan","12":"tag-dorzeczy","13":"tag-ekonomia","14":"tag-handel-spozywczy","15":"tag-kraj","16":"tag-ministerstwo-rolnictwa","17":"tag-pl","18":"tag-poland","19":"tag-polish","20":"tag-polska","21":"tag-polski","22":"tag-siec-sklepow"},"share_on_mastodon":{"url":"https:\/\/pubeurope.com\/@pl\/115628283346187898","error":""},"_links":{"self":[{"href":"https:\/\/www.europesays.com\/pl\/wp-json\/wp\/v2\/posts\/123054","targetHints":{"allow":["GET"]}}],"collection":[{"href":"https:\/\/www.europesays.com\/pl\/wp-json\/wp\/v2\/posts"}],"about":[{"href":"https:\/\/www.europesays.com\/pl\/wp-json\/wp\/v2\/types\/post"}],"author":[{"embeddable":true,"href":"https:\/\/www.europesays.com\/pl\/wp-json\/wp\/v2\/users\/2"}],"replies":[{"embeddable":true,"href":"https:\/\/www.europesays.com\/pl\/wp-json\/wp\/v2\/comments?post=123054"}],"version-history":[{"count":0,"href":"https:\/\/www.europesays.com\/pl\/wp-json\/wp\/v2\/posts\/123054\/revisions"}],"wp:featuredmedia":[{"embeddable":true,"href":"https:\/\/www.europesays.com\/pl\/wp-json\/wp\/v2\/media\/123055"}],"wp:attachment":[{"href":"https:\/\/www.europesays.com\/pl\/wp-json\/wp\/v2\/media?parent=123054"}],"wp:term":[{"taxonomy":"category","embeddable":true,"href":"https:\/\/www.europesays.com\/pl\/wp-json\/wp\/v2\/categories?post=123054"},{"taxonomy":"post_tag","embeddable":true,"href":"https:\/\/www.europesays.com\/pl\/wp-json\/wp\/v2\/tags?post=123054"}],"curies":[{"name":"wp","href":"https:\/\/api.w.org\/{rel}","templated":true}]}}