{"id":123143,"date":"2025-11-28T17:45:12","date_gmt":"2025-11-28T17:45:12","guid":{"rendered":"https:\/\/www.europesays.com\/pl\/123143\/"},"modified":"2025-11-28T17:45:12","modified_gmt":"2025-11-28T17:45:12","slug":"resovia-skra-gdzie-obejrzec-transmisja-meczu-i-stream-online-siatkowka","status":"publish","type":"post","link":"https:\/\/www.europesays.com\/pl\/123143\/","title":{"rendered":"Resovia &#8211; Skra gdzie obejrze\u0107? Transmisja meczu i stream online siatk\u00f3wka"},"content":{"rendered":"<p>Asseco Resovia Rzesz\u00f3w podejmie PGE GiEK Skr\u0119 Be\u0142chat\u00f3w w hicie dziewi\u0105tej kolejki PlusLigi. Kto zgarnie cenne punkty do ligowej tabeli? Transmisja meczu Asseco Resovia Rzesz\u00f3w &#8211; PGE GiEK Skra Be\u0142chat\u00f3w w sobot\u0119 w Polsacie Sport 1, Polsacie Sport Extra 2 oraz na platformie Polsat Box Go.<\/p>\n<p>Skra Be\u0142chat\u00f3w nie zwalnia a tempa w PlusLidze. W poprzedniej serii gier pokona\u0142a w czterech partiach Jastrz\u0119bski W\u0119giel i by\u0142a to jej sz\u00f3sta wygrana z rz\u0119du. Od pocz\u0105tku sezonu be\u0142chatowianie przegrali tylko raz &#8211; 2:3 z Indykpolem AZS-em Olsztyn. By\u0142o to w pierwszym meczu rozgrywek.\u00a0<\/p>\n<p>\u00a0<\/p>\n<p>ZOBACZ TAK\u017bE: <a href=\"https:\/\/www.polsatsport.pl\/wiadomosc\/2025-11-28\/gruchnely-wiesci-o-kapitanie-bogdanki-juz-wiadomo-co-dalej\/\" target=\"_blank\" rel=\"noopener noreferrer nofollow\">Gruchn\u0119\u0142y wie\u015bci o kapitanie Bogdanki! Ju\u017c wiadomo, co dalej<\/a><\/p>\n<p>\u00a0<\/p>\n<p>Z kolei Resovia po pora\u017cce w tie-breaku z ZAKS\u0104 K\u0119dzierzyn-Ko\u017ale w nast\u0119pnej kolejce przegra\u0142a do zera z Jurajskimi Rycerzami. Nie znaczy to jednak, \u017ce siatkarze z Podpromia \u017ale prezentuj\u0105 si\u0119 w tym sezonie. Pozosta\u0142e pi\u0119\u0107 spotka\u0144 ligowych pad\u0142o ich \u0142upem.<\/p>\n<p>\u00a0<\/p>\n<p>Finezja Marcina Janusza czy do\u015bwiadczenie i spok\u00f3j Grzegorza \u0141omacza? Co oka\u017ce si\u0119 wa\u017cniejsze w sobot\u0119?\u00a0<\/p>\n<p>\u00a0<\/p>\n<p>Transmisja meczu Asseco Resovia Rzesz\u00f3w &#8211; PGE GiEK Skra Be\u0142chat\u00f3w w sobot\u0119 w Polsacie Sport 1, Polsacie Sport Extra 2 oraz na platformie Polsat Box Go. Pocz\u0105tek o godzinie 14:45. Przedmeczowe studio rozpocznie si\u0119 o 14:30.<\/p>\n<p>KP, Polsat Sport<\/p>\n<p><a class=\"news__read-more-button\" href=\"https:\/\/www.polsatsport.pl\/\" rel=\"nofollow noopener\" target=\"_blank\">Przejd\u017a na Polsatsport.pl<\/a><img decoding=\"async\" src=\"https:\/\/www.europesays.com\/pl\/wp-content\/uploads\/2025\/11\/pny6crfagnc762p1pfcqqpoetso6wrgg.jpg\" alt=\"\" itemprop=\"contentUrl\" style=\"position:absolute; width: 100%; max-height: 100%;\"\/><video controls=\"\" controlslist=\"nodownload\" poster=\"https:\/\/www.europesays.com\/pl\/wp-content\/uploads\/2025\/11\/pny6crfagnc762p1pfcqqpoetso6wrgg.jpg\" class=\"videoPlayer player7296673 news__video\" data-id=\"7296673\">Twoja przegl\u0105darka nie wspiera odtwarzacza wideo&#8230;<\/video>PolsatSport.pl w wersji na telefony z systemem Android i iOS!<\/p>\n<p class=\"app-ad__preview\">Najnowsze informacje i wiadomo\u015bci na bie\u017c\u0105co, gdziekolwiek jeste\u015b.<\/p>\n","protected":false},"excerpt":{"rendered":"Asseco Resovia Rzesz\u00f3w podejmie PGE GiEK Skr\u0119 Be\u0142chat\u00f3w w hicie dziewi\u0105tej kolejki PlusLigi. Kto zgarnie cenne punkty do&hellip;\n","protected":false},"author":2,"featured_media":123144,"comment_status":"","ping_status":"","sticky":false,"template":"","format":"standard","meta":{"footnotes":""},"categories":[24],"tags":[42,38,40,39,41,127,126],"class_list":{"0":"post-123143","1":"post","2":"type-post","3":"status-publish","4":"format-standard","5":"has-post-thumbnail","7":"category-sport","8":"tag-pl","9":"tag-poland","10":"tag-polish","11":"tag-polska","12":"tag-polski","13":"tag-sport","14":"tag-sports"},"share_on_mastodon":{"url":"https:\/\/pubeurope.com\/@pl\/115628574696067274","error":""},"_links":{"self":[{"href":"https:\/\/www.europesays.com\/pl\/wp-json\/wp\/v2\/posts\/123143","targetHints":{"allow":["GET"]}}],"collection":[{"href":"https:\/\/www.europesays.com\/pl\/wp-json\/wp\/v2\/posts"}],"about":[{"href":"https:\/\/www.europesays.com\/pl\/wp-json\/wp\/v2\/types\/post"}],"author":[{"embeddable":true,"href":"https:\/\/www.europesays.com\/pl\/wp-json\/wp\/v2\/users\/2"}],"replies":[{"embeddable":true,"href":"https:\/\/www.europesays.com\/pl\/wp-json\/wp\/v2\/comments?post=123143"}],"version-history":[{"count":0,"href":"https:\/\/www.europesays.com\/pl\/wp-json\/wp\/v2\/posts\/123143\/revisions"}],"wp:featuredmedia":[{"embeddable":true,"href":"https:\/\/www.europesays.com\/pl\/wp-json\/wp\/v2\/media\/123144"}],"wp:attachment":[{"href":"https:\/\/www.europesays.com\/pl\/wp-json\/wp\/v2\/media?parent=123143"}],"wp:term":[{"taxonomy":"category","embeddable":true,"href":"https:\/\/www.europesays.com\/pl\/wp-json\/wp\/v2\/categories?post=123143"},{"taxonomy":"post_tag","embeddable":true,"href":"https:\/\/www.europesays.com\/pl\/wp-json\/wp\/v2\/tags?post=123143"}],"curies":[{"name":"wp","href":"https:\/\/api.w.org\/{rel}","templated":true}]}}