{"id":123158,"date":"2025-11-28T17:57:16","date_gmt":"2025-11-28T17:57:16","guid":{"rendered":"https:\/\/www.europesays.com\/pl\/123158\/"},"modified":"2025-11-28T17:57:16","modified_gmt":"2025-11-28T17:57:16","slug":"ewakuacja-szkoly-na-osiedlu-pod-skarpa","status":"publish","type":"post","link":"https:\/\/www.europesays.com\/pl\/123158\/","title":{"rendered":"Ewakuacja szko\u0142y na osiedlu Pod Skarp\u0105"},"content":{"rendered":"<p>\n\t\tW Szkole Podstawowej nr 1 na osiedlu Pod Skarp\u0105 w Wadowicach ewakuowano uczni\u00f3w i personel. Co si\u0119 sta  <\/p>\n<dl class=\"article-info\">\n<dd class=\"published\">\n<p>\t\t\t\t\t Opublikowano: 28 listopada 2025, 13:55\t\t\t\t<\/dd>\n<dd class=\"article-comments\">\n\t\t\t\t\t\t<a title=\"zobacz komentarze\" href=\"http:\/\/wadowiceonline.pl\/wydarzenia\/32012-ewakuacja-szkoly-na-osiedlu-pod-skarpa2#comments\" rel=\"nofollow noopener\" target=\"_blank\">Komentarze: 0<\/a>\n          <\/dd>\n<\/dl>\n<p>\t\t\t\t\t <img decoding=\"async\" class=\"caption\" title=\"zdj\u0119cie:  Marcin Guzik\" src=\"https:\/\/www.europesays.com\/pl\/wp-content\/uploads\/2025\/11\/akcja.jpg\" alt=\"Ewakuacja szko\u0142y na osiedlu Pod Skarp\u0105\"\/><\/p>\n<p style=\"text-align: justify;\">W Szkole Podstawowej nr 1 na osiedlu Pod Skarp\u0105 w Wadowicach ewakuowano uczni\u00f3w i personel. Co si\u0119 sta\u0142o?<\/p>\n<p style=\"text-align: justify;\">W pi\u0105tek (28.11) po po\u0142udniu\u00a0w Szkole\u00a0 Podstawowej nr 1 im. Jana Paw\u0142a II w Wadowicach dosz\u0142o do gro\u017anego zdarzenia. Jak si\u0119 dowiadujemy, w sali chemicznej dosz\u0142o do przewr\u00f3cenia si\u0119 odczynnika z niebezpieczn\u0105 ciecz\u0105 i jego wylania. O fakcie b\u0142yskawicznie powiadomiono s\u0142u\u017cby.<\/p>\n<p style=\"text-align: justify;\">Na miejsce zadysponowano policj\u0119 zast\u0119py stra\u017cak\u00f3w zawodowych z JRG Wadowice a tak\u017ce pluton ratownicza chemicznego z Krakowa i O\u015bwi\u0119cimia.<\/p>\n<blockquote><p>&#13;<\/p>\n<p style=\"text-align: justify;\">Ewakuowanych zosta\u0142o do strefy bezpiecznej (sali gimnastycznej) 153 uczni\u00f3w i 24 osoby personelu\u00a0&#8211; poinformowa\u0142 nas m\u0142odszy brygadier Krzysztof Cieciak, rzecznik prasowy Komendy Powiatowej PSP w Wadowicach.\u00a0<\/p>\n<p>&#13;\n<\/p><\/blockquote>\n<p style=\"text-align: justify;\">W klasie, gdzie dosz\u0142o do zdarzenia, by\u0142o 19 uczni\u00f3w. Nikomu na szcz\u0119\u015bcie nic si\u0119 nie sta\u0142o, profilaktycznie zostan\u0105 oni jednak przebadani medycznie.<\/p>\n<p style=\"text-align: justify;\">Trwa neutralizacja substancji.<\/p>\n<p>&#13;<br \/>\n&#13;<br \/>\n&#13;<\/p>\n<p style=\"text-align: justify;\">\u00a0<\/p>\n<p>&#13;<\/p>\n<p style=\"text-align: justify;\">\u00a0<\/p>\n<p>&#13;<\/p>\n<p style=\"text-align: right;\">(Marcin Guzik)<\/p>\n<p>&#13;<\/p>\n<p>Je\u015bli doceniasz to co robimy i chcesz nam postawi\u0107 wirtualn\u0105 kaw\u0119 to mo\u017cesz zrobi\u0107 to poni\u017cej:<\/p>\n<p><a title=\"https:\/\/buycoffee.to\/wadowiceonline\/\" href=\"https:\/\/buycoffee.to\/wadowiceonline\/\" target=\"_blank\" rel=\"noopener noreferrer nofollow\"><img decoding=\"async\" src=\"https:\/\/www.europesays.com\/pl\/wp-content\/uploads\/2025\/09\/kawa.jpg\" alt=\"kup nam kaw\u0119\" style=\"border:0;\"\/><\/a><\/p>\n<p>&#13;<\/p>\n<p>  \tWadowiceOnline.pl<\/p>\n<p>      <img decoding=\"async\" src=\"https:\/\/www.europesays.com\/pl\/wp-content\/uploads\/2025\/09\/logo2.jpg\"\/><\/p>\n","protected":false},"excerpt":{"rendered":"W Szkole Podstawowej nr 1 na osiedlu Pod Skarp\u0105 w Wadowicach ewakuowano uczni\u00f3w i personel. Co si\u0119 sta&hellip;\n","protected":false},"author":2,"featured_media":123159,"comment_status":"","ping_status":"","sticky":false,"template":"","format":"standard","meta":{"footnotes":""},"categories":[12],"tags":[32,33,721,36,37,27,26291,34,35,28,31,25,42,38,40,26292,39,41,12819,420,29,30,26],"class_list":{"0":"post-123158","1":"post","2":"type-post","3":"status-publish","4":"format-standard","5":"has-post-thumbnail","7":"category-polska","8":"tag-breaking-news","9":"tag-breakingnews","10":"tag-ewakuacja","11":"tag-featured-news","12":"tag-featurednews","13":"tag-headlines","14":"tag-jedynka","15":"tag-latest-news","16":"tag-latestnews","17":"tag-naglowki","18":"tag-najwazniejsze-artykuly","19":"tag-news","20":"tag-pl","21":"tag-poland","22":"tag-polish","23":"tag-pollicja","24":"tag-polska","25":"tag-polski","26":"tag-straz","27":"tag-szkola","28":"tag-top-stories","29":"tag-topstories","30":"tag-wiadomosci"},"share_on_mastodon":{"url":"https:\/\/pubeurope.com\/@pl\/115628621636102295","error":""},"_links":{"self":[{"href":"https:\/\/www.europesays.com\/pl\/wp-json\/wp\/v2\/posts\/123158","targetHints":{"allow":["GET"]}}],"collection":[{"href":"https:\/\/www.europesays.com\/pl\/wp-json\/wp\/v2\/posts"}],"about":[{"href":"https:\/\/www.europesays.com\/pl\/wp-json\/wp\/v2\/types\/post"}],"author":[{"embeddable":true,"href":"https:\/\/www.europesays.com\/pl\/wp-json\/wp\/v2\/users\/2"}],"replies":[{"embeddable":true,"href":"https:\/\/www.europesays.com\/pl\/wp-json\/wp\/v2\/comments?post=123158"}],"version-history":[{"count":0,"href":"https:\/\/www.europesays.com\/pl\/wp-json\/wp\/v2\/posts\/123158\/revisions"}],"wp:featuredmedia":[{"embeddable":true,"href":"https:\/\/www.europesays.com\/pl\/wp-json\/wp\/v2\/media\/123159"}],"wp:attachment":[{"href":"https:\/\/www.europesays.com\/pl\/wp-json\/wp\/v2\/media?parent=123158"}],"wp:term":[{"taxonomy":"category","embeddable":true,"href":"https:\/\/www.europesays.com\/pl\/wp-json\/wp\/v2\/categories?post=123158"},{"taxonomy":"post_tag","embeddable":true,"href":"https:\/\/www.europesays.com\/pl\/wp-json\/wp\/v2\/tags?post=123158"}],"curies":[{"name":"wp","href":"https:\/\/api.w.org\/{rel}","templated":true}]}}