{"id":123173,"date":"2025-11-28T18:11:39","date_gmt":"2025-11-28T18:11:39","guid":{"rendered":"https:\/\/www.europesays.com\/pl\/123173\/"},"modified":"2025-11-28T18:11:39","modified_gmt":"2025-11-28T18:11:39","slug":"zaskakujace-wyniki-badan-na-temat-udomowienia-kotow-nowy-rozdzial-historii","status":"publish","type":"post","link":"https:\/\/www.europesays.com\/pl\/123173\/","title":{"rendered":"Zaskakuj\u0105ce wyniki bada\u0144 na temat udomowienia kot\u00f3w. Nowy rozdzia\u0142 historii"},"content":{"rendered":"<ul class=\"typography ids-typeset-body ids-typeset-body--preset-large list ids-list ids-list--unordered ids-list--size-large \" datatype=\"disc\">\n<li class=\"ids-list-item\">\n<p>DNA potwierdzi\u0142o, \u017ce koty domowe wywodz\u0105 si\u0119 z Afryki P\u00f3\u0142nocnej.<\/p>\n<\/li>\n<li class=\"ids-list-item\">\n<p>Koty dotar\u0142y do Europy oko\u0142o 2 tysi\u0105ce lat temu dzi\u0119ki cywilizacjom \u015br\u00f3dziemnomorskim.<\/p>\n<\/li>\n<li class=\"ids-list-item\">\n<p>Istnia\u0142 te\u017c inny gatunek kota \u017cyj\u0105cy z lud\u017ami wcze\u015bniej w Chinach.<\/p>\n<\/li>\n<li class=\"ids-list-item\">Wi\u0119cej podobnych informacji znajdziesz na <a class=\"ids-undecorated-link link ids-link link\" href=\"https:\/\/zielona.interia.pl\/#utm_source=Zielona%20Interia&amp;utm_medium=bullet&amp;utm_campaign=powrot_z_wew&amp;iwa_source=bullet\" target=\"_blank\" rel=\"nofollow noopener\">stronie g\u0142\u00f3wnej serwisu<\/a><\/li>\n<\/ul>\n<p class=\"typography ids-typeset-body ids-typeset-body--preset-large link paragraph ids-paragraph ids-paragraph--default\">Badania genetyczne wykaza\u0142y, \u017ce kot domowy pochodzi z Afryki P\u00f3\u0142nocnej,\u00a0a do Europy i Azji Wschodniej trafi\u0142 w ci\u0105gu ostatnich 2 tys. lat, czyli w czasach Cesarstwa Rzymskiego i wtedy si\u0119 na kontynencie rozprzestrzeni\u0142. To p\u00f3\u017aniej ni\u017c do tej pory s\u0105dzono. Poprzednie badania sugerowa\u0142y, \u017ce kot domowy pochodzi z Lewantu i m\u00f3g\u0142 przyby\u0107 do Europy ju\u017c 6-7 tysi\u0119cy lat temu.<\/p>\n<p>Koty domowe pojawi\u0142y si\u0119 w Europie oko\u0142o 2 tys. lat temu<\/p>\n<p class=\"typography ids-typeset-body ids-typeset-body--preset-large link paragraph ids-paragraph ids-paragraph--default\">Kot domowy (Felis catus) jest potomkiem afryka\u0144skiego kota nubijskiego (Felis lybica lybic) i obecnie mo\u017cna go spotka\u0107 na ka\u017cdym kontynencie z wyj\u0105tkiem Antarktydy. Koty odgrywa\u0142y wa\u017cn\u0105 rol\u0119 w staro\u017cytnym Egipcie, gdzie by\u0142y czczone i mumifikowane. Wraz z rozwojem handlu i ekspansj\u0105 armii rzymskiej, zwierz\u0119ta rozprzestrzeni\u0142y si\u0119 po ca\u0142ej Europie.<\/p>\n<p><img decoding=\"async\" class=\"ids-image-holder__img\" loading=\"lazy\" alt=\"Zbli\u017cenie twarzy szarego kota o zielonych oczach na ciemnym tle, zwierz\u0119 patrzy lekko w g\u00f3r\u0119 i na bok, jego sier\u015b\u0107 jest kr\u00f3tka, a uszy stercz\u0105ce.\" title=\"Za przodk\u00f3w kota domowego uwa\u017ca si\u0119 kota (\u017cbika) nubijskiego, zwanego tez \u017cbikiem kaspijskim albo \u017cbikiem krete\u0144skim\" width=\"2000\" height=\"1333\" src=\"https:\/\/www.europesays.com\/pl\/wp-content\/uploads\/2025\/11\/000LZQLGKPU56HV0-C322-F4.webp.webp\"\/><\/p>\n<p>Za przodk\u00f3w kota domowego uwa\u017ca si\u0119 kota (\u017cbika) nubijskiego, zwanego tez \u017cbikiem kaspijskim albo \u017cbikiem krete\u0144skimJOHAN SWANEPOELEast News<\/p>\n<p class=\"typography ids-typeset-body ids-typeset-body--preset-large link paragraph ids-paragraph ids-paragraph--default\">Testy przeprowadzili specjali\u015bci z Uniwersytetu Rzymskiego Tor Vergata we W\u0142oszech. Analizowano\u00a0225 okaz\u00f3w staro\u017cytnych kot\u00f3w z prawie 100 stanowisk archeologicznych znajduj\u0105cych si\u0119 w Europie.<\/p>\n<p class=\"typography ids-typeset-body ids-typeset-body--preset-large link paragraph ids-paragraph ids-paragraph--default\">Eksperci uzyskali 70 staro\u017cytnych genom\u00f3w, obejmuj\u0105cych okres od IX tysi\u0105clecia p.n.e. do XIX wieku n.e. Badania potwierdzi\u0142y ju\u017c dawno, \u017ce to \u017cbik jest uznawany za dzikiego przodka kota domowego, kt\u00f3ry na terenie Europy krzy\u017cowa\u0142 si\u0119 z kotem nubijskim (Felis silvestris lybica). I najwcze\u015bniej<a href=\"https:\/\/zielona.interia.pl\/przyroda\/koty\/news-zaskakujace-wyniki-badan-na-temat-zbikow-jest-inaczej-niz-my,nId,7134177\" target=\"_self\" rel=\"nofollow noopener\">\u00a0zidentyfikowany w Europie \u017cbik<\/a> pochodzi\u0142 z Sardynii we W\u0142oszech.<\/p>\n<p><img decoding=\"async\" class=\"ids-image-holder__img\" loading=\"lazy\" alt=\"Kotek bengalski wyst\u0119puje w po\u0142udniowej, po\u0142udniowo-wschodniej i wschodniej Azji\" title=\"Kotek bengalski wyst\u0119puje w po\u0142udniowej, po\u0142udniowo-wschodniej i wschodniej Azji\" width=\"2000\" height=\"1325\" src=\"https:\/\/www.europesays.com\/pl\/wp-content\/uploads\/2025\/11\/000LZQPMRO6SFUX5-C322-F4.webp.webp\"\/><\/p>\n<p>Kotek bengalski wyst\u0119puje w po\u0142udniowej, po\u0142udniowo-wschodniej i wschodniej AzjiWAHYUDIAFP<\/p>\n<p class=\"typography ids-typeset-body ids-typeset-body--preset-large link paragraph ids-paragraph ids-paragraph--default\">W\u0142oscy naukowcy twierdz\u0105 w nowych badaniach opisanych na \u0142amach &#8222;Science&#8221;, \u017ce to cywilizacje \u015br\u00f3dziemnomorskie w pierwszym tysi\u0105cleciu p.n.e. by\u0142y g\u0142\u00f3wnie odpowiedzialne za rozprzestrzenianie si\u0119 afryka\u0144skich kot\u00f3w.<\/p>\n<p class=\"typography ids-typeset-body ids-typeset-body--preset-large link paragraph ids-paragraph ids-paragraph--default\">Z kolei kotki bengalskie (Prionailurus bengalensis) \u017cy\u0142y obok ludzi ju\u017c w staro\u017cytnych Chinach, czyli ok. 5 tys. lat temu. Te koty nie zosta\u0142y nigdy w pe\u0142ni udomowione, cho\u0107 podejmowano liczne pr\u00f3by. Koty domowe przyby\u0142y do Chin znacznie p\u00f3\u017aniej, oko\u0142o 1300 lat temu, za czas\u00f3w dynastii Tang. Zwierz\u0119ta prawdopodobnie zosta\u0142y sprowadzone do Chin Jedwabnym Szlakiem przez kupc\u00f3w.<\/p>\n<ul class=\"typography ids-typeset-body ids-typeset-body--preset-small list--article-list ids-list ids-list--unordered ids-list--size-small \" datatype=\"disc\">\n<li class=\"ids-list-item ids-list-item__content brief-list-item\"><a class=\"ids-undecorated-link link ids-link \" data-spons=\"false\" href=\"https:\/\/zielona.interia.pl\/tylko-w-zielonej-interii\/news-slynne-dzikie-koty-moga-juz-w-polsce-nie-istniec-zostaly-tyl,nId,7643103\" rel=\"nofollow noopener\" target=\"_blank\">S\u0142ynne dzikie koty mog\u0105 ju\u017c w Polsce nie istnie\u0107. Zosta\u0142y tylko atrapy<\/a><\/li>\n<li class=\"ids-list-item ids-list-item__content brief-list-item\"><a class=\"ids-undecorated-link link ids-link \" data-spons=\"false\" href=\"https:\/\/zielona.interia.pl\/zielone-quizy\/news-czy-znasz-sie-na-kotach-sprawdzmy-to-oto-koci-quiz,nId,7471050\" rel=\"nofollow noopener\" target=\"_blank\">Czy znasz si\u0119 na kotach? Sprawd\u017amy to! Oto koci quiz<\/a><\/li>\n<\/ul>\n<p>Kot domowy pochodzi z Afryki P\u00f3\u0142nocnej<\/p>\n<p class=\"typography ids-typeset-body ids-typeset-body--preset-large link paragraph ids-paragraph ids-paragraph--default\">&#8222;Na pocz\u0105tku procesu udomowienia koty prawdopodobnie bardzo dobrze zaadaptowa\u0142y si\u0119 do \u015brodowiska ludzkiego&#8221; &#8211; o\u015bwiadczyli badacze. Zwierz\u0119ta odnios\u0142y du\u017cy sukces. Odnalaz\u0142y si\u0119 w warunkach miejskich i podmiejskich, nauczy\u0142y si\u0119 \u017cy\u0107 w\u015br\u00f3d ludzi.<\/p>\n<p class=\"typography ids-typeset-body ids-typeset-body--preset-large link paragraph ids-paragraph ids-paragraph--default\">&#8222;Te zwierz\u0119ta zintegrowa\u0142y si\u0119 g\u0142\u0119boko z lud\u017ami, nasz\u0105 gospodark\u0105 i wierzeniami &#8211; powiedzia\u0142 agencji Reutera Marco De Martino, paleogenetyk z Uniwersytetu Rzymskiego Tor Vergata.<\/p>\n<p class=\"typography ids-typeset-body ids-typeset-body--preset-large link paragraph ids-paragraph ids-paragraph--default\">Naukowcy podkre\u015blaj\u0105, \u017ce cho\u0107 uda\u0142o si\u0119 ustali\u0107 okres migracji kot\u00f3w domowych do Europy, wci\u0105\u017c nie wiadomo, gdzie dok\u0142adnie i kiedy dosz\u0142o do ich pierwotnego udomowienia.<\/p>\n<p>&#8222;Wydarzenia&#8221;: Mia\u0142 w klatce dwa lwy i tygrysa. Zarejestrowa\u0142 &#8222;dzia\u0142alno\u015b\u0107 cyrkow\u0105&#8221;Polsat News<\/p>\n<p><a class=\"ids-undecorated-link source ids-page-info--source__link\" href=\"https:\/\/www.interia.pl\" rel=\"nofollow noopener\" target=\"_blank\"><img decoding=\"async\" class=\"ids-image-holder__img\" loading=\"lazy\" alt=\"\" title=\"\" height=\"24px\" src=\"https:\/\/www.europesays.com\/pl\/wp-content\/uploads\/2025\/11\/1763998694_431_0009A60QQ5I2TYF7-C202-F4.webp.webp\"\/><\/a><\/p>\n<p>Masz sugestie, uwagi albo widzisz b\u0142\u0105d? Napisz do nas<\/p>\n","protected":false},"excerpt":{"rendered":"DNA potwierdzi\u0142o, \u017ce koty domowe wywodz\u0105 si\u0119 z Afryki P\u00f3\u0142nocnej. Koty dotar\u0142y do Europy oko\u0142o 2 tysi\u0105ce lat&hellip;\n","protected":false},"author":2,"featured_media":123174,"comment_status":"","ping_status":"","sticky":false,"template":"","format":"standard","meta":{"footnotes":""},"categories":[14],"tags":[32,33,27,34,35,28,31,25,40,41,80,29,30,26,82,83,84],"class_list":{"0":"post-123173","1":"post","2":"type-post","3":"status-publish","4":"format-standard","5":"has-post-thumbnail","7":"category-swiat","8":"tag-breaking-news","9":"tag-breakingnews","10":"tag-headlines","11":"tag-latest-news","12":"tag-latestnews","13":"tag-naglowki","14":"tag-najwazniejsze-artykuly","15":"tag-news","16":"tag-polish","17":"tag-polski","18":"tag-swiat","19":"tag-top-stories","20":"tag-topstories","21":"tag-wiadomosci","22":"tag-world","23":"tag-world-news","24":"tag-worldnews"},"share_on_mastodon":{"url":"https:\/\/pubeurope.com\/@pl\/115628677973690122","error":""},"_links":{"self":[{"href":"https:\/\/www.europesays.com\/pl\/wp-json\/wp\/v2\/posts\/123173","targetHints":{"allow":["GET"]}}],"collection":[{"href":"https:\/\/www.europesays.com\/pl\/wp-json\/wp\/v2\/posts"}],"about":[{"href":"https:\/\/www.europesays.com\/pl\/wp-json\/wp\/v2\/types\/post"}],"author":[{"embeddable":true,"href":"https:\/\/www.europesays.com\/pl\/wp-json\/wp\/v2\/users\/2"}],"replies":[{"embeddable":true,"href":"https:\/\/www.europesays.com\/pl\/wp-json\/wp\/v2\/comments?post=123173"}],"version-history":[{"count":0,"href":"https:\/\/www.europesays.com\/pl\/wp-json\/wp\/v2\/posts\/123173\/revisions"}],"wp:featuredmedia":[{"embeddable":true,"href":"https:\/\/www.europesays.com\/pl\/wp-json\/wp\/v2\/media\/123174"}],"wp:attachment":[{"href":"https:\/\/www.europesays.com\/pl\/wp-json\/wp\/v2\/media?parent=123173"}],"wp:term":[{"taxonomy":"category","embeddable":true,"href":"https:\/\/www.europesays.com\/pl\/wp-json\/wp\/v2\/categories?post=123173"},{"taxonomy":"post_tag","embeddable":true,"href":"https:\/\/www.europesays.com\/pl\/wp-json\/wp\/v2\/tags?post=123173"}],"curies":[{"name":"wp","href":"https:\/\/api.w.org\/{rel}","templated":true}]}}