{"id":123177,"date":"2025-11-28T18:15:10","date_gmt":"2025-11-28T18:15:10","guid":{"rendered":"https:\/\/www.europesays.com\/pl\/123177\/"},"modified":"2025-11-28T18:15:10","modified_gmt":"2025-11-28T18:15:10","slug":"dymisja-andrija-jermaka-wolodymyr-zelenski-wskazal-nowego-negocjatora","status":"publish","type":"post","link":"https:\/\/www.europesays.com\/pl\/123177\/","title":{"rendered":"Dymisja Andrija Jermaka. Wo\u0142odymyr Ze\u0142enski wskaza\u0142 nowego negocjatora"},"content":{"rendered":"<p class=\"ods-c-paragraph \">Rol\u0119 g\u0142\u00f3wnego negocjatora w sprawie planu pokojowego dla Ukrainy po <a href=\"https:\/\/www.onet.pl\/informacje\/onetwiadomosci\/trzesienie-ziemi-w-ukrainskiej-polityce-andrij-jermak-podal-sie-do-dymisji\/13j17pw,79cfc278\" id=\"d8071959-c701-4499-9848-a12ad8ab82f0\" rel=\"nofollow noopener\" target=\"_blank\">pi\u0105tkowej dymisji szefa Biura Prezydenta Andrija Jermaka<\/a> przejmie Andriej Gnatow. Wo\u0142odymyr Ze\u0142enski poinformowa\u0142 w or\u0119dziu do narodu w mediach spo\u0142eczno\u015bciowych, \u017ce w negocjacjach b\u0119d\u0105 bra\u0107 udzia\u0142 tak\u017ce przedstawiciele MSZ i resortu wywiadu, a tak\u017ce sekretarz Rady Bezpiecze\u0144stwa Narodowego i Obrony Rustem Umerow.<\/p>\n<p class=\"ods-c-paragraph \">\u2014 Wkr\u00f3tce b\u0119d\u0105 rozmowy [ze stron\u0105 ameryka\u0144sk\u0105], nasi przedstawiciele b\u0119d\u0105 obecni. (&#8230;) Kiedy mamy takie wyzwanie zewn\u0119trzne w postaci wojny, musimy by\u0107 silni w \u015brodku \u2014 podkre\u015bli\u0142 prezydent Ukrainy.<\/p>\n<p>Dalszy ci\u0105g artyku\u0142u pod materia\u0142em wideo<\/p>\n<p> Dlaczego Andrij Jermak poda\u0142 si\u0119 do dymisji? <\/p>\n<p> Kto b\u0119dzie nowym negocjatorem w sprawie planu pokojowego? <\/p>\n<p> Jakie agencje przeprowadzi\u0142y przeszukanie w mieszkaniu Jermaka? <\/p>\n<p> Dlaczego odbywaj\u0105 si\u0119 rozmowy ze stron\u0105 ameryka\u0144sk\u0105? <\/p>\n<p>  Szef biura Wo\u0142odymyra Ze\u0142enskiego poda\u0142 si\u0119 dymisji<\/p>\n<p class=\"ods-c-paragraph \">\u2014 Dzi\u015b podj\u0119te zosta\u0142y kolejne decyzje wewn\u0119trzne. Po pierwsze, odb\u0119d\u0105 si\u0119 zmiany w Biurze Prezydenta Ukrainy. Szef Biura Andrij Jermak poda\u0142 si\u0119 do dymisji \u2014 <a href=\"https:\/\/www.onet.pl\/informacje\/onetwiadomosci\/trzesienie-ziemi-w-ukrainskiej-polityce-andrij-jermak-podal-sie-do-dymisji\/13j17pw,79cfc278\" id=\"c222dbb0-2194-47dd-ba78-8d02096a113e\" rel=\"nofollow noopener\" target=\"_blank\">poinformowa\u0142 wcze\u015bniej Wo\u0142odymyr Ze\u0142enski<\/a>.<\/p>\n<p class=\"ods-c-paragraph \">Prezydent Ukrainy podzi\u0119kowa\u0142 szefowi swojego biura za to, \u017ce &#8222;ukrai\u0144skie stanowisko w negocjacjach zawsze by\u0142o przedstawiane tak, jak powinno&#8221;. \u2014 Zawsze by\u0142o to stanowisko patriotyczne. Chc\u0119 jednak, \u017ceby nie by\u0142o plotek i spekulacji \u2014 stwierdzi\u0142 przyw\u00f3dca, odnosz\u0105c si\u0119 do tego, \u017ce <a href=\"https:\/\/wiadomosci.onet.pl\/swiat\/mocna-reakcja-na-przeszukanie-domu-andrija-jermaka-czarny-piatek\/j5s0rwy\" id=\"d8dc8142-85fe-4177-82e0-e77e6850ccc0\" rel=\"nofollow noopener\" target=\"_blank\">Jermak by\u0142 g\u0142\u00f3wnym negocjatorem w sprawie planu pokojowego<\/a>.<\/p>\n<p>NABU przeszuka\u0142o dom Andrija Jermaka<\/p>\n<p class=\"ods-c-paragraph \">W pi\u0105tek ukrai\u0144skie agencje antykorupcyjne \u2014 NABU oraz SAP (Specjalnej Prokuratury Antykorupcyjnej) przeprowadzi\u0142y przeszukanie w mieszkaniu Andrija Jermaka, najbli\u017cszego doradcy prezydenta Ukrainy. 54-latek to r\u00f3wnie\u017c przyjaciel Wo\u0142odymyra Ze\u0142enskiego jeszcze sprzed czas\u00f3w prezydentury i jest cz\u0119sto nazywany jego &#8222;praw\u0105 r\u0119k\u0105&#8221;.<\/p>\n<p class=\"ods-c-paragraph \">&#8222;Dzi\u015b NABU i SAP rzeczywi\u015bcie prowadz\u0105 czynno\u015bci procesowe w moim mieszkaniu. Nie ma \u017cadnych przeszk\u00f3d dla \u015bledczych. Otrzymali pe\u0142ny dost\u0119p do mieszkania, na miejscu s\u0105 moi adwokaci, kt\u00f3rzy wsp\u00f3\u0142pracuj\u0105 z funkcjonariuszami. Z mojej strony pe\u0142na gotowo\u015b\u0107 do wsp\u00f3\u0142pracy&#8221; \u2014 napisa\u0142 w pi\u0105tek Andrij Jermak na Telegramie.<\/p>\n<p class=\"ods-c-paragraph \">Przeszukania przeprowadzono w zwi\u0105zku z szeroko zakrojonym \u015bledztwem dotycz\u0105cym afery korupcyjnej w sektorze energetyki j\u0105drowej, w kt\u00f3rej wg. ustale\u0144 NABU, uczestnicy procederu mieli pobiera\u0107 \u0142ap\u00f3wki na poziomie 10-15 proc. warto\u015bci kontrakt\u00f3w.<\/p>\n<p class=\"ods-c-paragraph \">Udzia\u0142 Andrija Jermaka w skandalu korupcyjnym sugerowa\u0142 wcze\u015bniej opozycyjny deputowany Jaros\u0142aw \u017bele\u017aniak. Informowa\u0142, \u017ce na nagraniach zdobytych przez s\u0142u\u017cby pojawia si\u0119 osoba wyst\u0119puj\u0105ca pod pseudonimem &#8222;Ali Baba&#8221;. Istniej\u0105 podejrzenia, \u017ce chodzi o &#8222;AB&#8221; \u2014 Andrija Borysowicza. To imiona szefa kancelarii ukrai\u0144skiego prezydenta.<\/p>\n<p class=\"ods-c-paragraph \">&#8222;Ukrai\u0144ska Prawda&#8221; twierdzi\u0142a, \u017ce Andrij Jermak po ujawnieniu afery mia\u0142 poleci\u0107 podleg\u0142ym s\u0142u\u017cbom przygotowanie kompromituj\u0105cych materia\u0142\u00f3w na szefa Specjalnej Prokuratury Antykorupcyjnej O\u0142eksandra K\u0142ymenk\u0119.<\/p>\n","protected":false},"excerpt":{"rendered":"Rol\u0119 g\u0142\u00f3wnego negocjatora w sprawie planu pokojowego dla Ukrainy po pi\u0105tkowej dymisji szefa Biura Prezydenta Andrija Jermaka przejmie&hellip;\n","protected":false},"author":2,"featured_media":123178,"comment_status":"","ping_status":"","sticky":false,"template":"","format":"standard","meta":{"footnotes":""},"categories":[5],"tags":[13732,32,33,1707,36,37,27,34,35,28,31,48,25,46,42,38,40,39,41,47,80,29,30,415,26,309],"class_list":{"0":"post-123177","1":"post","2":"type-post","3":"status-publish","4":"format-standard","5":"has-post-thumbnail","7":"category-naglowki","8":"tag-andrij_jermak","9":"tag-breaking-news","10":"tag-breakingnews","11":"tag-dymisja","12":"tag-featured-news","13":"tag-featurednews","14":"tag-headlines","15":"tag-latest-news","16":"tag-latestnews","17":"tag-naglowki","18":"tag-najwazniejsze-artykuly","19":"tag-nat_styl","20":"tag-news","21":"tag-omp","22":"tag-pl","23":"tag-poland","24":"tag-polish","25":"tag-polska","26":"tag-polski","27":"tag-screening_general","28":"tag-swiat","29":"tag-top-stories","30":"tag-topstories","31":"tag-ukraina","32":"tag-wiadomosci","33":"tag-wolodymyr_zelenski"},"share_on_mastodon":{"url":"https:\/\/pubeurope.com\/@pl\/115628692243200588","error":""},"_links":{"self":[{"href":"https:\/\/www.europesays.com\/pl\/wp-json\/wp\/v2\/posts\/123177","targetHints":{"allow":["GET"]}}],"collection":[{"href":"https:\/\/www.europesays.com\/pl\/wp-json\/wp\/v2\/posts"}],"about":[{"href":"https:\/\/www.europesays.com\/pl\/wp-json\/wp\/v2\/types\/post"}],"author":[{"embeddable":true,"href":"https:\/\/www.europesays.com\/pl\/wp-json\/wp\/v2\/users\/2"}],"replies":[{"embeddable":true,"href":"https:\/\/www.europesays.com\/pl\/wp-json\/wp\/v2\/comments?post=123177"}],"version-history":[{"count":0,"href":"https:\/\/www.europesays.com\/pl\/wp-json\/wp\/v2\/posts\/123177\/revisions"}],"wp:featuredmedia":[{"embeddable":true,"href":"https:\/\/www.europesays.com\/pl\/wp-json\/wp\/v2\/media\/123178"}],"wp:attachment":[{"href":"https:\/\/www.europesays.com\/pl\/wp-json\/wp\/v2\/media?parent=123177"}],"wp:term":[{"taxonomy":"category","embeddable":true,"href":"https:\/\/www.europesays.com\/pl\/wp-json\/wp\/v2\/categories?post=123177"},{"taxonomy":"post_tag","embeddable":true,"href":"https:\/\/www.europesays.com\/pl\/wp-json\/wp\/v2\/tags?post=123177"}],"curies":[{"name":"wp","href":"https:\/\/api.w.org\/{rel}","templated":true}]}}