{"id":123185,"date":"2025-11-28T18:21:09","date_gmt":"2025-11-28T18:21:09","guid":{"rendered":"https:\/\/www.europesays.com\/pl\/123185\/"},"modified":"2025-11-28T18:21:09","modified_gmt":"2025-11-28T18:21:09","slug":"wyrok-w-sprawie-wycieku-nagrania-z-prezydent-gdanska-final-glosnej-sprawy","status":"publish","type":"post","link":"https:\/\/www.europesays.com\/pl\/123185\/","title":{"rendered":"Wyrok w sprawie wycieku nagrania z prezydent Gda\u0144ska. Fina\u0142 g\u0142o\u015bnej sprawy"},"content":{"rendered":"<p class=\"ods-c-paragraph \">Pochodz\u0105ce z kamer sklepowego monitoringu nagranie przedstawia\u0142o Aleksandr\u0119 Dulkiewicz podczas wieczornych zakup\u00f3w w jednym ze sklep\u00f3w sieci Biedronka. W materiale wida\u0107, jak prezydent Gda\u0144ska kupuje alkohol oraz dwie butelki coli, a towarzyszy jej asystent Micha\u0142 Wlaz\u0142o oraz trzech ochroniarzy. Wed\u0142ug Dulkiewicz publikacja wideo <a href=\"https:\/\/wiadomosci.onet.pl\/kraj\/aleksandra-dulkiewicz-pozywa-biedronke-w-tle-glosne-nagranie\/cvw0kt7\" id=\"2d9417d8-7fef-475a-b68f-ef737642cc0f\" rel=\"nofollow noopener\" target=\"_blank\">mia\u0142a powa\u017cne konsekwencje dla jej wizerunku<\/a> i wp\u0142yn\u0119\u0142a na jej \u017cycie prywatne oraz publiczne.<\/p>\n<p>Dalszy ci\u0105g artyku\u0142u pod materia\u0142em wideo<\/p>\n<p> Kto odpowiada za wyciek nagrania z Dulkiewicz? <\/p>\n<p> Ile musi zap\u0142aci\u0107 agencja ochroniarska? <\/p>\n<p> Na jakiej stronie pojawi\u0105 si\u0119 przeprosiny? <\/p>\n<p> Jakie konsekwencje mia\u0142a publikacja nagrania dla Dulkiewicz? <\/p>\n<p>  Za wyciek wideo odpowiada firma ochroniarska<\/p>\n<p class=\"ods-c-paragraph \">W pi\u0105tek S\u0105d Okr\u0119gowy w Gda\u0144sku orzek\u0142, \u017ce za wyciek nagrania nie odpowiada w\u0142a\u015bciciel sieci Biedronka, czyli koncern Jeronimo Martins, a agencja ochrony. Firma zosta\u0142a zobowi\u0105zana do przeprosin prezydent Dulkiewicz oraz jej wsp\u00f3\u0142pracownika Micha\u0142a Wlaz\u0142o. Przeprosiny maj\u0105 zosta\u0107 opublikowane na jednej z trzech pierwszych stron &#8222;Gazety Wyborczej&#8221; i &#8222;Rzeczpospolitej&#8221; \u2014 podaje TVN24.<\/p>\n<p class=\"ods-c-paragraph \">Ponadto agencja musi zap\u0142aci\u0107 10 tys. z\u0142 z odsetkami na rzecz Fundacji Wsp\u00f3lnoty Burego Misia, kt\u00f3ra zajmuje si\u0119 udzielaniem schronienia, opieki i rehabilitacji osobom z niepe\u0142nosprawno\u015bci\u0105 intelektualn\u0105 i ruchow\u0105. Dodatkowo po 5 tys. z\u0142 z odsetkami zosta\u0142o zas\u0105dzone dla Dulkiewicz i jej asystenta. Wyrok nie jest prawomocny.<\/p>\n<p>Nagranie z Aleksandr\u0105 Dulkiewicz. Broni\u0142 jej Andrzej Duda   <\/p>\n<p class=\"ods-c-paragraph \">Nagranie zakup\u00f3w Dulkiewicz ze sklepu trafi\u0142o do dziennikarza portalu trojmiasto.pl. &#8222;Pracownik sklepu poprosi\u0142 pracownika ochrony o zgranie na telefon kom\u00f3rkowy materia\u0142u&#8221; \u2014 zeznawa\u0142 na jednej z wcze\u015bniejszych rozpraw 46-letni kierownik sprzeda\u017cy w Biedronce, cytowany przez gazet\u0119 &#8222;Dziennik Ba\u0142tycki&#8221;.<\/p>\n<p class=\"ods-c-paragraph \">Film wywo\u0142a\u0142 kontrowersje w mediach spo\u0142eczno\u015bciowych. Internauci krytykowali Aleksandr\u0119 Dulkiewicz za zakupy. W obronie gda\u0144skiej polityczki stan\u0105\u0142 \u00f3wczesny prezydent Andrzej Duda. &#8222;Nie widz\u0119 tu \u017cadnego problemu. To prywatna sprawa, nie urz\u0119dowa. Dajcie spok\u00f3j!&#8221; \u2014 napisa\u0142 na swoim profilu na portalu Twitter (obecnie X).<\/p>\n","protected":false},"excerpt":{"rendered":"Pochodz\u0105ce z kamer sklepowego monitoringu nagranie przedstawia\u0142o Aleksandr\u0119 Dulkiewicz podczas wieczornych zakup\u00f3w w jednym ze sklep\u00f3w sieci Biedronka.&hellip;\n","protected":false},"author":2,"featured_media":123186,"comment_status":"","ping_status":"","sticky":false,"template":"","format":"standard","meta":{"footnotes":""},"categories":[12],"tags":[18625,906,1528,32,33,36,37,27,26295,49,34,35,28,31,48,25,46,42,38,40,39,41,47,29,30,26],"class_list":{"0":"post-123185","1":"post","2":"type-post","3":"status-publish","4":"format-standard","5":"has-post-thumbnail","7":"category-polska","8":"tag-aleksandra_dulkiewicz","9":"tag-alkohol","10":"tag-biedronka","11":"tag-breaking-news","12":"tag-breakingnews","13":"tag-featured-news","14":"tag-featurednews","15":"tag-headlines","16":"tag-jeronimo_martins","17":"tag-kraj","18":"tag-latest-news","19":"tag-latestnews","20":"tag-naglowki","21":"tag-najwazniejsze-artykuly","22":"tag-nat_styl","23":"tag-news","24":"tag-omp","25":"tag-pl","26":"tag-poland","27":"tag-polish","28":"tag-polska","29":"tag-polski","30":"tag-screening_general","31":"tag-top-stories","32":"tag-topstories","33":"tag-wiadomosci"},"share_on_mastodon":{"url":"https:\/\/pubeurope.com\/@pl\/115628715764422732","error":""},"_links":{"self":[{"href":"https:\/\/www.europesays.com\/pl\/wp-json\/wp\/v2\/posts\/123185","targetHints":{"allow":["GET"]}}],"collection":[{"href":"https:\/\/www.europesays.com\/pl\/wp-json\/wp\/v2\/posts"}],"about":[{"href":"https:\/\/www.europesays.com\/pl\/wp-json\/wp\/v2\/types\/post"}],"author":[{"embeddable":true,"href":"https:\/\/www.europesays.com\/pl\/wp-json\/wp\/v2\/users\/2"}],"replies":[{"embeddable":true,"href":"https:\/\/www.europesays.com\/pl\/wp-json\/wp\/v2\/comments?post=123185"}],"version-history":[{"count":0,"href":"https:\/\/www.europesays.com\/pl\/wp-json\/wp\/v2\/posts\/123185\/revisions"}],"wp:featuredmedia":[{"embeddable":true,"href":"https:\/\/www.europesays.com\/pl\/wp-json\/wp\/v2\/media\/123186"}],"wp:attachment":[{"href":"https:\/\/www.europesays.com\/pl\/wp-json\/wp\/v2\/media?parent=123185"}],"wp:term":[{"taxonomy":"category","embeddable":true,"href":"https:\/\/www.europesays.com\/pl\/wp-json\/wp\/v2\/categories?post=123185"},{"taxonomy":"post_tag","embeddable":true,"href":"https:\/\/www.europesays.com\/pl\/wp-json\/wp\/v2\/tags?post=123185"}],"curies":[{"name":"wp","href":"https:\/\/api.w.org\/{rel}","templated":true}]}}