{"id":123187,"date":"2025-11-28T18:23:09","date_gmt":"2025-11-28T18:23:09","guid":{"rendered":"https:\/\/www.europesays.com\/pl\/123187\/"},"modified":"2025-11-28T18:23:09","modified_gmt":"2025-11-28T18:23:09","slug":"polska-chiny-w-ms-w-pilce-recznej-kobiet-2025-relacja-na-zywo-sport-w-interia-pl","status":"publish","type":"post","link":"https:\/\/www.europesays.com\/pl\/123187\/","title":{"rendered":"Polska &#8211; Chiny w M\u015a w pi\u0142ce r\u0119cznej kobiet 2025. Relacja na \u017cywo &#8211; Sport w INTERIA.PL"},"content":{"rendered":"<ol>\n<li><a href=\"https:\/\/news.google.com\/rss\/articles\/CBMi0wFBVV95cUxNVVV4cEJfMmZTN01JYjdnYlRIUHhwMU9GR0huTW4xZEhoZjhkcXh4dlptX041TGdrdDExbEYtR2prY3N1aGtCUzhNb0tUNEN5dU5MOTdtRW1GWDdmUGdvZ3psdmJGd1Rtck9vUkZzUWREdXg4NVdkQW5Yb3J0YjA2VEdGejJVWE5CMzZqblVKREUyRTh5NmtXX2U4MUVqTE1TS0trVVFORzJrSl9jNklyV3NabE1PaU5ySkg1RXZQUlR6d295b2FyWXY0c1J0S09VeElj?oc=5\" target=\"_blank\" rel=\"nofollow noopener\">Polska &#8211; Chiny w M\u015a w pi\u0142ce r\u0119cznej kobiet 2025. Relacja na \u017cywo<\/a>&nbsp;&nbsp;Sport w INTERIA.PL<\/li>\n<li><a href=\"https:\/\/news.google.com\/rss\/articles\/CBMitwFBVV95cUxQbXNROGRtdkFaVnJkWHpOek5rV0RLMlFNaExzY09fb3NWdHlObnJQQ3hxRGlHd3k3N2ZRWU5yU09uTlFPLTlOSVozUWhMdFlMRXc2cEtPb0Y0cVRQRi0wSE1hZ01pSUNVeE92MEpmYW9RQ3FHcFJtSThKaElyQ0RyQ0dXd244M3JnRW5xYmpFR1FmaHFNSWdfT0dmRGNIYUpBQ2E2VzFKbV9ORTRQbk9xNVJ2UzY4VlU?oc=5\" target=\"_blank\" rel=\"nofollow noopener\">M\u015a pi\u0142karek r\u0119cznych: Polska &#8211; Chiny [RELACJA NA \u017bYWO]<\/a>&nbsp;&nbsp;Przegl\u0105d Sportowy Onet<\/li>\n<li><a href=\"https:\/\/news.google.com\/rss\/articles\/CBMiREFVX3lxTE5qcW5PbVVzemI0SnpFdkxjbnNoWmp2N2tLekZ3Y05ONURHbmxvYm9aRm1TcVVfYVluR2lURmhQcllpUXJu?oc=5\" target=\"_blank\" rel=\"nofollow noopener\">Bia\u0142o-Czerwone rozpoczynaj\u0105 mistrzostwa \u015bwiata! Chiny pierwszym rywalem<\/a>&nbsp;&nbsp;Zwi\u0105zek Pi\u0142ki R\u0119cznej w Polsce<\/li>\n<li><a href=\"https:\/\/news.google.com\/rss\/articles\/CBMiuAFBVV95cUxONXJFeEdVMVJrX0Y5NEFvSDdWcWFLZjhJWVRnRjBhQWt4eklSaU1DemFJVzdEenVyNjQ2ajRxUURGd2s2ZkYxM05TQ3FGRmdXT1NxSWotd2ZoRmlXR21OVFVzQzA4TDNiYW9Sb0oxZV85dm1iUFJCVmFBM1dIaDdkZVI4eVU0SElSOFNGU043dEJDWV9WdTB4T3poWGV3SHJGQ3dCeHM0bFBFR2gtTFlYdlNYWnJTYW5z?oc=5\" target=\"_blank\" rel=\"nofollow noopener\">Polska &#8211; Chiny. Gdzie ogl\u0105da\u0107 mecz M\u015a w pi\u0142ce r\u0119cznej? O kt\u00f3rej pocz\u0105tek?<\/a>&nbsp;&nbsp;SportoweFakty<\/li>\n<li><a href=\"https:\/\/news.google.com\/rss\/articles\/CBMisAFBVV95cUxQNVJpLTNoZWVTbXpzZ0hkUjEwX2w0TGg5TWw0bUZkZU5EdHFVMEpTcU5sMV9YQW9XVXVfdTk5MlFkc2xOTExyRHdOd1ZNbS12RURaSkJ6ZzBPQ3VYX0xiM3BNaWk0RmczLUV0RmFDS0JWRjdEb3Z6NEZkbEpsNVYwMHdIV0pDcGZ2a2RuOWpXdUdJMF9ZVjhDUGpMZHA0YkVJcG5pdlR1SnVkbWdhY19nQdIBtgFBVV95cUxQZEJhalBHMlRsUV9CSGxaN2ZSWVd4dzNXbjJ1b1kzcHhWQlUwc2N6NGFLT25BMXlYNGtEdTdPemlyYXZaazJjbE1pYWNQM1ZncWhoLThndnRFNkRqTktvbGpYRlh5UDVYVjY2UkdyeVhmMWJDOGJZUU9UNEUyNUFJczNWdmFZMGY3RlF5YXVRcE5iZC1WcHpGRHVhWXh4eUw0anlXQWctdXVJcC05YXNVSFFuZ1d5QQ?oc=5\" target=\"_blank\" rel=\"nofollow noopener\">Arne Senstad przed pierwszym meczem na M\u015a kobiet: jeste\u015bmy faworytami [WIDEO]<\/a>&nbsp;&nbsp;sport.tvp.pl<\/li>\n<\/ol>\n","protected":false},"excerpt":{"rendered":"Polska &#8211; Chiny w M\u015a w pi\u0142ce r\u0119cznej kobiet 2025. Relacja na \u017cywo&nbsp;&nbsp;Sport w INTERIA.PL M\u015a pi\u0142karek r\u0119cznych:&hellip;\n","protected":false},"author":2,"featured_media":123188,"comment_status":"","ping_status":"","sticky":false,"template":"","format":"standard","meta":{"footnotes":""},"categories":[24],"tags":[42,38,40,39,41,127,126],"class_list":{"0":"post-123187","1":"post","2":"type-post","3":"status-publish","4":"format-standard","5":"has-post-thumbnail","7":"category-sport","8":"tag-pl","9":"tag-poland","10":"tag-polish","11":"tag-polska","12":"tag-polski","13":"tag-sport","14":"tag-sports"},"share_on_mastodon":{"url":"https:\/\/pubeurope.com\/@pl\/115628723603623149","error":""},"_links":{"self":[{"href":"https:\/\/www.europesays.com\/pl\/wp-json\/wp\/v2\/posts\/123187","targetHints":{"allow":["GET"]}}],"collection":[{"href":"https:\/\/www.europesays.com\/pl\/wp-json\/wp\/v2\/posts"}],"about":[{"href":"https:\/\/www.europesays.com\/pl\/wp-json\/wp\/v2\/types\/post"}],"author":[{"embeddable":true,"href":"https:\/\/www.europesays.com\/pl\/wp-json\/wp\/v2\/users\/2"}],"replies":[{"embeddable":true,"href":"https:\/\/www.europesays.com\/pl\/wp-json\/wp\/v2\/comments?post=123187"}],"version-history":[{"count":0,"href":"https:\/\/www.europesays.com\/pl\/wp-json\/wp\/v2\/posts\/123187\/revisions"}],"wp:featuredmedia":[{"embeddable":true,"href":"https:\/\/www.europesays.com\/pl\/wp-json\/wp\/v2\/media\/123188"}],"wp:attachment":[{"href":"https:\/\/www.europesays.com\/pl\/wp-json\/wp\/v2\/media?parent=123187"}],"wp:term":[{"taxonomy":"category","embeddable":true,"href":"https:\/\/www.europesays.com\/pl\/wp-json\/wp\/v2\/categories?post=123187"},{"taxonomy":"post_tag","embeddable":true,"href":"https:\/\/www.europesays.com\/pl\/wp-json\/wp\/v2\/tags?post=123187"}],"curies":[{"name":"wp","href":"https:\/\/api.w.org\/{rel}","templated":true}]}}