{"id":123193,"date":"2025-11-28T18:29:14","date_gmt":"2025-11-28T18:29:14","guid":{"rendered":"https:\/\/www.europesays.com\/pl\/123193\/"},"modified":"2025-11-28T18:29:14","modified_gmt":"2025-11-28T18:29:14","slug":"dywersja-na-kolei-list-gonczy-za-ukraincami-policja-opublikowala-wizerunki","status":"publish","type":"post","link":"https:\/\/www.europesays.com\/pl\/123193\/","title":{"rendered":"Dywersja na kolei. List go\u0144czy za Ukrai\u0144cami. Policja opublikowa\u0142a wizerunki"},"content":{"rendered":"<p>Rzecznik prasowy Prokuratury Krajowej Przemys\u0142aw Nowak przekaza\u0142 w pi\u0105tek przed po\u0142udniem, \u017ce &#8222;<a href=\"https:\/\/www.polsatnews.pl\/wiadomosc\/2025-11-28\/dywersja-na-kolei-prokuratura-krajowa-wystawila-listy-goncze\/\" rel=\"nofollow noopener\" target=\"_blank\">prokurator wszcz\u0105\u0142 poszukiwania listem go\u0144czym za 41-letnim Jewhenijem Iwanowem i 39-letnim O\u0142eksandrem Kononowem<\/a>, obywatelami Ukrainy podejrzanymi o akty dywersji na kolei&#8221;.<\/p>\n<p>Policja opublikowa\u0142a ich wizerunki podejrzanych<\/p>\n<p>Poszukiwania realizuje Komenda Sto\u0142eczna Policji, kt\u00f3ra opublikowa\u0142a wizerunki podejrzanych. Poza udost\u0119pnieniem ich zdj\u0119\u0107 w komunikacie przekazano, \u017ce O\u0142eksandr Kononow urodzi\u0142 si\u0119 9 wrze\u015bnia 1986 roku na Ukrainie, a Jewhenij Iwanow 13 wrze\u015bnia 1984 roku w Estonii.\u00a0<\/p>\n<p>\u00a0<\/p>\n<p>Obaj poszukiwani s\u0105, jako osoby podejrzane o &#8222;szpiegostwo oraz dopuszczenie si\u0119 przest\u0119pstwa o charakterze terrorystycznym&#8221;.<\/p>\n<p>\u00a0<\/p>\n<blockquote class=\"twitter-tweet\"><p>&#13;<\/p>\n<p dir=\"ltr\" lang=\"pl\">\ud83d\udea8 Policja poszukuje \u015bciganych listami go\u0144czymi wydanymi przez Mazowiecki Wydzia\u0142 Zamiejscowy Departamentu ds. Przest\u0119pczo\u015bci Zorganizowanej i Korupcji Prokuratury Krajowej w Warszawie w zwi\u0105zku z podejrzeniem szpiegostwa i dopuszczenia si\u0119 przest\u0119pstwa o charakterze\u2026 <a href=\"https:\/\/t.co\/LsDjnVPPq8\" rel=\"nofollow\">pic.twitter.com\/LsDjnVPPq8<\/a><\/p>\n<p>&#13;<br \/>\n\u2014 Policja Warszawa (@Policja_KSP) <a href=\"https:\/\/twitter.com\/Policja_KSP\/status\/1994385998122258850?ref_src=twsrc%5Etfw\" rel=\"nofollow noopener\" target=\"_blank\">November 28, 2025<\/a><\/p><\/blockquote>\n<p>\u00a0<\/p>\n<p>&#8222;Osoby posiadaj\u0105ce jakiekolwiek informacje o miejscu pobytu poszukiwanego, proszone s\u0105 o kontakt telefoniczny z funkcjonariuszami Komendy Sto\u0142ecznej Policji pod nr tel. 47 72 376 57, numerem alarmowym 112 lub kontakt mailowy: kancelaria.poszukiwania@ksp.policja.gov.pl&#8221; &#8211; czytamy.\u00a0<\/p>\n<p>\u00a0<\/p>\n<p>Z ustale\u0144 wynika, \u017ce obaj mieli dzia\u0142a\u0107 na zlecenie wywiadu Federacji Rosyjskiej. Grozi im do\u017cywocie.\u00a0<\/p>\n<p>Dywersja na kolei. Trwa operacja &#8222;Horyzont&#8221;<\/p>\n<p>Do akt\u00f3w dywersji na kolei dosz\u0142o w dniach 15-16 listopada na trasie Warszawa &#8211; Dorohusk. W miejscowo\u015bci Mika (woj. mazowieckie, pow. garwoli\u0144ski) eksplozja \u0142adunku wybuchowego zniszczy\u0142a tor kolejowy. W innym miejscu, niedaleko stacji kolejowej Go\u0142\u0105b (pow. pu\u0142awski, woj. lubelskie), poci\u0105g z 475 pasa\u017cerami musia\u0142 nagle hamowa\u0107 z powodu uszkodzonej linii kolejowej.<\/p>\n<p>\u00a0<\/p>\n<p>W celu zwi\u0119kszenia bezpiecze\u0144stwa linii kolejowych i w\u0119z\u0142\u00f3w komunikacyjnych, na polskiej kolei ruszy\u0142a operacja &#8222;Horyzont&#8221;, w kt\u00f3r\u0105 zaanga\u017cowano ok. 10 tys. \u017co\u0142nierzy z r\u00f3\u017cnych rodzaj\u00f3w wojsk &#8211; w tym Wojsk Obrony Terytorialnej, Wojsk Specjalnych, Wojsk Obrony Cyberprzestrzeni, a tak\u017ce wojsk in\u017cynieryjnych czy dronowych.<\/p>\n<p>\u00a0<\/p>\n<p>ZOBACZ: <a href=\"https:\/\/www.polsatnews.pl\/wiadomosc\/2025-11-20\/operacja-horyzont-prezydent-podpisal-postanowienie\/\" rel=\"nofollow noopener\" target=\"_blank\">Operacja &#8222;Horyzont&#8221;. Prezydent podpisa\u0142 postanowienie<\/a><\/p>\n<p>\u00a0<\/p>\n<p>Opr\u00f3cz operacji &#8222;Horyzont&#8221; wszcz\u0119to r\u00f3wnie\u017c akcj\u0119 policyjn\u0105 pod kryptonimem &#8222;Tor&#8221;. Okoliczno\u015bci incydent\u00f3w na kolei we wsp\u00f3\u0142pracy ze \u015bledczymi ustala Pa\u0144stwowa Komisja Badania Wypadk\u00f3w Kolejowych.<\/p>\n<p>\u00a0<\/p>\n<p>Widzia\u0142e\u015b co\u015b wa\u017cnego? Przy\u015blij zdj\u0119cie, film lub napisz, co si\u0119 sta\u0142o. Skorzystaj z naszej <a href=\"https:\/\/www.polsatnews.pl\/platforma-widzow\/\" target=\"_blank\" rel=\"noopener noreferrer nofollow\">Wrzutni<\/a><\/p>\n<p>                <img decoding=\"async\" src=\"https:\/\/www.europesays.com\/pl\/wp-content\/uploads\/2025\/11\/ipur8p28mb942fh91bz14kxtx9sih478.jpg\" alt=\"\" itemprop=\"contentUrl\" style=\"position:absolute; width: 100%; max-height: 100%;\"\/><video controls=\"\" controlslist=\"nodownload\" poster=\"https:\/\/www.europesays.com\/pl\/wp-content\/uploads\/2025\/11\/ipur8p28mb942fh91bz14kxtx9sih478.jpg\" class=\"videoPlayer player6855133 news__video\" data-id=\"6855133\">Twoja przegl\u0105darka nie wspiera odtwarzacza wideo&#8230;<\/video><\/p>\n<p>                <a class=\"news__read-more-button\" href=\"https:\/\/www.polsatnews.pl\/\" rel=\"nofollow noopener\" target=\"_blank\">Czytaj wi\u0119cej<\/a><br \/>\n\t\t\t<script async src=\"https:\/\/platform.twitter.com\/widgets.js\" charset=\"utf-8\"><\/script><\/p>\n","protected":false},"excerpt":{"rendered":"Rzecznik prasowy Prokuratury Krajowej Przemys\u0142aw Nowak przekaza\u0142 w pi\u0105tek przed po\u0142udniem, \u017ce &#8222;prokurator wszcz\u0105\u0142 poszukiwania listem go\u0144czym za&hellip;\n","protected":false},"author":2,"featured_media":123194,"comment_status":"","ping_status":"","sticky":false,"template":"","format":"standard","meta":{"footnotes":""},"categories":[5],"tags":[32,33,36,37,27,34,35,28,31,25,42,38,40,39,41,29,30,26],"class_list":{"0":"post-123193","1":"post","2":"type-post","3":"status-publish","4":"format-standard","5":"has-post-thumbnail","7":"category-naglowki","8":"tag-breaking-news","9":"tag-breakingnews","10":"tag-featured-news","11":"tag-featurednews","12":"tag-headlines","13":"tag-latest-news","14":"tag-latestnews","15":"tag-naglowki","16":"tag-najwazniejsze-artykuly","17":"tag-news","18":"tag-pl","19":"tag-poland","20":"tag-polish","21":"tag-polska","22":"tag-polski","23":"tag-top-stories","24":"tag-topstories","25":"tag-wiadomosci"},"share_on_mastodon":{"url":"https:\/\/pubeurope.com\/@pl\/115628747777205216","error":""},"_links":{"self":[{"href":"https:\/\/www.europesays.com\/pl\/wp-json\/wp\/v2\/posts\/123193","targetHints":{"allow":["GET"]}}],"collection":[{"href":"https:\/\/www.europesays.com\/pl\/wp-json\/wp\/v2\/posts"}],"about":[{"href":"https:\/\/www.europesays.com\/pl\/wp-json\/wp\/v2\/types\/post"}],"author":[{"embeddable":true,"href":"https:\/\/www.europesays.com\/pl\/wp-json\/wp\/v2\/users\/2"}],"replies":[{"embeddable":true,"href":"https:\/\/www.europesays.com\/pl\/wp-json\/wp\/v2\/comments?post=123193"}],"version-history":[{"count":0,"href":"https:\/\/www.europesays.com\/pl\/wp-json\/wp\/v2\/posts\/123193\/revisions"}],"wp:featuredmedia":[{"embeddable":true,"href":"https:\/\/www.europesays.com\/pl\/wp-json\/wp\/v2\/media\/123194"}],"wp:attachment":[{"href":"https:\/\/www.europesays.com\/pl\/wp-json\/wp\/v2\/media?parent=123193"}],"wp:term":[{"taxonomy":"category","embeddable":true,"href":"https:\/\/www.europesays.com\/pl\/wp-json\/wp\/v2\/categories?post=123193"},{"taxonomy":"post_tag","embeddable":true,"href":"https:\/\/www.europesays.com\/pl\/wp-json\/wp\/v2\/tags?post=123193"}],"curies":[{"name":"wp","href":"https:\/\/api.w.org\/{rel}","templated":true}]}}