{"id":123195,"date":"2025-11-28T18:30:09","date_gmt":"2025-11-28T18:30:09","guid":{"rendered":"https:\/\/www.europesays.com\/pl\/123195\/"},"modified":"2025-11-28T18:30:09","modified_gmt":"2025-11-28T18:30:09","slug":"wybuchnie-afera-z-moich-obliczen-jest-600-tys-zl-do-zwrotu","status":"publish","type":"post","link":"https:\/\/www.europesays.com\/pl\/123195\/","title":{"rendered":"Wybuchnie afera? &#8222;Z moich oblicze\u0144 jest 600 tys. z\u0142 do zwrotu&#8221;"},"content":{"rendered":"\n<p class=\"contentpart contentpart--default contentpart--text\" data-position=\"0\">27 listopada przekazano informacj\u0119, \u017ce <a href=\"https:\/\/sportowefakty.wp.pl\/zuzel\/patryk-broszko\" rel=\"nofollow noopener\" target=\"_blank\">Patryk Broszko<\/a>\u00a0zosta\u0142 odwo\u0142any z funkcji dyrektora <a href=\"https:\/\/sportowefakty.wp.pl\/zuzel\/gezet-stal-gorzow\" rel=\"nofollow noopener\" target=\"_blank\">Gezet Stali Gorz\u00f3w<\/a>, a sam z\u0142o\u017cy\u0142 rezygnacj\u0119 z funkcji wiceprezesa klubu. Oficjalnych powod\u00f3w rozstania nie podano.<\/p>\n<p class=\"contentpart contentpart--default contentpart--text\" data-position=\"1\">&#8211; Oficjalnie nie wiem, dlaczego si\u0119 ze mn\u0105 rozstano. Nieoficjalnie wiem, \u017ce niekt\u00f3rym osobom w klubie przeszkadza\u0142a moja medialno\u015b\u0107. Po drugie to element rozgrywki politycznej. Moja g\u0142owa zosta\u0142a obiecana niekt\u00f3rym politykom w Gorzowie. Kiedy do\u0142\u0105czy\u0142em do Stali Gorz\u00f3w jako cz\u0142owiek od pana prezydenta, robiono wszystko, \u017ceby ta praca nie by\u0142a p\u0142ynna &#8211; t\u0142umaczy nam Patryk Broszko. Rozmowa dost\u0119pna jest w serwisie YouTube WP SportoweFakty.<\/p>\n<p> <img role=\"presentation\" src=\"https:\/\/std.wpcdn.pl\/images\/adv\/placeholder_wp.svg\" loading=\"lazy\" alt=\"\" decoding=\"async\"\/>  <\/p>\n<p class=\"contentpart contentpart--default contentpart--text\" data-position=\"2\">ZOBACZ WIDEO: Pedersen m\u00f3wi wprost. To przez niego do ko\u0144ca \u017cycie nie b\u0119dzie m\u00f3g\u0142 normalnie chodzi\u0107<\/p>\n<p class=\"contentpart contentpart--default contentpart--text\" data-position=\"4\">Na poniedzia\u0142ek, 1 grudnia Patryk Broszko chcia\u0142 zwo\u0142a\u0107 konferencj\u0119 prasow\u0105, podczas kt\u00f3rej mia\u0142 przedstawi\u0107 wnioski p\u0142yn\u0105ce z analizy dokument\u00f3w Stali dokonanej przez kancelari\u0119 prawn\u0105. Konferencja zosta\u0142a zablokowana. Gdyby pozwolono na dalsze dzia\u0142ania Patryka Broszki, prawdopodobnie zako\u0144czy\u0142yby si\u0119 zawiadomieniem organ\u00f3w \u015bcigania o podejrzeniu pope\u0142nienia przest\u0119pstwa.<\/p>\n<p class=\"contentpart contentpart--default contentpart--text\" data-position=\"5\">&#8211; Wszelkie moje dzia\u0142ania w ramach dzia\u0142alno\u015bci klubu mia\u0142y by\u0107 zablokowane. Z w\u0142asnej kieszeni zap\u0142aci\u0142em jednej kancelarii, aby dokona\u0142a analizy dokument\u00f3w. Nie mia\u0142em mo\u017cliwo\u015bci zaprezentowania tego i nie zamierzam po tym, jak mnie potraktowano, nikogo wyr\u0119cza\u0107 z zarz\u0105du w tej kwestii. By\u0107 mo\u017ce kto\u015b z\u0142o\u017cy do prokuratury zawiadomienie o podejrzeniu pope\u0142nienia przest\u0119pstwa przez poprzednik\u00f3w. Trzeba si\u0119 te\u017c przyjrze\u0107 rozliczeniom dotacji miejskich. Z moich wylicze\u0144 do zwrotu powinno by\u0107 oko\u0142o 600 tysi\u0119cy z\u0142otych. Cz\u0119\u015b\u0107 kontroli jest jeszcze w toku. To r\u00f3wnie\u017c nadaje si\u0119 na przedmiot badania przez organ prokuratury &#8211; t\u0142umaczy Broszko.<\/p>\n<p> <img role=\"presentation\" src=\"https:\/\/std.wpcdn.pl\/images\/adv\/placeholder_wp.svg\" loading=\"lazy\" alt=\"\" decoding=\"async\"\/>  <\/p>\n<p class=\"contentpart contentpart--default contentpart--text\" data-position=\"6\">Broszko m\u00f3g\u0142 sam z\u0142o\u017cy\u0107 zawiadomienie do odpowiednich organ\u00f3w, ale jak t\u0142umaczy, nie dzia\u0142a\u0142 sam, a w zespole. Teraz jednak nie ma zamiaru wyr\u0119cza\u0107 pozosta\u0142ych w\u0142odarzy. Broszko wbi\u0142 tak\u017ce szpilk\u0119 w obecnego prezesa klubu, <a href=\"https:\/\/sportowefakty.wp.pl\/zuzel\/dariusz-wrobel\" rel=\"nofollow noopener\" target=\"_blank\">Dariusza Wr\u00f3bla<\/a>.<\/p>\n<p class=\"contentpart contentpart--default contentpart--text\" data-position=\"7\">&#8211; Kto\u015b zablokowa\u0142 mo\u017cliwo\u015b\u0107 przekazania moich uwag co do tego, nad czym pracowali\u015bmy. W takiej sytuacji nie b\u0119d\u0119 wyr\u0119cza\u0142 ludzi z pracy. Ja ju\u017c za du\u017co po\u015bwi\u0119ci\u0142em Stali, nadstawia\u0142em g\u0142ow\u0119. Nie b\u0119d\u0119 wyr\u0119cza\u0142 ludzi z kolejnych czynno\u015bci. Nie wszystkie osoby by\u0142y tym zainteresowane. Zreszt\u0105 pan Wr\u00f3bel powiedzia\u0142 w jednym z wywiad\u00f3w, \u017ce niegospodarno\u015b\u0107 to nie do ko\u0144ca przest\u0119pstwo. Je\u015bli tak rozmawiamy, to nie jest to m\u00f3j poziom rozmowy &#8211; ko\u0144czy Broszko.<\/p>\n<p class=\"contentpart contentpart--default contentpart--text\" data-position=\"8\">ZOBACZ WIDEO:\u00a0Po\u017car w Stali Gorz\u00f3w i nieoczekiwane rozstanie. Broszko wyja\u015bnia sytuacj\u0119<\/p>\n","protected":false},"excerpt":{"rendered":"27 listopada przekazano informacj\u0119, \u017ce Patryk Broszko\u00a0zosta\u0142 odwo\u0142any z funkcji dyrektora Gezet Stali Gorz\u00f3w, a sam z\u0142o\u017cy\u0142 rezygnacj\u0119&hellip;\n","protected":false},"author":2,"featured_media":123196,"comment_status":"","ping_status":"","sticky":false,"template":"","format":"standard","meta":{"footnotes":""},"categories":[24],"tags":[3117,1325,1333,8928,1334,42,38,40,39,41,127,126,174],"class_list":{"0":"post-123195","1":"post","2":"type-post","3":"status-publish","4":"format-standard","5":"has-post-thumbnail","7":"category-sport","8":"tag-dariusz-wrobel","9":"tag-gezet-stal-gorzow","10":"tag-gorzow-wielkopolski","11":"tag-patryk-broszko","12":"tag-pge-ekstraliga","13":"tag-pl","14":"tag-poland","15":"tag-polish","16":"tag-polska","17":"tag-polski","18":"tag-sport","19":"tag-sports","20":"tag-zuzel"},"share_on_mastodon":{"url":"https:\/\/pubeurope.com\/@pl\/115628751232839085","error":""},"_links":{"self":[{"href":"https:\/\/www.europesays.com\/pl\/wp-json\/wp\/v2\/posts\/123195","targetHints":{"allow":["GET"]}}],"collection":[{"href":"https:\/\/www.europesays.com\/pl\/wp-json\/wp\/v2\/posts"}],"about":[{"href":"https:\/\/www.europesays.com\/pl\/wp-json\/wp\/v2\/types\/post"}],"author":[{"embeddable":true,"href":"https:\/\/www.europesays.com\/pl\/wp-json\/wp\/v2\/users\/2"}],"replies":[{"embeddable":true,"href":"https:\/\/www.europesays.com\/pl\/wp-json\/wp\/v2\/comments?post=123195"}],"version-history":[{"count":0,"href":"https:\/\/www.europesays.com\/pl\/wp-json\/wp\/v2\/posts\/123195\/revisions"}],"wp:featuredmedia":[{"embeddable":true,"href":"https:\/\/www.europesays.com\/pl\/wp-json\/wp\/v2\/media\/123196"}],"wp:attachment":[{"href":"https:\/\/www.europesays.com\/pl\/wp-json\/wp\/v2\/media?parent=123195"}],"wp:term":[{"taxonomy":"category","embeddable":true,"href":"https:\/\/www.europesays.com\/pl\/wp-json\/wp\/v2\/categories?post=123195"},{"taxonomy":"post_tag","embeddable":true,"href":"https:\/\/www.europesays.com\/pl\/wp-json\/wp\/v2\/tags?post=123195"}],"curies":[{"name":"wp","href":"https:\/\/api.w.org\/{rel}","templated":true}]}}