{"id":123211,"date":"2025-11-28T18:43:11","date_gmt":"2025-11-28T18:43:11","guid":{"rendered":"https:\/\/www.europesays.com\/pl\/123211\/"},"modified":"2025-11-28T18:43:11","modified_gmt":"2025-11-28T18:43:11","slug":"ale-niespodzianka-zupelnie-nieoczekiwany-konkurs-dla-polski","status":"publish","type":"post","link":"https:\/\/www.europesays.com\/pl\/123211\/","title":{"rendered":"Ale niespodzianka. Zupe\u0142nie nieoczekiwany konkurs dla Polski"},"content":{"rendered":"\n<p class=\"contentpart contentpart--default contentpart--text\" data-position=\"0\">W pierwszej serii konkursu w Falun Polki spisa\u0142y si\u0119 znakomicie. <a href=\"https:\/\/sportowefakty.wp.pl\/skoki-narciarskie\/anna-twardosz\" rel=\"nofollow noopener\" target=\"_blank\">Anna  Twardosz<\/a>\u00a0uzyska\u0142a 87 metr\u00f3w i z 93,7 punktami zajmowa\u0142a 12. miejsce. <a href=\"https:\/\/sportowefakty.wp.pl\/skoki-narciarskie\/pola-beltowska\" rel=\"nofollow noopener\" target=\"_blank\">Pola Be\u0142towska<\/a>\u00a0wyl\u0105dowa\u0142a p\u00f3\u0142 metra dalej &#8211; na 87,5 m &#8211; co da\u0142o jej 14. pozycj\u0119 z not\u0105 88,9 pkt.<\/p>\n<p class=\"contentpart contentpart--default contentpart--text\" data-position=\"1\">Prowadzenie nale\u017ca\u0142o do Nozomi Maruyamy. Japonka poszybowa\u0142a na 94 metry i zdominowa\u0142a rywalizacj\u0119, zdobywaj\u0105c 115,2 pkt. Drugie miejsce na tym etapie zaj\u0119\u0142a Austriaczka Lisa Eder (91 m, 104,2 pkt), a trzecia by\u0142a Norwe\u017cka Anna Odine Str\u00f8m (90 m, 103,8 pkt).<\/p>\n<p> <img role=\"presentation\" src=\"https:\/\/std.wpcdn.pl\/images\/adv\/placeholder_wp.svg\" loading=\"lazy\" alt=\"\" decoding=\"async\"\/>  <\/p>\n<p class=\"contentpart contentpart--default contentpart--text\" data-position=\"2\">Po pr\u00f3bie na 80 metr\u00f3w, po pierwszej serii z zawodami po\u017cegna\u0142a si\u0119 <a href=\"https:\/\/sportowefakty.wp.pl\/skoki-narciarskie\/nicole-konderla\" rel=\"nofollow noopener\" target=\"_blank\">Nicole Konderla-Juroszek<\/a>.<\/p>\n<p class=\"contentpart contentpart--default contentpart--text\" data-position=\"3\">W serii fina\u0142owej Anna Twardosz skoczy\u0142a nieco kr\u00f3cej &#8211; 83,5 metra &#8211; ale utrzyma\u0142a wysok\u0105 not\u0119 i awansowa\u0142a na znakomite dziesi\u0105te miejsce. To historyczny wynik dla niej wynik w zawodach P\u015a. Pola Be\u0142towska w drugiej pr\u00f3bie osi\u0105gn\u0119\u0142a 86,5 metra i pewnie utrzyma\u0142a 14. pozycj\u0119, notuj\u0105c najlepszy rezultat w karierze.<\/p>\n<p class=\"contentpart contentpart--default contentpart--text\" data-position=\"4\">Po raz trzeci w tym sezonie zawody Pucharu \u015awiata wygra\u0142a Maruyama. W finale pofrun\u0119\u0142a 91 metr\u00f3w i drug\u0105 Nik\u0119 Prevc wyprzedzi\u0142a o 18,5 punktu. S\u0142owenka awansowa\u0142a na drugie miejsce z pi\u0105tego. Eder zaj\u0119\u0142a trzecie miejsce.<\/p>\n<p class=\"contentpart contentpart--default contentpart--text\" data-position=\"5\">Wyniki konkursu P\u015a w Falun:<\/p>\n<tr> MiejsceZawodniczkaKrajOdleg\u0142o\u015bciPunkty <\/tr>\n<tr>\n<td> 1. <\/td>\n<td> Nozomi Maruyama <\/td>\n<td> Japonia <\/td>\n<td> 94 \/ 91 <\/td>\n<td> 229.6 <\/td>\n<\/tr>\n<tr>\n<td> 2. <\/td>\n<td> Nika Prevc <\/td>\n<td> S\u0142owenia <\/td>\n<td> 87 \/ 95 <\/td>\n<td> 211.1 <\/td>\n<\/tr>\n<tr>\n<td> 3. <\/td>\n<td> Lisa Eder <\/td>\n<td> Austria <\/td>\n<td> 91 \/ 90.5 <\/td>\n<td> 209.3 <\/td>\n<\/tr>\n<tr>\n<td> 4. <\/td>\n<td> Anna Odine Str\u00f8m <\/td>\n<td> Norwegia <\/td>\n<td> 90 \/ 93 <\/td>\n<td> 207.0 <\/td>\n<\/tr>\n<tr>\n<td> 5. <\/td>\n<td> Nika Vodan <\/td>\n<td> S\u0142owenia <\/td>\n<td> 88.5 \/ 96.5 <\/td>\n<td> 199.2 <\/td>\n<\/tr>\n<tr>\n<td> 6. <\/td>\n<td> Heidi Dyhre Traaserud <\/td>\n<td> Norwegia <\/td>\n<td> 89 \/ 89.5 <\/td>\n<td> 197.3 <\/td>\n<\/tr>\n<tr>\n<td> 7. <\/td>\n<td> Katharina Schmid <\/td>\n<td> Niemcy <\/td>\n<td> 87 \/ 89 <\/td>\n<td> 194.3 <\/td>\n<\/tr>\n<tr>\n<td> 8. <\/td>\n<td> Agnes Reisch <\/td>\n<td> Niemcy <\/td>\n<td> 88 \/ 87.5 <\/td>\n<td> 188.9 <\/td>\n<\/tr>\n<tr>\n<td> 9. <\/td>\n<td> Sara Takanashi <\/td>\n<td> Japonia <\/td>\n<td> 88.5 \/ 87 <\/td>\n<td> 187.3 <\/td>\n<\/tr>\n<tr>\n<td> 10. <\/td>\n<td> Anna Twardosz <\/td>\n<td> Polska <\/td>\n<td> 87 \/ 83.5 <\/td>\n<td> 181.7 <\/td>\n<\/tr>\n<tr>\n<td> 14. <\/td>\n<td> Pola Be\u0142towska <\/td>\n<td> Polska <\/td>\n<td> 87.5 \/ 86.5 <\/td>\n<td> 174.0 <\/td>\n<\/tr>\n<tr>\n<td> 32. <\/td>\n<td> Nicole Konderla-Juroszek <\/td>\n<td> Polska <\/td>\n<td> 80 <\/td>\n<td> 77.5 <\/td>\n<\/tr>\n<p>    <img role=\"presentation\" src=\"https:\/\/std.wpcdn.pl\/images\/adv\/placeholder_wp.svg\" loading=\"lazy\" alt=\"\" decoding=\"async\"\/>  <\/p>\n<p class=\"contentpart contentpart--default contentpart--text\" data-position=\"7\">ZOBACZ WIDEO: By\u0142a Miss Polski nadal zachwyca. W\u0142a\u015bnie odnios\u0142a sukces<\/p>\n","protected":false},"excerpt":{"rendered":"W pierwszej serii konkursu w Falun Polki spisa\u0142y si\u0119 znakomicie. Anna Twardosz\u00a0uzyska\u0142a 87 metr\u00f3w i z 93,7 punktami&hellip;\n","protected":false},"author":2,"featured_media":123212,"comment_status":"","ping_status":"","sticky":false,"template":"","format":"standard","meta":{"footnotes":""},"categories":[5],"tags":[24374,32,33,36,37,27,34,35,28,31,25,26296,42,26297,38,40,39,41,1538,447,29,30,26],"class_list":{"0":"post-123211","1":"post","2":"type-post","3":"status-publish","4":"format-standard","5":"has-post-thumbnail","7":"category-naglowki","8":"tag-anna-twardosz","9":"tag-breaking-news","10":"tag-breakingnews","11":"tag-featured-news","12":"tag-featurednews","13":"tag-headlines","14":"tag-latest-news","15":"tag-latestnews","16":"tag-naglowki","17":"tag-najwazniejsze-artykuly","18":"tag-news","19":"tag-nicole-konderla-juroszek","20":"tag-pl","21":"tag-pola-beltowska","22":"tag-poland","23":"tag-polish","24":"tag-polska","25":"tag-polski","26":"tag-skoki-narciarskie","27":"tag-sporty-zimowe","28":"tag-top-stories","29":"tag-topstories","30":"tag-wiadomosci"},"share_on_mastodon":{"url":"https:\/\/pubeurope.com\/@pl\/115628802531816211","error":""},"_links":{"self":[{"href":"https:\/\/www.europesays.com\/pl\/wp-json\/wp\/v2\/posts\/123211","targetHints":{"allow":["GET"]}}],"collection":[{"href":"https:\/\/www.europesays.com\/pl\/wp-json\/wp\/v2\/posts"}],"about":[{"href":"https:\/\/www.europesays.com\/pl\/wp-json\/wp\/v2\/types\/post"}],"author":[{"embeddable":true,"href":"https:\/\/www.europesays.com\/pl\/wp-json\/wp\/v2\/users\/2"}],"replies":[{"embeddable":true,"href":"https:\/\/www.europesays.com\/pl\/wp-json\/wp\/v2\/comments?post=123211"}],"version-history":[{"count":0,"href":"https:\/\/www.europesays.com\/pl\/wp-json\/wp\/v2\/posts\/123211\/revisions"}],"wp:featuredmedia":[{"embeddable":true,"href":"https:\/\/www.europesays.com\/pl\/wp-json\/wp\/v2\/media\/123212"}],"wp:attachment":[{"href":"https:\/\/www.europesays.com\/pl\/wp-json\/wp\/v2\/media?parent=123211"}],"wp:term":[{"taxonomy":"category","embeddable":true,"href":"https:\/\/www.europesays.com\/pl\/wp-json\/wp\/v2\/categories?post=123211"},{"taxonomy":"post_tag","embeddable":true,"href":"https:\/\/www.europesays.com\/pl\/wp-json\/wp\/v2\/tags?post=123211"}],"curies":[{"name":"wp","href":"https:\/\/api.w.org\/{rel}","templated":true}]}}