{"id":123270,"date":"2025-11-28T19:22:14","date_gmt":"2025-11-28T19:22:14","guid":{"rendered":"https:\/\/www.europesays.com\/pl\/123270\/"},"modified":"2025-11-28T19:22:14","modified_gmt":"2025-11-28T19:22:14","slug":"waloryzacja-emerytur-2026-co-sie-zmieni-w-wyplatach-dla-seniorow","status":"publish","type":"post","link":"https:\/\/www.europesays.com\/pl\/123270\/","title":{"rendered":"Waloryzacja emerytur 2026. Co si\u0119 zmieni w wyp\u0142atach dla senior\u00f3w?"},"content":{"rendered":"<p class=\"ods-c-paragraph \">Prezydent wyrazi\u0142 nadziej\u0119, \u017ce projekt zostanie przyj\u0119ty jeszcze przez obecny parlament. \u2013 Polska zas\u0142uguje na to, by najni\u017csza emerytura wynosi\u0142a przynajmniej 2 tys. z\u0142 \u2013 powiedzia\u0142 <a href=\"https:\/\/kobieta.onet.pl\/karol-nawrocki-prezydent\" id=\"0ef57ca7-e4e5-4bff-b12d-38c190cca546\" rel=\"nofollow noopener\" target=\"_blank\">Karol Nawrocki<\/a>, dodaj\u0105c, \u017ce jego inicjatywa ma na celu reprezentowanie interes\u00f3w emeryt\u00f3w. Projekt przewiduje waloryzacj\u0119 emerytur zar\u00f3wno procentow\u0105, jak i kwotow\u0105.<\/p>\n<p class=\"ods-c-paragraph \">Obecnie minimalna emerytura wynosi 1878,91 z\u0142 brutto, wi\u0119c planowana podwy\u017cka stanowi istotn\u0105 zmian\u0119 dla senior\u00f3w.<\/p>\n<p>Dalszy ci\u0105g artyku\u0142u pod materia\u0142em wideo<\/p>\n<p> Jaka b\u0119dzie minimalna emerytura w 2026 roku? <\/p>\n<p> Kiedy projekt ustawy trafi pod obrady Sejmu? <\/p>\n<p> Co oznacza waloryzacja emerytur? <\/p>\n<p> Czy 13. i 14. emerytura zostan\u0105 podwy\u017cszone? <\/p>\n<p>     Prezydent Karol Nawrocki o emeryturach dla Polak\u00f3w<\/p>\n<p class=\"ods-c-paragraph \">W swoim wyst\u0105pieniu prezydent podkre\u015bli\u0142, \u017ce pa\u0144stwo powinno by\u0107 silne na arenie mi\u0119dzynarodowej, a jednocze\u015bnie wra\u017cliwe wobec os\u00f3b potrzebuj\u0105cych wsparcia, takich jak seniorzy czy osoby z niepe\u0142nosprawno\u015bciami. Doda\u0142 r\u00f3wnie\u017c, \u017ce pa\u0144stwo powinno wspiera\u0107 przedsi\u0119biorc\u00f3w, kt\u00f3rzy przyczyniaj\u0105 si\u0119 do rozwoju gospodarczego, poprzez deregulacj\u0119 i tworzenie sprzyjaj\u0105cych warunk\u00f3w do prowadzenia biznesu.<\/p>\n<p class=\"ods-c-paragraph \">Zgodnie z projektem ustawy, minimalna <a href=\"https:\/\/kobieta.onet.pl\/emerytury-emerytura-13-emerytura-14-emerytura-system-emerytalny-renta-renty\" id=\"47e2795d-3bf3-4850-bd81-1e69542da244\" rel=\"nofollow noopener\" target=\"_blank\">emerytura<\/a> w 2026 r. mia\u0142aby wynie\u015b\u0107 ponad 2 tys. z\u0142, a w kolejnych latach by\u0142aby dodatkowo waloryzowana. Dzi\u0119ki temu seniorzy mieliby zapewnione godne podwy\u017cki emerytur przez wiele lat.<\/p>\n<p class=\"ods-c-paragraph \">Kancelaria Prezydenta podkre\u015bla, \u017ce projekt ustawy &#8222;Godna Emerytura&#8221; ma na celu zapewnienie seniorom stabilno\u015bci finansowej i lepszych perspektyw na przysz\u0142o\u015b\u0107. Warto\u015b\u0107 waloryzacji w wysoko\u015bci 150 z\u0142 rocznie b\u0119dzie powi\u0119kszana o wska\u017anik waloryzacji, co ma zagwarantowa\u0107 wzrost minimalnych \u015bwiadcze\u0144 w kolejnych latach.<\/p>\n<p class=\"ods-c-paragraph \">Polecamy:<\/p>\n","protected":false},"excerpt":{"rendered":"Prezydent wyrazi\u0142 nadziej\u0119, \u017ce projekt zostanie przyj\u0119ty jeszcze przez obecny parlament. \u2013 Polska zas\u0142uguje na to, by najni\u017csza&hellip;\n","protected":false},"author":2,"featured_media":123271,"comment_status":"","ping_status":"","sticky":false,"template":"","format":"standard","meta":{"footnotes":""},"categories":[16],"tags":[113,112,4287,7845,388,43,48,46,504,42,38,40,39,41,47,2058,5121],"class_list":{"0":"post-123270","1":"post","2":"type-post","3":"status-publish","4":"format-standard","5":"has-post-thumbnail","7":"category-biznes","8":"tag-biznes","9":"tag-business","10":"tag-emerytury","11":"tag-emerytury_i_renty","12":"tag-finanse","13":"tag-karol_nawrocki","14":"tag-nat_styl","15":"tag-omp","16":"tag-pieniadze","17":"tag-pl","18":"tag-poland","19":"tag-polish","20":"tag-polska","21":"tag-polski","22":"tag-screening_general","23":"tag-senior","24":"tag-seniorzy"},"share_on_mastodon":{"url":"https:\/\/pubeurope.com\/@pl\/115628955668721135","error":""},"_links":{"self":[{"href":"https:\/\/www.europesays.com\/pl\/wp-json\/wp\/v2\/posts\/123270","targetHints":{"allow":["GET"]}}],"collection":[{"href":"https:\/\/www.europesays.com\/pl\/wp-json\/wp\/v2\/posts"}],"about":[{"href":"https:\/\/www.europesays.com\/pl\/wp-json\/wp\/v2\/types\/post"}],"author":[{"embeddable":true,"href":"https:\/\/www.europesays.com\/pl\/wp-json\/wp\/v2\/users\/2"}],"replies":[{"embeddable":true,"href":"https:\/\/www.europesays.com\/pl\/wp-json\/wp\/v2\/comments?post=123270"}],"version-history":[{"count":0,"href":"https:\/\/www.europesays.com\/pl\/wp-json\/wp\/v2\/posts\/123270\/revisions"}],"wp:featuredmedia":[{"embeddable":true,"href":"https:\/\/www.europesays.com\/pl\/wp-json\/wp\/v2\/media\/123271"}],"wp:attachment":[{"href":"https:\/\/www.europesays.com\/pl\/wp-json\/wp\/v2\/media?parent=123270"}],"wp:term":[{"taxonomy":"category","embeddable":true,"href":"https:\/\/www.europesays.com\/pl\/wp-json\/wp\/v2\/categories?post=123270"},{"taxonomy":"post_tag","embeddable":true,"href":"https:\/\/www.europesays.com\/pl\/wp-json\/wp\/v2\/tags?post=123270"}],"curies":[{"name":"wp","href":"https:\/\/api.w.org\/{rel}","templated":true}]}}