{"id":123332,"date":"2025-11-28T20:07:20","date_gmt":"2025-11-28T20:07:20","guid":{"rendered":"https:\/\/www.europesays.com\/pl\/123332\/"},"modified":"2025-11-28T20:07:20","modified_gmt":"2025-11-28T20:07:20","slug":"pilkarze-legii-zaskoczeni-uslyszeli-co-bedzie-kazal-im-robic-marek-papszun","status":"publish","type":"post","link":"https:\/\/www.europesays.com\/pl\/123332\/","title":{"rendered":"Pi\u0142karze Legii zaskoczeni. Us\u0142yszeli, co b\u0119dzie kaza\u0142 im robi\u0107 Marek Papszun"},"content":{"rendered":"<p>Podsumowaniem degrengolady jest przegrany mecz ze Spart\u0105 Praga, kt\u00f3ry legioni\u015bci sko\u0144czyli bez celnego strza\u0142u. Zbli\u017camy si\u0119 do momentu, w kt\u00f3rym bardziej zaskoczy zwyci\u0119stwo Legii, ni\u017c jej pora\u017cka. Podobny film grali przy \u0141azienkowskiej ju\u017c cztery lata temu.<\/p>\n<p>Marek Papszun ma by\u0107 jedenastym trenerem Legii w ostatnich o\u015bmiu latach. Dariusz Mioduski przyzna\u0142, \u017ce b\u0142\u0119dem by\u0142o zdymisjonowanie we wrze\u015bniu 2017 r. Jacka Magiery, a od tego momentu warszawski klub wpad\u0142 w trenerski ko\u0142owrotek. Zastanawiaj\u0105ce, jak cz\u0119sto Legia myli\u0142a si\u0119, a w zasadzie zawsze, gdy zatrudnia\u0142a zagranicznego szkoleniowca spoza Ekstraklasy \u2014 nieudane okaza\u0142y si\u0119 pr\u00f3by z Romeo Jozakiem, Ricardo Sa Pinto i Edim Iordanescu. \u017baden z nich jako jej trener nie przepracowa\u0142 nawet roku.<\/p>\n<p>Z dalszej cz\u0119\u015bci tekstu dowiesz si\u0119, co o Papszunie my\u015bl\u0105 pi\u0142karze Legii i co wywo\u0142a\u0142o u nich &#8222;szmer zdziwienia&#8221;. Mamy te\u017c g\u0142os w jego sprawie od pracownika klubu. A to nie wszystko.<\/p>\n<p class=\"Paragraph_desktopParagraph__Fd2e9\">W sumie to Legia przemieli\u0142a trener\u00f3w bez wzgl\u0119du na ich narodowo\u015b\u0107, wiek, do\u015bwiadczenie. Szcz\u0119\u015bciarzem mo\u017ce nazywa\u0107 si\u0119 ten, kto popracuje tam d\u0142u\u017cej ni\u017c sezon. Kosta Runjai\u0107 przed wej\u015bciem do LTC zrobi\u0142 rozpoznanie i doskonale wiedzia\u0142, \u017ce zbyt du\u017co z\u0142ych rzeczy dzieje si\u0119 w klubie, by to by\u0142 przypadek. Mia\u0142 to zdiagnozowane i stara\u0142 si\u0119 zmieni\u0107. W przeciwie\u0144stwie do swojego nast\u0119pcy z Portugalii walczy\u0142 w spokojniejszy spos\u00f3b. Runjai\u0107 nie otwiera front\u00f3w, nie decyduje si\u0119 na otwarte konflikty. Ale i tak wbija\u0142 szpilki, spiera\u0142 si\u0119 ze skautingiem, pyta\u0142 ludzi w gabinetach:<\/p>\n<p class=\"Paragraph_desktopParagraph__Fd2e9\">\u2014 Jaka by\u0142a warto\u015b\u0107 dru\u017cyny Legii, w 2016 r., kiedy zdobywa\u0142a mistrzostwo?<\/p>\n<p class=\"Paragraph_desktopParagraph__Fd2e9\">\u2014 Tyle i tyle.<\/p>\n<p class=\"Paragraph_desktopParagraph__Fd2e9\">\u2014 Teraz jest mniejsza. To dlaczego, skoro dru\u017cyna jest s\u0142absza, chcecie mistrzostwa? \u2014 punktowa\u0142 Runjai\u0107.<\/p>\n<p><img decoding=\"async\" src=\"https:\/\/www.europesays.com\/pl\/wp-content\/uploads\/2025\/11\/kosta-runjaic.jpeg\" alt=\"Kosta Runjai\u0107\" width=\"944\" height=\"629\" loading=\"lazy\" class=\"\" \/>Kosta Runjai\u0107 (Foto: Piotr Kucza \/ FOTOPYK)<\/p>\n<p class=\"Paragraph_desktopParagraph__Fd2e9\">Pechowo dla tego trenera Legia zacz\u0119\u0142a szale\u0107 na rynku transferowym, kiedy nie by\u0142o go ju\u017c w klubie. Obecny szkoleniowiec Udinese prac\u0119 w Legii straci\u0142 po 648 dniach. Wiosn\u0105 2024 r. dru\u017cyna s\u0142abo wystartowa\u0142a, ale moment zmiany i tak by\u0142 zaskakuj\u0105cy, bo wydawa\u0142o si\u0119, \u017ce wychodzi na prost\u0105 (w trzech ostatnich meczach \u2014 zwyci\u0119stwa po 3:1 z Piastem i G\u00f3rnikiem Zabrze oraz remis z Jagielloni\u0105). Odpowiedzialny za jego zwolnienie Zieli\u0144ski t\u0142umaczy\u0142 si\u0119 obawami, \u017ce dru\u017cyna mo\u017ce nie awansowa\u0107 do europejskich puchar\u00f3w. Tych powod\u00f3w mia\u0142o by\u0107 jednak wi\u0119cej. Coraz bardziej napi\u0119te stawa\u0142y si\u0119 relacje trenera z pionem sportowym, popsu\u0142o si\u0119 na linii Runjai\u0107\u2013Zieli\u0144ski, a i z cz\u0119\u015bci\u0105 dru\u017cyny mia\u0142o nie by\u0107 idealnie. Nad tym wisia\u0142a sprawa opaski dla Josue, do kt\u00f3rego zachowania wielu zawodnik\u00f3w mia\u0142o zastrze\u017cenia.<\/p>\n<p class=\"Paragraph_desktopParagraph__Fd2e9\">Sojusznicy trenera wskazuj\u0105, \u017ce g\u00f3rze nie spodoba\u0142 si\u0119 jeden z jego wywiad\u00f3w dla Canal+, w kt\u00f3rym narzeka\u0142 na zimowe os\u0142abienia \u2014 sprzeda\u017c Bartosza Slisza oraz Ernesta Muciego. Pion sportowy odpowiada\u0142, \u017ce rzeczywi\u015bcie zdziwili si\u0119, gdy us\u0142yszeli utyskiwania na sprzeda\u017c Alba\u0144czyka za 10 mln euro, kt\u00f3ry w lidze nie by\u0142 dla Runjaicia podstawowym wyborem. Ale \u017caden wywiad nie decydowa\u0142 o zwolnieniu trenera. Gdyby mieli reagowa\u0107 na krytyczne wypowiedzi, to w przypadku Goncalo Feio strzelaj\u0105cego do nich na konferencjach, powod\u00f3w do jego dymisji znale\u017aliby kilkana\u015bcie.<\/p>\n<p class=\"Paragraph_desktopParagraph__Fd2e9\">Dzi\u015b ob\u00f3z Zieli\u0144skiego podkre\u015bla, \u017ce b\u0142\u0119dem nie by\u0142o zwolnienie Runjaicia, tylko wed\u0142ug nich to, kogo dyrektor sportowy wskaza\u0142 na jego nast\u0119pc\u0119.<\/p>\n<p class=\"Paragraph_desktopParagraph__Fd2e9\">***<\/p>\n<p class=\"Paragraph_desktopParagraph__Fd2e9\">Feio prac\u0119 w Legii rozpocz\u0105\u0142 spokojnie, rozkr\u0119ci\u0142 si\u0119 p\u00f3\u017aniej. Mia\u0142 t\u0119 przewag\u0119, \u017ce w przesz\u0142o\u015bci pracowa\u0142 w klubie i wiele os\u00f3b zna\u0142. Ale widzia\u0142 te\u017c, jak Legia zmieni\u0142a si\u0119 od czasu jego odej\u015bcia. A skoro tak d\u0142ugo cierpia\u0142a na brak mistrzostwa Polski, nie sz\u0142o to w dobr\u0105 stron\u0119.<\/p>\n<p class=\"Paragraph_desktopParagraph__Fd2e9\">Konflikt Feio z pionem sportowym zacz\u0105\u0142 si\u0119 od Rados\u0142awa Mozyrki, do kt\u00f3rego portugalski trener mia\u0142 zastrze\u017cenia. Niech\u0119\u0107 wzros\u0142a, gdy dowiedzia\u0142 si\u0119, \u017ce przy rozczarowuj\u0105cych wynikach w lidze szef skaut\u00f3w rozpocz\u0105\u0142 poszukiwania trenera, a jeden z kandydat\u00f3w by\u0142 widziany na \u0141azienkowskiej. Ponadto sztab narzeka\u0142, \u017ce przysy\u0142a im zawodnik\u00f3w do obserwacji, oni zarywaj\u0105 noce na ich analiz\u0119, a na koniec okazywa\u0142o si\u0119, \u017ce s\u0105 nierealni do \u015bci\u0105gni\u0119cia.<\/p>\n<p class=\"Paragraph_desktopParagraph__Fd2e9\">Jak Emmanuel Dennis. Zim\u0105 2025 r. trenerzy dostali jego nazwisko do analizy i byli pod wra\u017ceniem umiej\u0119tno\u015bci nigeryjskiego napastnika. Dwa dni p\u00f3\u017aniej okaza\u0142o si\u0119, \u017ce jest poza zasi\u0119giem finansowym Legii.<\/p>\n<p class=\"Paragraph_desktopParagraph__Fd2e9\">\u2014 Po co tracili\u015bmy na niego czas? \u2014 kr\u0119cili g\u0142owami sztabowcy Legii.<\/p>\n<p class=\"Paragraph_desktopParagraph__Fd2e9\">Mozyrko odpowiada\u0142, \u017ce szansa na ten transfer niewielka, ale by\u0142a. Rozmawia\u0142 z zawodnikiem o przenosinach do Legii, a skoro ju\u017c w og\u00f3le dochodzi do takich rozm\u00f3w, to znaczy, \u017ce zawodnik nie przekre\u015bla klubu. Ostatecznie Dennis zdecydowa\u0142 si\u0119 pozosta\u0107 na Wyspach i wybra\u0142 Blackburn Rovers.<\/p>\n<p><img decoding=\"async\" src=\"https:\/\/www.europesays.com\/pl\/wp-content\/uploads\/2025\/11\/jacek-zielinski-i-radoslaw-mozyrko.jpeg\" alt=\"Jacek Zieli\u0144ski i Rados\u0142aw Mozyrko\" width=\"944\" height=\"629\" loading=\"lazy\" class=\"\" \/>Jacek Zieli\u0144ski i Rados\u0142aw Mozyrko (Foto: Marcin Szymczyk \/ FOTOPYK)<\/p>\n<p class=\"Paragraph_desktopParagraph__Fd2e9\">Na radarach Legii znalaz\u0142 si\u0119 te\u017c Shavy Babicka, kt\u00f3ry mia\u0142 k\u0142opoty z gr\u0105 w Toulouse i by\u0142 zdecydowany na wypo\u017cyczenie. Jego grze te\u017c przygl\u0105dali si\u0119 trenerzy Legii i r\u00f3wnie\u017c byli na &#8222;tak&#8221;. Wed\u0142ug pionu sportowego temat upad\u0142 w grudniu, gdy Babicka strzeli\u0142 gola w Ligue 1 i Francuzi zdecydowali si\u0119 go zatrzyma\u0107. Na dwa miesi\u0105ce przebi\u0142 si\u0119 do podstawowego sk\u0142adu, a latem tego roku odszed\u0142 za 4 mln euro do Crveny Zvezdy Belgrad.<\/p>\n<p class=\"Paragraph_desktopParagraph__Fd2e9\">Co ciekawe, zim\u0105 na skautingowych listach Legii, ale niezbyt wysoko, by\u0142 te\u017c Karol Czubak. Za tym transferem nie opowiada\u0142 si\u0119 jednak ani pion sportowy, kt\u00f3ry mia\u0142 w\u0105tpliwo\u015bci, czy zawodnik mentalnie ud\u017awignie gr\u0119 w Legii, ani trenerzy. Czubak wr\u00f3ci\u0142 do Ekstraklasy kilka miesi\u0119cy p\u00f3\u017aniej, podpisa\u0142 kontrakt z Motorem, dla kt\u00f3rego w tym sezonie strzeli\u0142 osiem goli.<\/p>\n<p class=\"Paragraph_desktopParagraph__Fd2e9\">Zapewne, gdyby Zieli\u0144ski rzuci\u0142 Mozyrk\u0119 na po\u017carcie Feio, relacje dyrektora i trenera poprawi\u0142y si\u0119, a nie zaognia\u0142y z tygodnia na tydzie\u0144. Ale Zieli\u0144ski, kt\u00f3ry \u015bci\u0105gn\u0105\u0142 Mozyrk\u0119 do klubu, nie zamierza\u0142 ust\u0119powa\u0107 Feio. I przegra\u0142. Po grudniowych przetasowaniach w klubie najpierw wyautowano Zieli\u0144skiego, kilka miesi\u0119cy po nim prac\u0119 straci\u0142 Mozyrko.<\/p>\n<p class=\"Paragraph_desktopParagraph__Fd2e9\">***<\/p>\n<p class=\"Paragraph_desktopParagraph__Fd2e9\">Legia po odstawieniu Zieli\u0144skiego rozpocz\u0119\u0142a poszukiwania dyrektora sportowego. Rozgl\u0105da\u0142a si\u0119 po Europie, zaprasza\u0142a kandydat\u00f3w na rozmowy. Jednym z nich by\u0142 Jiri Bilek, od wrze\u015bnia 2020 r. dyrektor Slavii Praga.<\/p>\n<p class=\"Paragraph_desktopParagraph__Fd2e9\">Droga na dyrektorski fotel w utytu\u0142owanym czeskim klubie zaj\u0119\u0142a mu trzy lata. W 2017 r. zako\u0144czy\u0142 pi\u0142karsk\u0105 karier\u0119 (wyst\u0119powa\u0142 m.in. w Kaiserslautern, Zag\u0142\u0119biu Lubin i w\u0142a\u015bnie Slavii) i zosta\u0142 doradc\u0105 zarz\u0105du, \u017ceby z bliska przygl\u0105da\u0107 si\u0119 funkcjonowaniu klubu. Na pocz\u0105tku swojej drogi, kiedy Bilek szuka\u0142 okazji do rozwoju, zabiega\u0142 przez polskich znajomych o wizyt\u0119 w Legii. Chcia\u0142 zebra\u0107 do\u015bwiadczenie, zobaczy\u0107, jak ten klub pracuje od \u015brodka. Na odpowied\u017a czeka\u0142 kilka miesi\u0119cy. W ko\u0144cu zaproszenie dosta\u0142 i m\u00f3g\u0142 przyjecha\u0107 do Legii po nauk\u0119. Siedem lat p\u00f3\u017aniej byli ju\u017c w kompletnie innych miejscach. Teraz to Legii zale\u017ca\u0142o, by Bilek do niej przyjecha\u0142.<\/p>\n<p class=\"Paragraph_desktopParagraph__Fd2e9\">Dyrektor Slavii podczas legijnego castingu na dyrektora by\u0142 w Warszawie przynajmniej dwa razy na rozmowach (w po\u0142owie grudnia 2024 r., kiedy wizyt\u0119 po\u0142\u0105czy\u0142 z wyk\u0142adem na kursie dla dyrektor\u00f3w sportowych PZPN i w ostatnich dniach stycznia 2025 r.). Powtarza\u0142, \u017ce wra\u017cenie podczas rozm\u00f3w wywarli na nim zarz\u0105dzaj\u0105cy Legi\u0105, podobnie by\u0142o z jej potencja\u0142em. Sto\u0142eczny klub by\u0142 dla niego po prostu atrakcyjnym miejscem, a i w Slavii nie uk\u0142ada\u0142a si\u0119 jego wsp\u00f3\u0142praca z trenerem.<\/p>\n<p class=\"Paragraph_desktopParagraph__Fd2e9\">Czesi z jednej strony z zazdro\u015bci\u0105 patrz\u0105 na otoczk\u0119 wok\u00f3\u0142 naszej pi\u0142ki, bo nie maj\u0105 takich pieni\u0119dzy z praw telewizyjnych, nie generuj\u0105 takiego zainteresowania pi\u0142k\u0105, czy nie maj\u0105 takiej frekwencji na stadionach. Z drugiej, to oni mog\u0105 na polskie kluby patrze\u0107 z g\u00f3ry, bo efektywniej wydaj\u0105 pieni\u0105dze, czego najlepszym dowodem jest klubowy ranking UEFA, w kt\u00f3rym od lat nas wyprzedzaj\u0105.<\/p>\n<p><img decoding=\"async\" src=\"https:\/\/www.europesays.com\/pl\/wp-content\/uploads\/2025\/11\/jiri-bilek.jpeg\" alt=\"Jiri Bilek\" width=\"944\" height=\"629\" loading=\"lazy\" class=\"\" \/>Jiri Bilek (Foto: Micha\u0142 Chwieduk \/ Fokusmedia)<\/p>\n<p class=\"Paragraph_desktopParagraph__Fd2e9\">Ostatecznie Bilek do Legii nie trafi\u0142. Zdecydowa\u0142y dwa powody \u2014 do Warszawy chcia\u0142 przenie\u015b\u0107 si\u0119 z kilkoma wsp\u00f3\u0142pracownikami z pionu sportowego Slavii, co dla warszawskiego klubu oznacza\u0142oby dodatkowe koszty. Na taki ruch niech\u0119tnie patrzyli te\u017c w Slavii. Nie tylko straciliby dyrektora, lecz rozbity zosta\u0142by ich pion sportowy. Bilek zosta\u0142 w Pradze i \u017ale na tym nie wyszed\u0142. Zwi\u0119kszono mu zakres kompetencji, podobnie jego wsp\u00f3\u0142pracownikom, Slavia zdoby\u0142a mistrzostwo Czech i dzi\u015b gra w Lidze Mistrz\u00f3w. O Legii nie zapomnia\u0142. Jej wyniki \u015bledzi i zapewne z perspektywy praskiej dziwi si\u0119, co ten zesp\u00f3\u0142 robi tu\u017c nad stref\u0105 spadkow\u0105.<\/p>\n<p class=\"Paragraph_desktopParagraph__Fd2e9\">Legia rozmawia\u0142a te\u017c z Marcelem Klosem, ale tutaj przeszkod\u0105 okaza\u0142y si\u0119 wymagania finansowe dyrektora technicznego Genoi. Oczekiwania obu stron si\u0119 rozmija\u0142y. Kiedy w Warszawie us\u0142yszeli, \u017ce o Klosa stara si\u0119 te\u017c Kaiserslautern, podbili stawk\u0119, ale by\u0142o ju\u017c za p\u00f3\u017ano. W marcu 36-latek polskiego pochodzenia rozpocz\u0105\u0142 prac\u0119 w 2. Bundeslidze.<\/p>\n<p class=\"Paragraph_desktopParagraph__Fd2e9\">Legia romansowa\u0142a z wieloma kandydatami, \u017ceby znale\u017a\u0107 dyrektora kilka kilometr\u00f3w obok \u0141azienkowskiej \u2014 na Stegnach. Tam swoj\u0105 siedzib\u0119 ma stacja Canal+, gdzie jako ekspert pracowa\u0142 \u017bew\u0142akow. Nowa ekipa z nim, Fredim Bobiciem i Piotrem Zasad\u0105 zaczyna\u0142a na wyczyszczonym terenie, ale musia\u0142a goni\u0107 stracony czas \u2014 znale\u017a\u0107 trenera, i w po\u015bpiechu wyszykowa\u0107 letnie okno transferowe. Na jego przygotowanie mia\u0142a o po\u0142ow\u0119 mniej czasu ni\u017c wi\u0119kszo\u015b\u0107 w lidze, kt\u00f3rzy pi\u0142karzy zacz\u0119li szuka\u0107 zim\u0105, by latem finalizowa\u0107 wyniki swoich poszukiwa\u0144.<\/p>\n<p class=\"Paragraph_desktopParagraph__Fd2e9\">***<\/p>\n<p class=\"Paragraph_desktopParagraph__Fd2e9\">Dzi\u015b Legia chce zwi\u0105za\u0107 si\u0119 z Papszunem, ale napotka\u0142a problemy. Obecnie ta sprawa rozgrywa si\u0119 mi\u0119dzy trenerem i w\u0142a\u015bcicielem klubu Micha\u0142em \u015awierczewskim. Legia do tej pory g\u0142\u00f3wnie si\u0119 przygl\u0105da\u0142a. Oczywi\u015bcie mog\u0142aby to szybko zako\u0144czy\u0107, gdyby wykupi\u0142a kontrakt trenera za, tutaj wersj\u0119 s\u0105 r\u00f3\u017cne, 1-1,5 mln euro.<\/p>\n<p class=\"Paragraph_desktopParagraph__Fd2e9\">Spr\u00f3bujmy odtworzy\u0107 to, co w ostatnich dniach wydarzy\u0142o si\u0119 pod Jasn\u0105 G\u00f3r\u0105. Tylko najpierw trzeba cofn\u0105\u0107 si\u0119 do wiosny 2024 r. i przedstawi\u0107 wersj\u0119 obozu trenera. Cz\u0119stochowianie s\u0105 po s\u0142abym sezonie w Ekstraklasie, kt\u00f3ry zako\u0144cz\u0105 na 7. miejscu, co oznacza brak kwalifikacji do puchar\u00f3w. \u015awierczewski dogaduje si\u0119 z Papszunem, co do warunk\u00f3w jego powrotu do Rakowa. Panowie podaj\u0105 sobie r\u0119ce. P\u00f3\u017aniej szkoleniowiec dostaje ofert\u0119 z Hajduka Split, a wszyscy wiedz\u0105, \u017ce praca w zagranicznym klubie by\u0142a jego celem. Zreszt\u0105 r\u00f3wnie\u017c dlatego odszed\u0142 z Rakowa po mistrzostwie, bo liczy\u0142, \u017ce tytu\u0142 w Polsce b\u0119dzie wystarczaj\u0105cym wabikiem dla prezes\u00f3w z innych kraj\u00f3w.<\/p>\n<p class=\"Paragraph_desktopParagraph__Fd2e9\">Hajduk chce Papszuna, ale ten uwa\u017ca u\u015bcisk d\u0142oni ze \u015awierczewskim za wi\u0105\u017c\u0105cy i nie zamierza wycofywa\u0107 si\u0119 z ich ustale\u0144. Ofert\u0119 z Chorwacji odrzuca. Ale chce przy tym ugra\u0107 co\u015b dla siebie. Porozumiewa si\u0119 z w\u0142a\u015bcicielem Rakowa, \u017ce w przypadku nast\u0119pnej oferty, kt\u00f3r\u0105 trener uzna za atrakcyjn\u0105, ten nie b\u0119dzie mu robi\u0142 problem\u00f3w z odej\u015bciem. I teraz kwestia interpretacji, co obaj ustalili. Czy atrakcyjna oferta dotyczy tylko klub\u00f3w zagranicznych i reprezentacji Polski, czy r\u00f3wnie\u017c klubu Ekstraklasy?<\/p>\n<p class=\"Paragraph_desktopParagraph__Fd2e9\">To prawdopodobnie o tych ustaleniach z maja 2024 r. m\u00f3wi\u0142 Papszun na konferencji prasowej przed spotkaniem z Rapidem, gdy prosi\u0142, \u017ceby &#8222;nie wyrokowa\u0107, je\u015bli nie ma si\u0119 pe\u0142nej wiedzy&#8221;.<\/p>\n<p><img decoding=\"async\" src=\"https:\/\/www.europesays.com\/pl\/wp-content\/uploads\/2025\/11\/michal-swierczewski.jpeg\" alt=\"Micha\u0142 \u015awierczewski\" width=\"944\" height=\"628\" loading=\"lazy\" class=\"\" \/>Micha\u0142 \u015awierczewski (Foto: Micha\u0142 Chwieduk \/ Fokusmedia)<\/p>\n<p class=\"Paragraph_desktopParagraph__Fd2e9\">Kolejna wersja, jaka si\u0119 pojawi\u0142a, dotyczy wydarze\u0144 z tej jesieni, kiedy Rak\u00f3w si\u0119 zaci\u0105\u0142 i przesta\u0142 wygrywa\u0107. Wtedy cz\u0119stochowianie zacz\u0119li analizowa\u0107 rynek trenerski, co dziwi\u0107 nie powinno, \u017ce klub przygotowywa\u0142 si\u0119 na r\u00f3\u017cne scenariusze. Od dawna przy Limanowskiego ceni\u0105 prac\u0119 \u0141ukasza Tomczyka, trenera Polonii Bytom, kt\u00f3ry w przesz\u0142o\u015bci pracowa\u0142 w rakowskiej akademii. Po pa\u017adziernikowym sparingu Rakowa z Poloni\u0105 z tym trenerem rozmawia\u0142 Artur P\u0142atek, nieformalny dyrektor sportowy cz\u0119stochowskiego klubu. I teraz \u2014 to wersja us\u0142yszana w klubie \u2014 Papszun dowiedzia\u0142 si\u0119 o tym, \u017ce Rak\u00f3w rozgl\u0105da si\u0119 na rynku i to mia\u0142o go zdenerwowa\u0107. Dalszym ci\u0105giem by\u0142o wys\u0142anie z jego strony sygna\u0142u do Legii, \u017ce by\u0142by zainteresowany prac\u0105 w Warszawie.<\/p>\n<p class=\"Paragraph_desktopParagraph__Fd2e9\">Legia liczy\u0142a, \u017ce Papszun sam za\u0142atwi spraw\u0119 rozwi\u0105zania kontraktu i na pocz\u0105tku nie chcia\u0142a si\u0119 w to miesza\u0107. Do tablicy zosta\u0142a wywo\u0142ana, gdy trenerowi nie uda\u0142o si\u0119 porozumie\u0107 ze \u015awierczewskim. Co dalej? Jak zako\u0144czy si\u0119 saga z odej\u015bciem z Papszuna? Niezmiennie najwi\u0119cej do powiedzenia ma w tym temacie \u015awierczewski.<\/p>\n<p class=\"Paragraph_desktopParagraph__Fd2e9\">W Rakowie s\u0105 \u017ali na Papszuna na czas og\u0142oszenia jego odej\u015bcia, jak i spos\u00f3b, czyli wyst\u0105pienie na konferencji przed meczem z Rapidem (&#8222;Legia chce, bym by\u0142 jej trenerem, ja chc\u0119 by\u0107 trenerem Legii. Mam nadziej\u0119, \u017ce szybko to si\u0119 rozwi\u0105\u017ce&#8221;). Ale w Cz\u0119stochowie wyczuwalna jest te\u017c z\u0142o\u015b\u0107 na Mioduskiego o czas, w jakim jego klub rozpocz\u0105\u0142 starania o Papszuna. Powtarzaj\u0105, \u017ce Legia chce si\u0119 uwa\u017ca\u0107 za matk\u0119 wszystkich polskich klub\u00f3w, mo\u017ce pi\u0119knie m\u00f3wi\u0107 o potrzebie wsp\u00f3\u0142pracy, wsp\u00f3lnej budowie rankingu UEFA, a na koniec to wszystko okaza\u0142o si\u0119 zwyk\u0142ymi frazesami.<\/p>\n<p class=\"Paragraph_desktopParagraph__Fd2e9\">***<\/p>\n<p class=\"Paragraph_desktopParagraph__Fd2e9\">Opisywali\u015bmy, jakimi sposobami w stolicy pr\u00f3bowali sobie radzi\u0107 rozmaici trenerzy. Runjai\u0107 o lepsz\u0105 Legi\u0119 wojowa\u0142 z r\u00f3\u017c\u0105 w r\u0119ku, Feio z miotaczem ognia, a i tak obaj z podobnym skutkiem. \u2014 Dla wielu w klubie najwa\u017cniejsze jest to, \u017ceby nie zaburzy\u0107 harmonii \u017cycia w Legii. Trenerzy si\u0119 zmieniaj\u0105, a oni trwaj\u0105 \u2014 s\u0142ysz\u0119 od jej by\u0142ego pracownika.<\/p>\n<p class=\"Paragraph_desktopParagraph__Fd2e9\">Teraz do Legii ma wej\u015b\u0107 ten, u kt\u00f3rego Feio pobiera\u0142 nauki w Rakowie. Marek Papszun. Zreszt\u0105 obaj wzi\u0119li od siebie du\u017co.<\/p>\n<p class=\"Paragraph_desktopParagraph__Fd2e9\">\u2014 Gdy w Motorze kto\u015b zwraca\u0142 uwag\u0119 na zachowanie Feio i jego metody, on mia\u0142 zawsze jedn\u0105 odpowied\u017a: &#8222;Nie widzieli\u015bcie, jak zachowuje si\u0119 Papszun. Nie narzekaliby\u015bcie wtedy na to, co ja robi\u0119&#8221; \u2014 opowiada jeden z by\u0142ych trener\u00f3w Motoru.<\/p>\n<p><img decoding=\"async\" src=\"https:\/\/www.europesays.com\/pl\/wp-content\/uploads\/2025\/11\/1764360434_187_goncalo-feio.jpeg\" alt=\"Goncalo Feio\" width=\"944\" height=\"629\" loading=\"lazy\" class=\"\" \/>Goncalo Feio (Foto: \u0141ukasz Grochala \/ Cyfrasport)<\/p>\n<p class=\"Paragraph_desktopParagraph__Fd2e9\">Papszun dla wielu trener\u00f3w w Polsce sta\u0142 si\u0119 wzorem, je\u015bli chodzi o zdobyt\u0105 w\u0142adz\u0119 w klubie. \u017baden inny szkoleniowiec w Ekstraklasie nie ma takiej, jak\u0105 on w Rakowie. To wielu mo\u017ce imponowa\u0107. Rozrysowuj\u0105c hierarchi\u0119 w cz\u0119stochowskim klubie, to na szczycie piramidy jest \u015awierczewski, za nim by\u0142 Papszun, po nim d\u0142ugo, d\u0142ugo nikt, gdzie\u015b na dole prezes, a po nim dyrektor sportowy.<\/p>\n<p class=\"Paragraph_desktopParagraph__Fd2e9\">Dzi\u015b to Papszun jest bardziej potrzebny Legii ni\u017c odwrotnie. Tylko w Rakowie przyzwyczai\u0142 si\u0119 do zdecydowanie innego sposobu pracy ni\u017c korporacyjna Legia. A zderzenie tych dw\u00f3ch \u015bwiat\u00f3w w teorii grozi wybuchami. Kto\u015b b\u0119dzie musia\u0142 ust\u0105pi\u0107, \u017ceby nie powt\u00f3rzy\u0142a si\u0119 kolejna wojna domowa, kt\u00f3ra z\u017cera\u0142a Legi\u0119 od \u015brodka w poprzednim sezonie oraz pami\u0119tnym 2020\/21, kiedy warszawski klub naba\u0142agani\u0142 ju\u017c do tego stopnia, \u017ce zacz\u0105\u0142 mu grozi\u0107 spadek.<\/p>\n<p class=\"Paragraph_desktopParagraph__Fd2e9\">Papszun z psychologicznego punktu widzenia jako trener wchodzi w dobrym momencie. Dru\u017cyna jest przybita, sami zawodnicy czuj\u0105, jak mocno rozczarowuj\u0105. Do\u015bwiadczony trener mo\u017ce dzi\u0119ki temu szybciej zdoby\u0107 ich zaufanie, by podporz\u0105dkowali si\u0119 jego metodom.<\/p>\n<p class=\"Paragraph_desktopParagraph__Fd2e9\">Pi\u0142karzom Legii nie wszystkie musz\u0105 si\u0119 podoba\u0107 \u2014 delikatny szmer zdziwienia poni\u00f3s\u0142 si\u0119 po tym, gdy us\u0142yszeli, \u017ce po ka\u017cdym meczu b\u0119d\u0105 musieli wype\u0142nia\u0107 ankiety, ocenia\u0107 siebie i zesp\u00f3\u0142. Ale generalnie w\u015br\u00f3d legionist\u00f3w dominuje ciekawo\u015b\u0107 nowego trenera, a nawet i ufno\u015b\u0107, \u017ce mo\u017ce ich wyci\u0105gn\u0105\u0107 z obecnego kryzysu. Dla ka\u017cdego trenera to dobry grunt, by od pierwszego dnia wprowadza\u0107 poprawki.<\/p>\n<p class=\"Paragraph_desktopParagraph__Fd2e9\">Legia b\u0119dzie si\u0119 zmienia\u0107. Ju\u017c s\u0142ycha\u0107 o planie naprawczym, uporz\u0105dkowaniu wszystkiego i pracy od podstaw. Kibic Legii ju\u017c si\u0119 na to nie nabierze, wi\u0119c nawet lepiej, \u017ceby klub na razie nie powtarza\u0142 tego publicznie, tylko wdra\u017ca\u0142 bez rozg\u0142osu. Przygotowania do letniego okna transferowego by\u0142y zawalone, bo nowa ekipa wesz\u0142a zbyt p\u00f3\u017ano. Z okolic \u0141azienkowskiej s\u0142ycha\u0107, to by\u0142o jeszcze przed informacj\u0105 o Papszunie w klubie, \u017ce Legia zechce odm\u0142odzi\u0107 kadr\u0119. To wydaje si\u0119 normalnym krokiem, gdyby nie fakt, \u017ce kilka miesi\u0119cy temu warszawianie \u015bci\u0105gn\u0119li 31-letniego Antonio Colaka, 30-letnich Damiana Szyma\u0144skiego i Arkadiusza Rec\u0119 oraz 29-letniego Petara Stojanovicia. Zn\u00f3w, jak to w tym klubie, jedna koncepcja \u015bciga si\u0119 z drug\u0105. Legia zmienn\u0105 jest.<\/p>\n<p><img decoding=\"async\" src=\"https:\/\/www.europesays.com\/pl\/wp-content\/uploads\/2025\/11\/marek-papszun.jpeg\" alt=\"Marek Papszun\" width=\"944\" height=\"629\" loading=\"lazy\" class=\"\" \/>Marek Papszun (Foto: STANISLAW KLEPKA \/ Arena Akcji)<\/p>\n<p class=\"Paragraph_desktopParagraph__Fd2e9\">By\u0107 mo\u017ce despotyczny Papszun rzeczywi\u015bcie oka\u017ce si\u0119 lekiem na to ca\u0142e z\u0142o, przez kt\u00f3re Legia sprzeci\u0119tnia\u0142a. Wprowadzi model zarz\u0105dzania, jakiego w LTC jeszcze nie widzieli i to oka\u017ce si\u0119 recept\u0105 na chorob\u0119 dotykaj\u0105c\u0105 Legi\u0119. W Rakowie zasady by\u0142y proste: kto nie wios\u0142uje ze mn\u0105, ten wylatuje za burt\u0119. Albo, kiedy trener uzna, \u017ce kto\u015b jest mu niepotrzebny. Wtedy usuwany by\u0142 bez mrugni\u0119cia okiem. Styl zarz\u0105dzania? Z Papszunem si\u0119 nie dyskutuje. Podporz\u0105dkuj si\u0119 lub ciebie nie ma.<\/p>\n<p class=\"Paragraph_desktopParagraph__Fd2e9\">Jeden z pracownik\u00f3w Legii, pami\u0119taj\u0105c nie tak odleg\u0142e czasy rz\u0105d\u00f3w Feio, przyj\u015bcie Papszuna komentuje w metaforyczny spos\u00f3b: Mieli\u015bmy u siebie syna diab\u0142a. Teraz przychodzi sam diabe\u0142.<\/p>\n<p class=\"Paragraph_desktopParagraph__Fd2e9\">W Legii, klubie znacznie wi\u0119kszym od Rakowa, jej byli trenerzy, gierki w \u015brodku wskazuj\u0105 jako pow\u00f3d, \u017ce po raz kolejny si\u0119 nie udaje. Legia traci energi\u0119 na wewn\u0119trzne walki.<\/p>\n<p class=\"Paragraph_desktopParagraph__Fd2e9\">\u2014 Statki nie p\u0142yn\u0105 w jednym kierunku, bo ka\u017cdy chce ugra\u0107 swoje \u2014 podsumowuje jeden z by\u0142ych trener\u00f3w Legii.<\/p>\n<p class=\"Paragraph_desktopParagraph__Fd2e9\">Warunkiem, \u017ceby w og\u00f3le misja Papszuna w Legii si\u0119 uda\u0142a, a klub unikn\u0105\u0142 wewn\u0119trznych dram, b\u0119dzie oddanie mu w\u0142adzy w stu procentach. Czy Legia jest na to gotowa? Czy Mioduski jest na to gotowy? Feio w wielu aspektach jest podobny do Papszuna, a jego kadencja w Legii by\u0142a znaczona r\u00f3\u017cnymi starciami i potyczkami w \u015brodku klubu. Jeden i drugi trener jest zafiksowany na boisku, treningach, dru\u017cynie. Wszystko, co go od tego odci\u0105ga, dzia\u0142a jak p\u0142achta na byka. \u2014 Tu wszystko jest wa\u017cne, tylko nie to, co najwa\u017cniejsze \u2014 z\u0142o\u015bci\u0142 si\u0119 Feio w Legii, gdy przypominano mu, by wreszcie odebra\u0142 s\u0142u\u017cbowy samoch\u00f3d. Akurat dla niego najwa\u017cniejsze by\u0142o przygotowanie dru\u017cyny do meczu i ci\u0119\u017cko by\u0142o go od tego oderwa\u0107.<\/p>\n<p class=\"Paragraph_desktopParagraph__Fd2e9\">***<\/p>\n<p class=\"Paragraph_desktopParagraph__Fd2e9\">Problemem Legii jest brak konsekwencji, co ko\u0144czy si\u0119 wprowadzaniem kolejnych plan\u00f3w naprawczych. Najbardziej przewidywalna by\u0142a w momencie, kiedy sprz\u0105ta\u0142a po sobie ba\u0142agan. Wtedy, kiedy prac\u0119 zacz\u0105\u0142 Jacek Zieli\u0144ski i przez p\u00f3\u0142tora roku trzyma\u0142 si\u0119 wytycznych, kt\u00f3re mia\u0142y przywr\u00f3ci\u0107 Legi\u0119 na szczyt. Wtedy przynajmniej by\u0142o wida\u0107 jaki\u015b kierunek. Kibice Legii mieli w pami\u0119ci czarn\u0105 jesie\u0144 z 2021 r. i wspierali klub w odbudowie. Od wszystkich bi\u0142a pozytywna aura, energia, kt\u00f3ra powodowa\u0142a, \u017ce Legia zacz\u0119\u0142a si\u0119 u\u015bmiecha\u0107.<\/p>\n<p class=\"Paragraph_desktopParagraph__Fd2e9\">Tylko kiedy ju\u017c ba\u0142agan uprz\u0105tni\u0119to i szykowano atak na ligowy szczyt, z ukrycia wyszli dworzanie Mioduskiego i zacz\u0119\u0142y si\u0119 podszepty. Pozycja Zieli\u0144skiego powoli s\u0142ab\u0142a, on sam te\u017c nie unikn\u0105\u0142 b\u0142\u0119d\u00f3w z tymi najbardziej widocznymi na czele \u2014 transferowymi. By\u0107 mo\u017ce jego plan na odbudow\u0119 Legii by\u0142 zbyt powolny, ma\u0142o efektowny, \u017cmudny. To wszystko sta\u0142o si\u0119 przyczyn\u0105 kolejnej rewolucji w klubie.<\/p>\n<p class=\"Paragraph_desktopParagraph__Fd2e9\">Legia nie ma dzisiaj lidera czy nawet lider\u00f3w. Zarz\u0105dzanie klubem jest trudniejsze, gdy s\u0105 dwa o\u015brodki \u2014 \u0141azienkowska i Legia Training Center. Za odcinek \u01413, gdzie wi\u0119cej jest biznesu, mogliby odpowiada\u0107 Mioduski z Herr\u0105. LTC to ju\u017c inny \u015bwiat. Tam powinni rz\u0105dzi\u0107 ci, kt\u00f3rzy na pi\u0142ce si\u0119 znaj\u0105. I dosta\u0107 autonomi\u0119. Tylko Legia te\u017c nie ma tam dzisiaj nikogo, kto poci\u0105gnie klub. Najbli\u017cej tego mo\u017ce by\u0107 Papszun, bo zrobi\u0142 to ju\u017c w Rakowie w duecie ze \u015awierczewskim, ale o wielu zagro\u017ceniach tego maria\u017cu tylko wewn\u0105trz Legii ju\u017c pisali\u015bmy. Micha\u0142 \u017bew\u0142akow wydaje si\u0119 przygaszony i przygnieciony tym, co dzieje si\u0119 z Legi\u0105. Jest Fredi Bobi\u0107, o kt\u00f3rym wielu moich rozm\u00f3wc\u00f3w m\u00f3wi, \u017ce dzi\u015b to on poci\u0105ga za sznurki, a zaufanie Mioduskiego i Herry do niego jest nieograniczone.<\/p>\n<p><img decoding=\"async\" src=\"https:\/\/www.europesays.com\/pl\/wp-content\/uploads\/2025\/11\/fredi-bobic-i-michal-zewlakow.jpeg\" alt=\"Fredi Bobi\u0107 i Micha\u0142 \u017bew\u0142akow\" width=\"944\" height=\"629\" loading=\"lazy\" class=\"\" \/>Fredi Bobi\u0107 i Micha\u0142 \u017bew\u0142akow (Foto: Marcin Szymczyk \/ FOTOPYK)<\/p>\n<p class=\"Paragraph_desktopParagraph__Fd2e9\">Brak r\u00f3wnowagi w pionie sportowym mi\u0119dzy \u017bew\u0142akowem i Bobiciem wyszed\u0142 przypadkowo przy okazji transferu Antonio Colaka, kt\u00f3rego Legia w ostatniej chwili wykrad\u0142a G\u00f3rnikowi. Rozczarowani zabrzanie dzwonili do \u017bew\u0142akowa z pytaniem, co to za metody stosuj\u0105 w stolicy. Dyrektor sportowy przyzna\u0142, \u017ce nie wie o tym transferze.<\/p>\n<p class=\"Paragraph_desktopParagraph__Fd2e9\">\u2014 Pracowa\u0142em przy przed\u0142u\u017ceniu kontraktu z Kapuadim. Je\u015bli chodzi o napastnika, tam dzia\u0142a\u0142 Fredi. Powiem szczerze, oko\u0142o 17 dosta\u0142em telefon od dyrektora sportowego G\u00f3rnika i by\u0142em troch\u0119 zaskoczony. Bo wtedy si\u0119 dowiedzia\u0142em, \u017ce wyci\u0105gn\u0119li\u015bmy napastnika [Colaka] z bada\u0144 medycznych. Powiedzia\u0142em, \u017ce zadzwoni\u0119 i si\u0119 spytam. Porozmawia\u0142em z Fredim. Wszystko si\u0119 potwierdzi\u0142o \u2014 przyzna\u0142 \u017bew\u0142akow w programie Liga+ Extra.<\/p>\n<p class=\"Paragraph_desktopParagraph__Fd2e9\">***<\/p>\n<p class=\"Paragraph_desktopParagraph__Fd2e9\">Granie co trzy dni sta\u0142o si\u0119 dla naszych klub\u00f3w rzeczywisto\u015bci\u0105, a wyj\u0105tkowy b\u0119dzie najbli\u017cszy sezon, w kt\u00f3rym poka\u017cemy w Europie pi\u0119\u0107 zespo\u0142\u00f3w. Dwa z nich zagraj\u0105 o awans do Ligi Mistrz\u00f3w. Legia trzeci sezon z rz\u0119du mierzy si\u0119 z podobnym wyzwaniem \u2014 jak po\u0142\u0105czy\u0107 granie co trzy dni w lidze i pucharach, kiedy permanentnie brakuje czasu na trening, a pi\u0142karze \u017cyj\u0105 na walizkach. Trzeba nimi jeszcze rozs\u0105dnie rotowa\u0107, \u017ceby pilnowa\u0107 jednego i drugiego poletka. R\u00f3\u017cnica jest taka, \u017ce teraz wywr\u00f3ci\u0142a si\u0119 na obu polach, a w dw\u00f3ch poprzednich latach, nawet je\u015bli zawodzi\u0142a w lidze, to przynajmniej w pucharach sw\u00f3j \u017cywot potrafi\u0142a przed\u0142u\u017cy\u0107 do wiosny.<\/p>\n<p class=\"Paragraph_desktopParagraph__Fd2e9\">Jak wyt\u0142umaczy\u0107, \u017ce legioni\u015bci potrafili na salonach ogrywa\u0107 Leicester City, Aston Vill\u0119, Betis czy Chelsea, a zawodzili w lidze? Liga Konferencji wywo\u0142uje u zawodnik\u00f3w du\u017co emocji, a wyst\u0119py w niej jeszcze im si\u0119 nie opatrzy\u0142y. Przygoda w Europie, sama otoczka LKE \u2014 to wszystko zostawia \u015blad. I taki mecz w Europie, z punktu widzenia fizjologii, jest bardzo du\u017cym stresorem dla uk\u0142adu nerwowego. Nie mi\u0119\u015bniowego, tam wysi\u0142ek jest akceptowalny. Ale g\u0142owa? W Legii zastanawiali si\u0119, jak wyciszy\u0107 zawodnika po pe\u0142nym emocji europejskim czwartku, \u017ceby by\u0142 gotowy na niedziel\u0119. Bo wi\u0119kszo\u015b\u0107 ligowych mecz\u00f3w nie wywo\u0142uje takiego pobudzenia. Sztuk\u0105 jest znalezienie balansu, by wznie\u015b\u0107 zawodnik\u00f3w na taki poziom, jak w pucharach. Najlepiej mie\u0107 takich, u kt\u00f3rych ten czwartkowy bodziec nie zostawia znacz\u0105cego \u015bladu, nie b\u0119d\u0105 tym d\u0142ugo \u017cyli. Szybko zejd\u0105 z emocji, s\u0105 gotowi na niedziel\u0119 i mog\u0105 gra\u0107.<\/p>\n<p class=\"Paragraph_desktopParagraph__Fd2e9\">Szuka si\u0119 rozwi\u0105za\u0144 na ich pobudzenie, wywo\u0142anie u nich podobnych emocji. To ju\u017c rola trenera \u2014 wej\u015bcie na taki poziom motywacji, by nie lekcewa\u017cy\u0107 Puszczy Niepo\u0142omice czy Stali Mielec. Legia w zesz\u0142ym sezonie z jednymi i drugimi na wyje\u017adzie straci\u0142a punkty.<\/p>\n<p class=\"Paragraph_desktopParagraph__Fd2e9\">W Legii sprawdzano regeneracj\u0119 uk\u0142adu nerwowego Josue i wysz\u0142o, \u017ce jej kapitan mniej wi\u0119cej po 36 godz. by\u0142 zregenerowany i gotowy do nast\u0119pnego meczu. Mecz w Lidze Konferencji by\u0142 dla niego chlebem powszednim, a rywale z Anglii, czy Holandii nie robili na nim wra\u017cenia. Przed meczem m\u00f3wi\u0142 pewnym g\u0142osem: &#8222;Gra\u0142em w reprezentacji Portugalii i gdybym nie skonfliktowa\u0142 si\u0119 z Nanim, to by\u0142bym w niej nadal. Teraz mecz z Aston Vill\u0105 ma by\u0107 dla mnie czym\u015b szczeg\u00f3lnym?&#8221;.<\/p>\n<p class=\"Paragraph_desktopParagraph__Fd2e9\">Pewno\u015b\u0107 siebie wynika te\u017c z jego umiej\u0119tno\u015bci technicznych. Josue proste rzeczy na boisku wykonuje automatycznie. On o nich nie my\u015bli, tylko gra. Ale s\u0105 i zawodnicy, kt\u00f3rzy obci\u0105\u017caj\u0105 sw\u00f3j uk\u0142ad nerwowy ju\u017c na tym etapie. Dla jednego z legionist\u00f3w du\u017cym obci\u0105\u017ceniem by\u0142y takie podstawowe elementy. Mecz z Aston Vill\u0105 wymaga\u0142 od niego nie stu procent koncentracji, a o wiele wi\u0119cej. P\u00f3\u017aniej nie by\u0142 w stanie wr\u00f3ci\u0107 do r\u00f3wnowagi przed niedzielnym meczem ligowym.<\/p>\n<p class=\"Paragraph_desktopParagraph__Fd2e9\">Przy Josue trzeba pami\u0119ta\u0107, \u017ce nie biega\u0142 tak intensywnie, jak inni w dru\u017cynie. Koszt fizjologiczny jego wysi\u0142ku podczas meczu by\u0142 du\u017co mniejszy. Te\u017c z racji pozycji na boisku nie musia\u0142 tyle przy\u015bpiesza\u0107, biega\u0142 mniej, nie pokonywa\u0142 takich dystans\u00f3w w HSR (High Speed Running) i sprincie. Z drugiej strony nie da si\u0119 zmierzy\u0107 koszt\u00f3w dla g\u0142owy, gdy trzeba przewidywa\u0107, kreowa\u0107. Zaanga\u017cowanie jego uk\u0142adu nerwowego wymaga\u0142a trudna sytuacja, gdy trzeba by\u0142o co\u015b wykreowa\u0107. Josue rozumie gr\u0119 lepiej ni\u017c pozostali, jego m\u00f3zg pracuje jak procesor, a to z kolei du\u017cy bodziec obci\u0105\u017caj\u0105cy organizm.<\/p>\n<p><img decoding=\"async\" src=\"https:\/\/www.europesays.com\/pl\/wp-content\/uploads\/2025\/11\/josue.jpeg\" alt=\"Josue\" width=\"944\" height=\"629\" loading=\"lazy\" class=\"\" \/>Josue (Foto: Piotr Kucza \/ FOTOPYK)<\/p>\n<p class=\"Paragraph_desktopParagraph__Fd2e9\">Od odej\u015bcia Josue z Legii min\u0119\u0142o p\u00f3\u0142tora roku, a jej kibice cz\u0119sto do niego wracaj\u0105, co pokazuje, jak krn\u0105brny Portugalczyk wry\u0142 si\u0119 w ich pami\u0119\u0107. Dla nich jest symbolem obsesji wygrywania i charakteru, kt\u00f3rego wed\u0142ug wielu brakuje w obecnej dru\u017cynie. Kiedy\u015b Josue gra\u0142 w siatkonog\u0119 z Yurim Ribeiro i jednym z trener\u00f3w. Trwa mecz, pi\u0142ka spad\u0142a po stronie dru\u017cyny Josue mi\u0119dzy lini\u0105 i autem. Trener z ekipy kapitana przyzna\u0142, \u017ce wed\u0142ug niego by\u0142a w boisku. Rozw\u015bcieczy\u0142o to Josue.<\/p>\n<p class=\"Paragraph_desktopParagraph__Fd2e9\">\u2014 Co ty robisz?! Nie grasz ju\u017c z nami! \u2014 wydar\u0142 si\u0119.<\/p>\n<p class=\"Paragraph_desktopParagraph__Fd2e9\">\u2014 Ale o co chodzi?<\/p>\n<p class=\"Paragraph_desktopParagraph__Fd2e9\">\u2014 Wol\u0119 wygra\u0107 7:0 ni\u017c 7:1! Albo to zrozumiesz, albo nie b\u0119dziesz ze mn\u0105 gra\u0142!<\/p>\n<p class=\"Paragraph_desktopParagraph__Fd2e9\">Trenerzy Legii prac\u0119 z Josue traktowali jako wyzwanie. Powtarzali mi\u0119dzy sob\u0105: Je\u017celi go okie\u0142znasz i u\u0142o\u017cysz z nim relacje, poradzisz sobie z ka\u017cdym pi\u0142karzem na \u015bwiecie.<\/p>\n<p class=\"Paragraph_desktopParagraph__Fd2e9\">Ma wiele twarzy. Z jednej strony, je\u017celi ci zaufa, to jest dla ciebie, jak przyjaciel. Gorzej, gdy co\u015b mu nie pasuje. Wtedy masz z nim problem. Tym bardziej \u017ce od wsp\u00f3\u0142towarzyszy na boisku wymaga jednego \u2014 jako\u015bci.<\/p>\n<p class=\"Paragraph_desktopParagraph__Fd2e9\">Feio mo\u017ce i chcia\u0142, \u017ceby Josue zosta\u0142, obaj s\u0105 do siebie podobni, ale Zieli\u0144ski mia\u0142 inny pomys\u0142 na dru\u017cyn\u0119. Uwa\u017ca\u0142, \u017ce osobowo\u015b\u0107 Josue przyt\u0142acza innych i nie pozwala im rozwin\u0105\u0107 skrzyde\u0142. Nie chcia\u0142, \u017ceby Legia by\u0142a zale\u017cna od jednego pi\u0142karza i panowa\u0142 odpowiedzialno\u015b\u0107 roz\u0142o\u017cy\u0107 na innych zawodnik\u00f3w. I to akurat, je\u017celi spojrzymy na rekordowe statystyki wielu zawodnik\u00f3w z zesz\u0142ego sezonu, mo\u017ce i mu si\u0119 uda\u0142o. Nie uda\u0142o si\u0119 to, co by\u0142o g\u0142\u00f3wnym celem i Legia po raz kolejny nie zosta\u0142a mistrzem Polski.<\/p>\n<p class=\"Paragraph_desktopParagraph__Fd2e9\">W dru\u017cynie Legii by\u0142y dwa o\u015brodki trzymaj\u0105ce w\u0142adz\u0119 \u2014 Josue jako kapitan i polska grupa. Tym drugim trudno by\u0142o go zaakceptowa\u0107 jako kapitana. Gdyby by\u0142y wybory, wtedy z pewno\u015bci\u0105 nie zosta\u0142by nim. To by\u0142a decyzja Runjaicia.<\/p>\n<p class=\"Paragraph_desktopParagraph__Fd2e9\">Portugalczyk bywa\u0142 denerwuj\u0105cy, dogadywa\u0142, w\u015bcieka\u0142 si\u0119. \u0141ama\u0142 podstawowe elementy \u017cycia dru\u017cyny, co irytowa\u0142o innych. Oni wytykali mu, \u017ce jest s\u0142abym kapitanem i nigdy nie powinien nim zosta\u0107. On odpowiada\u0142, \u017ce oni nie potrafi\u0105 gra\u0107 w pi\u0142k\u0119. \u2014 Dlaczego w Legii s\u0105 s\u0142abi pi\u0142karze? \u2014 pyta\u0142.<\/p>\n<p class=\"Paragraph_desktopParagraph__Fd2e9\">Przekona\u0107 si\u0119 do niego musia\u0142 Runjai\u0107. Jeszcze na pierwszym, nieoficjalnym spotkaniu z dziennikarzami, zarzeka\u0142 si\u0119, \u017ce Josue z jego dru\u017cyny odejdzie. Kiedy jednak zacz\u0105\u0142 z nim prac\u0119, nie tylko Josue nie odszed\u0142, ale dosta\u0142 opask\u0119. Gdy przyjrzymy si\u0119 stylowi przyw\u00f3dztwa Runjaicia, to ten szkoleniowiec lubi hierarchi\u0119. Je\u017celi jeste\u015b do\u015bwiadczony i bronisz si\u0119 na boisku, to b\u0119dziesz gra\u0142. Na zarzuty wobec Josue odpowiada\u0142:<\/p>\n<p class=\"Paragraph_desktopParagraph__Fd2e9\">\u2014 No i co z tego, \u017ce Jo jest taki? Ma gole, ma asysty. Jak dacie mi innego, co b\u0119dzie mia\u0142 tyle samo goli i asyst, to go zamieni\u0119. Ale dop\u00f3ki nie mam takich, to b\u0119dzie gra\u0142 Josue.<\/p>\n<p class=\"Paragraph_desktopParagraph__Fd2e9\">Portugalczyk w\u015br\u00f3d kibic\u00f3w Legii zadba\u0142 o sw\u00f3j wizerunek, u\u0142o\u017cy\u0142 to pod siebie. Do dobrej gry do\u0142o\u017cy\u0142 wypowiedzi medialne, zachowanie na boisku, rado\u015b\u0107 po golach. Tak kupi\u0142 \u017bylet\u0119. Mistrzostwa z Legi\u0105 nie zdoby\u0142, ale i tak jest mistrzem \u2014 w kreowaniu w\u0142asnego wizerunku.<\/p>\n<p class=\"Paragraph_desktopParagraph__Fd2e9\">***<\/p>\n<p class=\"Paragraph_desktopParagraph__Fd2e9\">Dla Goncalo Feio istotnym punktem by\u0142 trening indywidualny. Cho\u0107by dwa razy w tygodniu po 15 minut, je\u017celi gra\u0107 trzeba by\u0142o w cyklu niedziela \u2014 czwartek \u2014 niedziela. Inaki Astiz zajmowa\u0142 si\u0119 wtedy stoperami, Daniel Wojtasz bra\u0142 skrzyd\u0142owych, Emanuel Ribeiro dba\u0142 o \u015brodkowych pomocnik\u00f3w, a Grzegorz Mokry pracowa\u0142 z napastnikami.<\/p>\n<p class=\"Paragraph_desktopParagraph__Fd2e9\">Do tego dochodzi\u0142a indywidualna analiza. Razem tworzy\u0142o to ju\u017c godzin\u0119, czy dwie dodatkowego treningu. Skoro nie by\u0142o czasu na trenowanie, to trzeba by\u0142o rozwija\u0107 zawodnik\u00f3w poprzez analizy. Trenerzy szykowali filmy dedykowane poszczeg\u00f3lnym graczom i z nimi pracowali, np. Morishita w tygodniu sp\u0119dza\u0142 dwie godziny na analizach indywidualnych z Wojtaszem.<\/p>\n<p class=\"Paragraph_desktopParagraph__Fd2e9\">Legia rozczarowa\u0142a w lidze, ale wielu zawodnik\u00f3w mog\u0142o by\u0107 zadowolonych z indywidualnych statystyk:<\/p>\n<ul class=\"UnorderedList_container__KYgxM\">\n<li class=\"UnorderedList_listElement___UdbM\">Ryoya Morishita \u2014 14 goli, 14 asyst (51 mecz\u00f3w)<\/li>\n<li class=\"UnorderedList_listElement___UdbM\">Marc Gual \u2014 19 goli, 8 asyst (48 mecz\u00f3w)<\/li>\n<li class=\"UnorderedList_listElement___UdbM\">Luquinhas \u2014 13 goli, 3 asysty (46 mecz\u00f3w)<\/li>\n<li class=\"UnorderedList_listElement___UdbM\">Bartosz Kapustka \u2014 12 goli, 4 asysty (41 mecz\u00f3w)<\/li>\n<li class=\"UnorderedList_listElement___UdbM\">Pawe\u0142 Wszo\u0142ek \u2014 6 goli, 8 asyst (49 mecz\u00f3w)<\/li>\n<li class=\"UnorderedList_listElement___UdbM\">Kacper Chodyna \u2014 6 goli, 7 asyst (45 mecz\u00f3w)<\/li>\n<li class=\"UnorderedList_listElement___UdbM\">Ruben Vinagre \u2014 2 gole, 9 asyst (50 mecz\u00f3w)<\/li>\n<\/ul>\n<p class=\"Paragraph_desktopParagraph__Fd2e9\">Zwolennicy Feio do tej wyliczanki doliczaj\u0105 Jana Zi\u00f3\u0142kowskiego i Maxiego Oyedele, kt\u00f3rzy po sezonie przepracowanym z tym trenerem zwr\u00f3cili na siebie uwag\u0119 zachodnich skaut\u00f3w, a Legia zarobi\u0142a na ich sprzeda\u017cy \u2014 Zi\u00f3\u0142kowski odszed\u0142 do Romy, a Oyedele do Strasbourga.<\/p>\n<p class=\"Paragraph_desktopParagraph__Fd2e9\">***<\/p>\n<p class=\"Paragraph_desktopParagraph__Fd2e9\">Edi Iordanescu pracowa\u0142 inaczej, a do analiz nie przyk\u0142ada\u0142 takiej wagi. Dla pi\u0142karzy, przez p\u00f3\u0142tora roku przyzwyczajonych do drobiazgowej pracy z trenerami poza boiskiem, by\u0142o to zaskoczeniem. Z kolei Iordanescu zaskoczy\u0142a polska liga. Zaskoczy\u0142a \u015bwiadomo\u015bci\u0105 taktyczn\u0105 innych trener\u00f3w, spodziewa\u0142 si\u0119, \u017ce z jego do\u015bwiadczeniem b\u0119dzie mu \u0142atwiej wej\u015b\u0107 do niej i zrobi\u0107 r\u00f3\u017cnic\u0119.<\/p>\n<p class=\"Paragraph_desktopParagraph__Fd2e9\">Ci, kt\u00f3rzy przygl\u0105dali si\u0119 jego pracy, okre\u015blaj\u0105 go typem mened\u017cera. Albo selekcjonera. Mi\u0119dzy nim i pi\u0142karzami Legii nie by\u0142o z\u0142ej krwi, nie tam trzeba szuka\u0107 przyczyn ich s\u0142abych wynik\u00f3w z jesieni.<\/p>\n<p class=\"Paragraph_desktopParagraph__Fd2e9\">Iordanescu nie pomog\u0142o to, \u017ce Legia po raz kolejny wymieni\u0142a kadr\u0119, co na ka\u017cdym dowodz\u0105cym dru\u017cyn\u0105 wymusza \u017cmudn\u0105, detaliczn\u0105 robot\u0119. By\u0107 mo\u017ce, gdyby otoczy\u0142 si\u0119 lepszymi trenerami, wszed\u0142 z mocniejszym sztabem, jego styl zarz\u0105dzania m\u00f3g\u0142by si\u0119 sprawdzi\u0107. Oni wykonywaliby prac\u0119 na boisku, on zaj\u0105\u0142by si\u0119 zarz\u0105dzaniem.<\/p>\n<p><img decoding=\"async\" src=\"https:\/\/www.europesays.com\/pl\/wp-content\/uploads\/2025\/11\/1764360438_342_edi-iordanescu.jpeg\" alt=\"Edi Iordanescu\" width=\"944\" height=\"629\" loading=\"lazy\" class=\"\" \/>Edi Iordanescu (Foto: Piotr Kucza \/ FOTOPYK)<\/p>\n<p class=\"Paragraph_desktopParagraph__Fd2e9\">Legia Iordnaescu najlepiej gra\u0142a na pocz\u0105tku sezonu, gdy w baku zosta\u0142o jeszcze paliwo po Feio. I ten sam sk\u0142ad. Zreszt\u0105 rumu\u0144skiemu trenerowi podoba\u0142a si\u0119 gra Legii w zesz\u0142ym sezonie i nie chcia\u0142 rewolucji. Najch\u0119tniej do tej dru\u017cyny do\u0142o\u017cy\u0142by trzech pi\u0142karzy i tylu transfer\u00f3w oczekiwa\u0142. Celowa\u0142 w zawodnik\u00f3w z mocnymi nazwiskami, kt\u00f3rzy od razu byliby wzmocnieniem. Nie chcia\u0142 wielu zmian w kadrze, jednak w Legii dzia\u0142o si\u0119 tyle, \u017ce w szatni mo\u017cna by\u0142o zamontowa\u0107 drzwi obrotowe, bo zawodnicy przychodzili i odchodzili. Czy wszystkie transfery by\u0142y przemy\u015blane? Legia po przyj\u015bciu Arkadiusz Reca ma dzi\u015b w kadrze trzech lewych obro\u0144c\u00f3w. Wi\u0119cej ni\u017c zdrowych napastnik\u00f3w, kt\u00f3rzy nad dodatek zawodz\u0105. Ch\u0119\u0107 stabilizacji sko\u0144czy\u0142a si\u0119 tym, \u017ce ze sk\u0142adu, kt\u00f3ry w po\u0142owie kwietnia rozpocz\u0105\u0142 zwyci\u0119ski rewan\u017c z Chelsea w LKE, zosta\u0142o pi\u0119ciu graczy.<\/p>\n<p class=\"Paragraph_desktopParagraph__Fd2e9\">***<\/p>\n<p class=\"Paragraph_desktopParagraph__Fd2e9\">Legia z poprzednich wyst\u0119p\u00f3w w Europie zebra\u0142a do\u015bwiadczenie i mia\u0142a ju\u017c swoje wnioski w newralgicznym temacie \u2014 pr\u00f3by \u0142\u0105czenia gry w lidze i pucharach. W Warszawie d\u0105\u017cyli do tego, by ta wiedza zosta\u0142a u nich niezale\u017cnie od tego, kto b\u0119dzie pierwszym trenerem. Przy zmianach chcieli mie\u0107 gotowe procedury, a nie za ka\u017cdym razem startowa\u0107 od zera. W idealnym \u015bwiecie, wymy\u015blonym jeszcze przez Zieli\u0144skiego jako dyrektora sportowego, nowy trener mia\u0142 s\u0142ysze\u0107 na powitaniu w Legii: &#8222;Dzie\u0144 dobry, to jest nasze know-how. W mniejszym lub wi\u0119kszym stopniu to dzia\u0142a&#8221;. Wnioski zebrane po wcze\u015bniejszym graniu co trzy dni dotyka\u0142y wielu p\u0142aszczyzn \u2014 od logistyki (Kiedy lecie\u0107 na mecz? Jak trenowa\u0107 na miejscu? Kiedy wraca\u0107) po regeneracj\u0119. Wprawdzie s\u0105 jeszcze elementy, kt\u00f3re trzeba udoskonali\u0107, ale podstawy zosta\u0142y zrobione.<\/p>\n<p class=\"Paragraph_desktopParagraph__Fd2e9\">Legia analizowa\u0142a w ostatnich latach te\u017c przygotowanie fizyczne zawodnik\u00f3w, intensywno\u015b\u0107 treningow\u0105, regeneracj\u0119 czy rotacje. Wnioski, przygotowane najpierw przez Przemys\u0142awa Ma\u0142eckiego jako asystenta Kostry Runjaicia, wskazywa\u0142y, by w meczach robi\u0107 trzy, maksymalnie cztery rotacje.<\/p>\n<p class=\"Paragraph_desktopParagraph__Fd2e9\">Do tego zalecano unika\u0107 dw\u00f3ch zmian w tej samej formacji, bo zesp\u00f3\u0142 to naczynia powi\u0105zane. Na przyk\u0142adzie Legii z zesz\u0142ego sezonu dobr\u0105 dynamik\u0119 na prawej stronie zapewnia\u0142o trio Pawe\u0142 Wszo\u0142ek, Kacper Chodyna oraz schodz\u0105cy tam Bartosz Kapustka i zesp\u00f3\u0142 z tego korzysta\u0142. We trzech zadbali o 24 gole i 19 asyst. Albo wyb\u00f3r defensywnego pomocnika. Z Rafa\u0142em Augustyniakiem w sk\u0142adzie wskazani byli dwaj stoperzy dobrze wprowadzaj\u0105cy pi\u0142k\u0119. Przy Maxim Oyedele mogli by\u0107 w tym elemencie s\u0142absi, bo akurat ten pi\u0142karz lepiej wychodzi spod pressingu.<\/p>\n<p><img decoding=\"async\" src=\"https:\/\/www.europesays.com\/pl\/wp-content\/uploads\/2025\/11\/maxi-oyedele.jpeg\" alt=\"Maxi Oyedele\" width=\"944\" height=\"629\" loading=\"lazy\" class=\"\" \/>Maxi Oyedele (Foto: Dariusz Hermiersz \/ newspix.pl)<\/p>\n<p class=\"Paragraph_desktopParagraph__Fd2e9\">Iordanescu nie by\u0142 tym szczeg\u00f3lnie zainteresowany i niespecjalnie korzysta\u0142 z wiedzy zgromadzonej w klubie. Legijne know-how wypracowane do\u015bwiadczeniami z poprzednich lat trafi\u0142o na p\u00f3\u0142k\u0119. Trener po meczu pucharowym z Banikiem w spotkaniu z Ark\u0105 (0:0) zrobi\u0142 dziewi\u0119\u0107 zmian. Podobnie by\u0142o z Samsunsporem (0:1) w LKE, gdzie zaskoczy\u0142 wszystkich i wystawi\u0142 dziesi\u0119ciu nowych zawodnik\u00f3w. Takie \u017conglowanie sk\u0142adem jest zawsze ryzykiem, gdy zawodnicy graj\u0105 ze sob\u0105 w tym ustawieniu pierwszy i ostatni raz.<\/p>\n<p class=\"Paragraph_desktopParagraph__Fd2e9\">Przeciwko AEK-owi Larnaka w grze o Lig\u0119 Europy warszawianie wystawili najlepszy sk\u0142ad, ale awans przegrali w zasadzie ju\u017c w pierwszym meczu (1:4). Zawiod\u0142a taktyka i przygotowanie do tego spotkania \u2014 jednego z najwa\u017cniejszych w sezonie dla Legii. Tym bardziej \u017ce jej trenerom na Cyprze nieoczekiwanie wpad\u0142y do r\u0105k plany, jakie szykuj\u0105 na nich gospodarze. Przed pierwszym meczem legioni\u015bci \u0107wiczyli na stadionie, a ich trening tradycyjnie dronem nagrywali sztabowcy. Kiedy zorientowali si\u0119, \u017ce obok, na bocznym boisku, w tym czasie trenuj\u0105 gracze AEK-u, skierowali drona w ich kierunku. W przesz\u0142o\u015bci Legia w podobnej sytuacji by\u0142a ofiar\u0105, gdy jej trening rejestrowa\u0142 dron obs\u0142ugiwany przez jednego ze sztabowc\u00f3w Rakowa, teraz sama z tego skorzysta\u0142a. Cypryjczycy trenowali sta\u0142e fragmenty oraz otwarcia gry, kt\u00f3rymi chcieli zaskoczy\u0107 legionist\u00f3w. Dzi\u0119ki nagraniu w obozie go\u015bci wiedzieli, \u017ce istotnym graczem przy tym rozegraniu b\u0119dzie \u015brodkowy pomocnik, kt\u00f3ry zbiega do boku. Wiedza z tego nagrania trafi\u0142a do Iordanescu, ale z niej nie skorzysta\u0142. Ju\u017c w meczu legioni\u015bci byli zaskakiwani rozwi\u0105zaniami, kt\u00f3re wcze\u015bniej \u0107wiczyli Cypryjczycy.<\/p>\n<p><img decoding=\"async\" src=\"https:\/\/www.europesays.com\/pl\/wp-content\/uploads\/2025\/11\/1764360440_303_marek-papszun.jpg\" alt=\"Marek Papszun\" width=\"944\" height=\"629\" loading=\"lazy\" class=\"\" \/>Marek Papszun (Foto: SOPA Images \/ Contributor \/ Getty Images)<\/p>\n<p class=\"Paragraph_desktopParagraph__Fd2e9\">Dzi\u015b Legi\u0105 na rozszala\u0142ym morzu miota od fali do fali, jakby w \u015brodku nie by\u0142o kapitana. Najlepiej wida\u0107 to po poszukiwaniach trenera, kt\u00f3re trwaj\u0105 od miesi\u0105ca. Zaproszenie Papszuna na pok\u0142ad oznacza kolejn\u0105 zmian\u0119 kursu. I nadziej\u0119, \u017ce mo\u017ce to on b\u0119dzie tym wyczekanym kapitanem.<\/p>\n","protected":false},"excerpt":{"rendered":"Podsumowaniem degrengolady jest przegrany mecz ze Spart\u0105 Praga, kt\u00f3ry legioni\u015bci sko\u0144czyli bez celnego strza\u0142u. Zbli\u017camy si\u0119 do momentu,&hellip;\n","protected":false},"author":2,"featured_media":123333,"comment_status":"","ping_status":"","sticky":false,"template":"","format":"standard","meta":{"footnotes":""},"categories":[5],"tags":[32,33,274,36,37,27,67,34,35,2563,194,2561,28,31,25,42,38,40,39,41,136,128,47,135,29,30,26,130],"class_list":{"0":"post-123332","1":"post","2":"type-post","3":"status-publish","4":"format-standard","5":"has-post-thumbnail","7":"category-naglowki","8":"tag-breaking-news","9":"tag-breakingnews","10":"tag-ekstraklasa","11":"tag-featured-news","12":"tag-featurednews","13":"tag-headlines","14":"tag-intextvideo_splayer","15":"tag-latest-news","16":"tag-latestnews","17":"tag-legia_warszawa","18":"tag-maja","19":"tag-marek_papszun","20":"tag-naglowki","21":"tag-najwazniejsze-artykuly","22":"tag-news","23":"tag-pl","24":"tag-poland","25":"tag-polish","26":"tag-polska","27":"tag-polski","28":"tag-ps_detal_new","29":"tag-psv2","30":"tag-screening_general","31":"tag-sport_sport","32":"tag-top-stories","33":"tag-topstories","34":"tag-wiadomosci","35":"tag-wiadomosci_sportowe"},"share_on_mastodon":{"url":"https:\/\/pubeurope.com\/@pl\/115629133298962119","error":""},"_links":{"self":[{"href":"https:\/\/www.europesays.com\/pl\/wp-json\/wp\/v2\/posts\/123332","targetHints":{"allow":["GET"]}}],"collection":[{"href":"https:\/\/www.europesays.com\/pl\/wp-json\/wp\/v2\/posts"}],"about":[{"href":"https:\/\/www.europesays.com\/pl\/wp-json\/wp\/v2\/types\/post"}],"author":[{"embeddable":true,"href":"https:\/\/www.europesays.com\/pl\/wp-json\/wp\/v2\/users\/2"}],"replies":[{"embeddable":true,"href":"https:\/\/www.europesays.com\/pl\/wp-json\/wp\/v2\/comments?post=123332"}],"version-history":[{"count":0,"href":"https:\/\/www.europesays.com\/pl\/wp-json\/wp\/v2\/posts\/123332\/revisions"}],"wp:featuredmedia":[{"embeddable":true,"href":"https:\/\/www.europesays.com\/pl\/wp-json\/wp\/v2\/media\/123333"}],"wp:attachment":[{"href":"https:\/\/www.europesays.com\/pl\/wp-json\/wp\/v2\/media?parent=123332"}],"wp:term":[{"taxonomy":"category","embeddable":true,"href":"https:\/\/www.europesays.com\/pl\/wp-json\/wp\/v2\/categories?post=123332"},{"taxonomy":"post_tag","embeddable":true,"href":"https:\/\/www.europesays.com\/pl\/wp-json\/wp\/v2\/tags?post=123332"}],"curies":[{"name":"wp","href":"https:\/\/api.w.org\/{rel}","templated":true}]}}