{"id":123361,"date":"2025-11-28T20:26:11","date_gmt":"2025-11-28T20:26:11","guid":{"rendered":"https:\/\/www.europesays.com\/pl\/123361\/"},"modified":"2025-11-28T20:26:11","modified_gmt":"2025-11-28T20:26:11","slug":"donald-trump-uderza-w-joe-bidena-anuluje-wszystkie-jego-rozporzadzenia","status":"publish","type":"post","link":"https:\/\/www.europesays.com\/pl\/123361\/","title":{"rendered":"Donald Trump uderza w Joe Bidena. Anuluje wszystkie jego rozporz\u0105dzenia"},"content":{"rendered":"<p>W skr\u00f3cie<\/p>\n<ul class=\"typography ids-typeset-body ids-typeset-body--preset-large list ids-list ids-list--unordered ids-list--size-large \" datatype=\"disc\">\n<li class=\"ids-list-item\">\n<p>Donald Trump og\u0142osi\u0142 uniewa\u017cnienie wszystkich rozkaz\u00f3w wykonawczych podpisanych przez Joe Bidena za pomoc\u0105 autopenu.<\/p>\n<\/li>\n<li class=\"ids-list-item\">\n<p>Trump i republikanie zarzucaj\u0105, \u017ce Biden nie podejmowa\u0142 samodzielnie decyzji o podpisywaniu dokument\u00f3w i \u017c\u0105daj\u0105 dochodzenia w tej sprawie.<\/p>\n<\/li>\n<li class=\"ids-list-item\">\n<p>Joe Biden oraz jego doradcy zdecydowanie zaprzeczaj\u0105 oskar\u017ceniom o brak kontroli nad decyzjami wykonawczymi.<\/p>\n<\/li>\n<li class=\"ids-list-item\"><\/li>\n<\/ul>\n<p class=\"typography ids-typeset-body ids-typeset-body--preset-large link paragraph ids-paragraph ids-paragraph--default\">Trump stwierdzi\u0142, \u017ce jego poprzednik &#8222;nie by\u0142 zaanga\u017cowany w proces autopen (urz\u0105dzenie do powielania podpis\u00f3w &#8211; red.)&#8221;, czyli nie decydowa\u0142 osobi\u015bcie o podpisach z\u0142o\u017conych t\u0105 metod\u0105, a je\u015bli twierdzi, \u017ce by\u0142, &#8222;to zostanie oskar\u017cony o krzywoprzysi\u0119stwo&#8221;.<\/p>\n<p class=\"typography ids-typeset-body ids-typeset-body--preset-large link paragraph ids-paragraph ids-paragraph--default\">&#8222;Ka\u017cdy dokument podpisany przez \u015api\u0105cego Joe Bidena za pomoc\u0105 autopenu, co stanowi\u0142o oko\u0142o 92 proc. wszystkich dokument\u00f3w, zostaje niniejszym uchylony i nie ma ju\u017c mocy ani skutk\u00f3w prawnych&#8221; &#8211; napisa\u0142 Trump na platformie Truth Social.<\/p>\n<p class=\"typography ids-typeset-body ids-typeset-body--preset-large link paragraph ids-paragraph ids-paragraph--default\">Prezydent USA podkre\u015bli\u0142, \u017ce u\u017cywanie autopenu bez wyra\u017anej zgody prezydenta Stan\u00f3w Zjednoczonych jest zabronione. &#8222;Skrajni lewicowi szale\u0144cy, kt\u00f3rzy otaczali Bidena wok\u00f3\u0142 pi\u0119knego biurka Resolute w Gabinecie Owalnym, odebrali mu prezydentur\u0119&#8221; &#8211; doda\u0142 we wpisie.<\/p>\n<p>USA. Afera wok\u00f3\u0142 podpis\u00f3w Joe Bidena. Republikanie \u017c\u0105dali uniewa\u017cnienia dokument\u00f3w<\/p>\n<p class=\"typography ids-typeset-body ids-typeset-body--preset-large link paragraph ids-paragraph ids-paragraph--default\">Ju\u017c pod koniec pa\u017adziernika republika\u0144scy kongresmeni ocenili, \u017ce dokumenty podpisane przez Joe Bidena z u\u017cyciem tej metody powinny zosta\u0107 uniewa\u017cnione.<\/p>\n<p class=\"typography ids-typeset-body ids-typeset-body--preset-large link paragraph ids-paragraph ids-paragraph--default\">Zar\u00f3wno kongresmeni, jak i Trump, \u017c\u0105dali w\u00f3wczas dochodzenia prokuratury w tej sprawie. Jak podkre\u015blali, nie ma dowod\u00f3w w postaci dokumentacji, kt\u00f3re \u015bwiadczy\u0142yby o tym, \u017ce to Biden by\u0142 autorem decyzji o z\u0142o\u017ceniu podpis\u00f3w z wykorzystaniem wspomnianej metody.<\/p>\n<p class=\"typography ids-typeset-body ids-typeset-body--preset-large link paragraph ids-paragraph ids-paragraph--default\">Swoje obawy poparli stwierdzeniem, \u017ce otoczenie Bidena ukrywa\u0142o informacje o jego faktycznym stanie zdrowia. Ich zdaniem fakt, \u017ce funkcje poznawcze poprzednika Trumpa pogarsza\u0142y si\u0119, sprawia, \u017ce nie mo\u017cna mie\u0107 pewno\u015bci, i\u017c sam podejmowa\u0142 decyzje wykonawcze.<\/p>\n<p class=\"typography ids-typeset-body ids-typeset-body--preset-large link paragraph ids-paragraph ids-paragraph--default\">Joe Biden stanowczo zaprzecza\u0142 tym spekulacjom. Wezwany przed powo\u0142an\u0105 komisj\u0119, sprowadzi\u0142 oskar\u017cenia pod jego i jego administracji adresem do k\u0142amstw, zapewniaj\u0105c, \u017ce sam podejmowa\u0142 wszystkie decyzje. Tak samo zeznali jego doradcy.<\/p>\n<p class=\"typography ids-typeset-body ids-typeset-body--preset-large link paragraph ids-paragraph ids-paragraph--default\">Wkr\u00f3tce wi\u0119cej informacji&#8230;<\/p>\n<p>&#8222;Polityczny WF&#8221;: PiS idzie zbyt na lewo?INTERIA.PL<\/p>\n<p><a class=\"ids-undecorated-link source ids-page-info--source__link\" href=\"https:\/\/www.interia.pl\" rel=\"nofollow noopener\" target=\"_blank\"><img decoding=\"async\" class=\"ids-image-holder__img\" loading=\"lazy\" alt=\"\" title=\"\" height=\"24px\" src=\"https:\/\/www.europesays.com\/pl\/wp-content\/uploads\/2025\/11\/1763998694_431_0009A60QQ5I2TYF7-C202-F4.webp.webp\"\/><\/a><\/p>\n<p>Masz sugestie, uwagi albo widzisz b\u0142\u0105d? Napisz do nas<\/p>\n","protected":false},"excerpt":{"rendered":"W skr\u00f3cie Donald Trump og\u0142osi\u0142 uniewa\u017cnienie wszystkich rozkaz\u00f3w wykonawczych podpisanych przez Joe Bidena za pomoc\u0105 autopenu. Trump i&hellip;\n","protected":false},"author":2,"featured_media":123362,"comment_status":"","ping_status":"","sticky":false,"template":"","format":"standard","meta":{"footnotes":""},"categories":[14],"tags":[32,33,27,34,35,28,31,25,40,41,80,29,30,26,82,83,84],"class_list":{"0":"post-123361","1":"post","2":"type-post","3":"status-publish","4":"format-standard","5":"has-post-thumbnail","7":"category-swiat","8":"tag-breaking-news","9":"tag-breakingnews","10":"tag-headlines","11":"tag-latest-news","12":"tag-latestnews","13":"tag-naglowki","14":"tag-najwazniejsze-artykuly","15":"tag-news","16":"tag-polish","17":"tag-polski","18":"tag-swiat","19":"tag-top-stories","20":"tag-topstories","21":"tag-wiadomosci","22":"tag-world","23":"tag-world-news","24":"tag-worldnews"},"share_on_mastodon":{"url":"https:\/\/pubeurope.com\/@pl\/115629207624343819","error":""},"_links":{"self":[{"href":"https:\/\/www.europesays.com\/pl\/wp-json\/wp\/v2\/posts\/123361","targetHints":{"allow":["GET"]}}],"collection":[{"href":"https:\/\/www.europesays.com\/pl\/wp-json\/wp\/v2\/posts"}],"about":[{"href":"https:\/\/www.europesays.com\/pl\/wp-json\/wp\/v2\/types\/post"}],"author":[{"embeddable":true,"href":"https:\/\/www.europesays.com\/pl\/wp-json\/wp\/v2\/users\/2"}],"replies":[{"embeddable":true,"href":"https:\/\/www.europesays.com\/pl\/wp-json\/wp\/v2\/comments?post=123361"}],"version-history":[{"count":0,"href":"https:\/\/www.europesays.com\/pl\/wp-json\/wp\/v2\/posts\/123361\/revisions"}],"wp:featuredmedia":[{"embeddable":true,"href":"https:\/\/www.europesays.com\/pl\/wp-json\/wp\/v2\/media\/123362"}],"wp:attachment":[{"href":"https:\/\/www.europesays.com\/pl\/wp-json\/wp\/v2\/media?parent=123361"}],"wp:term":[{"taxonomy":"category","embeddable":true,"href":"https:\/\/www.europesays.com\/pl\/wp-json\/wp\/v2\/categories?post=123361"},{"taxonomy":"post_tag","embeddable":true,"href":"https:\/\/www.europesays.com\/pl\/wp-json\/wp\/v2\/tags?post=123361"}],"curies":[{"name":"wp","href":"https:\/\/api.w.org\/{rel}","templated":true}]}}