{"id":123381,"date":"2025-11-28T20:42:12","date_gmt":"2025-11-28T20:42:12","guid":{"rendered":"https:\/\/www.europesays.com\/pl\/123381\/"},"modified":"2025-11-28T20:42:12","modified_gmt":"2025-11-28T20:42:12","slug":"janja-lesar-zaskoczyla-wyznaniem-wspomniala-o-epizodzie-z-kobietami","status":"publish","type":"post","link":"https:\/\/www.europesays.com\/pl\/123381\/","title":{"rendered":"Janja Lesar zaskoczy\u0142a wyznaniem. Wspomnia\u0142a o &#8222;epizodzie z kobietami&#8221;"},"content":{"rendered":"<p class=\"ods-c-paragraph \">W ostatnich tygodniach pojawia\u0142o si\u0119 wiele pyta\u0144 o \u017cycie uczuciowe Janji Lesar. W rozmowie z Kozaczkiem tancerka potwierdzi\u0142a to, o czym w kuluarach m\u00f3wi\u0142o si\u0119 ju\u017c od d\u0142u\u017cszego czasu. Jej zwi\u0105zek z Krzysztofem Hulbojem nale\u017cy ju\u017c do przesz\u0142o\u015bci. Jak wyja\u015bni\u0142a, po raz pierwszy w \u017cyciu chce <a href=\"https:\/\/plejada.pl\/newsy\/janja-lesar-potwierdzila-rozstanie-mowi-co-naprawde-laczy-ja-z-zillmann\/36byzcm\" id=\"12439e8a-dc68-4580-8b84-091cd35ba481\" rel=\"nofollow noopener\" target=\"_blank\">\u015bwiadomie poby\u0107 sama<\/a> i ws\u0142ucha\u0107 si\u0119 we w\u0142asne potrzeby.<\/p>\n<p>Dalszy ci\u0105g artyku\u0142u pod materia\u0142em wideo<\/p>\n<p> Co powiedzia\u0142a Janja Lesar o swoim zwi\u0105zku z Krzysztofem Hulbojem? <\/p>\n<p> Jak Janja Lesar wspomina swoje epizody z kobietami? <\/p>\n<p> Czy Janja Lesar wyklucza zwi\u0105zek z kobiet\u0105 w przysz\u0142o\u015bci? <\/p>\n<p> Jakie relacje \u0142\u0105cz\u0105 Janj\u0119 Lesar i Katarzyn\u0119 Zillmann? <\/p>\n<p>  Janja Lesar mia\u0142a &#8222;epizody z kobietami&#8221;. &#8222;Tak \u017cycie mnie jako\u015b prowadzi\u0142o&#8221;<\/p>\n<p class=\"ods-c-paragraph \">Co ciekawe, w najnowszym wywiadzie tancerka otworzy\u0142a si\u0119 tak\u017ce na temat swojej przesz\u0142o\u015bci, przyznaj\u0105c, \u017ce w m\u0142odo\u015bci zdarza\u0142o jej si\u0119 wchodzi\u0107 w relacje z kobietami. Podkre\u015bli\u0142a jednak, \u017ce traktowa\u0142a je jako etap dojrzewania i poznawania w\u0142asnych potrzeb.<\/p>\n<blockquote class=\"ods-o-quota\">\n<p class=\"ods-o-quota__paragraph\">Tak, oczywi\u015bcie. Mia\u0142am wcze\u015bniej epizody z kobietami. Nie takie powa\u017cne, ale jak by\u0142am nastolatk\u0105, wiadomo, pewnie ka\u017cdy troch\u0119 eksperymentowa\u0142. Tak \u017cycie mnie jako\u015b prowadzi\u0142o, \u017ce mia\u0142am szcz\u0119\u015bcie, \u017ce dobrze si\u0119 mia\u0142am do tej pory. Czu\u0142am si\u0119 zawsze dobrze z lud\u017ami, z kt\u00f3rymi jestem. Mam szcz\u0119\u015bcie do ludzi tak og\u00f3lnie i te\u017c jestem dla nich dobra<\/p>\n<\/blockquote>\n<p class=\"ods-c-paragraph \">\u2014 zaznaczy\u0142a.<\/p>\n<p class=\"ods-c-paragraph \">Dopytywana, czy w przysz\u0142o\u015bci mog\u0142aby zwi\u0105za\u0107 si\u0119 z kobiet\u0105, Lesar przyzna\u0142a, \u017ce w tym momencie nie wyklucza takiego scenariusza. 48-latka odnios\u0142a si\u0119 r\u00f3wnie\u017c do spekulacji dotycz\u0105cych jej relacji z <a href=\"https:\/\/plejada.pl\/katarzyna-zillmann\" id=\"36c11528-b87c-4e7a-82a3-1fe105005e5b\" rel=\"nofollow noopener\" target=\"_blank\">Katarzyn\u0105 Zillmann<\/a>. Cho\u0107 zapewni\u0142a, \u017ce nie s\u0105 par\u0105, doda\u0142a, \u017ce trudno by\u0142o nie zauwa\u017cy\u0107 pewnego zauroczenia. <\/p>\n<blockquote class=\"ods-o-quota\">\n<p class=\"ods-o-quota__paragraph\">Nie b\u0119d\u0119 tego ukrywa\u0107. Wszyscy to widzieli<\/p>\n<\/blockquote>\n<p class=\"ods-c-paragraph \">\u2014 skwitowa\u0142a.<\/p>\n<p><img decoding=\"async\" src=\"https:\/\/www.europesays.com\/pl\/wp-content\/uploads\/2025\/11\/gmWk9lBaHR0cHM6Ly9vY2RuLmV1L3B1bHNjbXMvTURBXy9kMzQzNDQ2NTk0NTgyZGMxMGIxODJjMjNjZDNkYTU5NC5qcGeRlQLNA.jpeg\" height=\"529\" width=\"940\" alt=\"Katarzyna Zillmann i Janja Lesar\" loading=\"lazy\" class=\"ods-c-image__img ods-c-image__img--vertical\"\/><\/p>\n<p>Katarzyna Zillmann i Janja LesarAndras Szilagyi \/ MW Media<\/p>\n<p class=\"ods-c-paragraph \">Dzi\u0119kujemy, \u017ce przeczyta\u0142a\u015b\/e\u015b nasz artyku\u0142 do ko\u0144ca. W serwisie Plejada.pl ka\u017cdego dnia piszemy o najwa\u017cniejszych wydarzeniach show-biznesowych. B\u0105d\u017a na bie\u017c\u0105co! <a rel=\"nofollow noopener\" href=\"https:\/\/profile.google.com\/cp\/Cg0vZy8xMWJ6X19wdHBx\" id=\"71c97675-9f1f-4443-8580-6634cd6017d6\" target=\"_blank\">Obserwuj<\/a> Plejad\u0119 w Wiadomo\u015bciach Google. Odwied\u017a nas tak\u017ce na <a rel=\"nofollow noopener\" href=\"https:\/\/www.facebook.com\/plejadapl\" id=\"1b7e67dc-9250-4eb3-a674-d84390c2866b\" target=\"_blank\">Facebooku<\/a>, <a rel=\"nofollow noopener\" href=\"https:\/\/www.instagram.com\/plejadapl\/\" id=\"127c69bf-85c4-4fd4-a75f-0624394ad88e\" target=\"_blank\">Instagramie<\/a>, <a rel=\"nofollow noopener\" href=\"https:\/\/www.youtube.com\/c\/plejada\" id=\"0adaa2f0-8f2f-4d73-830d-e000461274a9\" target=\"_blank\">YouTube<\/a> oraz <a rel=\"nofollow noopener\" href=\"https:\/\/www.tiktok.com\/@plejada_pl\" id=\"04f16b4e-e9ef-49ec-a8de-95ce05ab43b1\" target=\"_blank\">TikToku<\/a>.<\/p>\n<p class=\"ods-c-paragraph \">Chcesz podzieli\u0107 si\u0119 ciekawym newsem lub zaproponowa\u0107 temat? Skontaktuj si\u0119 z nami, pisz\u0105c e-maila na adres: <a rel=\"nofollow noopener\" href=\"https:\/\/plejada.pl\/newsy\/janja-lesar-zaskoczyla-wyznaniem-wspomniala-o-epizodzie-z-kobietami\/mailto:plejada@redakcjaonet.pl\" id=\"d7b6c306-bc54-413d-bd5c-ec7ea63a4a80\" target=\"_blank\">plejada@redakcjaonet.pl<\/a>.<\/p>\n<p><script async src=\"\/\/www.instagram.com\/embed.js\"><\/script><script async src=\"\/\/www.tiktok.com\/embed.js\"><\/script><\/p>\n","protected":false},"excerpt":{"rendered":"W ostatnich tygodniach pojawia\u0142o si\u0119 wiele pyta\u0144 o \u017cycie uczuciowe Janji Lesar. W rozmowie z Kozaczkiem tancerka potwierdzi\u0142a&hellip;\n","protected":false},"author":2,"featured_media":123382,"comment_status":"","ping_status":"","sticky":false,"template":"","format":"standard","meta":{"footnotes":""},"categories":[5],"tags":[32,33,36,37,27,3765,3561,17697,34,35,28,31,48,25,125,46,42,38,40,39,41,47,1884,29,30,26],"class_list":{"0":"post-123381","1":"post","2":"type-post","3":"status-publish","4":"format-standard","5":"has-post-thumbnail","7":"category-naglowki","8":"tag-breaking-news","9":"tag-breakingnews","10":"tag-featured-news","11":"tag-featurednews","12":"tag-headlines","13":"tag-janja_lesar","14":"tag-katarzyna_zillmann","15":"tag-krzysztof_hulboj","16":"tag-latest-news","17":"tag-latestnews","18":"tag-naglowki","19":"tag-najwazniejsze-artykuly","20":"tag-nat_styl","21":"tag-news","22":"tag-newsy","23":"tag-omp","24":"tag-pl","25":"tag-poland","26":"tag-polish","27":"tag-polska","28":"tag-polski","29":"tag-screening_general","30":"tag-taniec_z_gwiazdami","31":"tag-top-stories","32":"tag-topstories","33":"tag-wiadomosci"},"share_on_mastodon":{"url":"https:\/\/pubeurope.com\/@pl\/115629270626678020","error":""},"_links":{"self":[{"href":"https:\/\/www.europesays.com\/pl\/wp-json\/wp\/v2\/posts\/123381","targetHints":{"allow":["GET"]}}],"collection":[{"href":"https:\/\/www.europesays.com\/pl\/wp-json\/wp\/v2\/posts"}],"about":[{"href":"https:\/\/www.europesays.com\/pl\/wp-json\/wp\/v2\/types\/post"}],"author":[{"embeddable":true,"href":"https:\/\/www.europesays.com\/pl\/wp-json\/wp\/v2\/users\/2"}],"replies":[{"embeddable":true,"href":"https:\/\/www.europesays.com\/pl\/wp-json\/wp\/v2\/comments?post=123381"}],"version-history":[{"count":0,"href":"https:\/\/www.europesays.com\/pl\/wp-json\/wp\/v2\/posts\/123381\/revisions"}],"wp:featuredmedia":[{"embeddable":true,"href":"https:\/\/www.europesays.com\/pl\/wp-json\/wp\/v2\/media\/123382"}],"wp:attachment":[{"href":"https:\/\/www.europesays.com\/pl\/wp-json\/wp\/v2\/media?parent=123381"}],"wp:term":[{"taxonomy":"category","embeddable":true,"href":"https:\/\/www.europesays.com\/pl\/wp-json\/wp\/v2\/categories?post=123381"},{"taxonomy":"post_tag","embeddable":true,"href":"https:\/\/www.europesays.com\/pl\/wp-json\/wp\/v2\/tags?post=123381"}],"curies":[{"name":"wp","href":"https:\/\/api.w.org\/{rel}","templated":true}]}}