{"id":123505,"date":"2025-11-28T22:02:11","date_gmt":"2025-11-28T22:02:11","guid":{"rendered":"https:\/\/www.europesays.com\/pl\/123505\/"},"modified":"2025-11-28T22:02:11","modified_gmt":"2025-11-28T22:02:11","slug":"dlaczego-zmarl-hogan-jego-przyjaciel-ujawnia-szokujaca-teorie","status":"publish","type":"post","link":"https:\/\/www.europesays.com\/pl\/123505\/","title":{"rendered":"Dlaczego zmar\u0142 Hogan? Jego przyjaciel ujawnia szokuj\u0105c\u0105 teori\u0119"},"content":{"rendered":"\n<p class=\"contentpart contentpart--default contentpart--text\" data-position=\"0\"><a href=\"https:\/\/sportowefakty.wp.pl\/inne\/hulk-hogan\" rel=\"nofollow noopener\" target=\"_blank\">Hulk Hogan<\/a>\u00a0&#8211;\u00a0w\u0142a\u015bciwie Terry Gene Bollea &#8211; zmar\u0142 w lipcu w wieku 71 lat po zawale serca, do kt\u00f3rego dosz\u0142o w jego domu na Florydzie. By\u0142 w trakcie terapii po d\u0142ugiej hospitalizacji i powa\u017cnym zabiegu, podczas kt\u00f3rego uszkodzono jego nerw przeponowy. Bliscy od tygodni obserwowali gwa\u0142towne pogorszenie jego stanu zdrowia.<\/p>\n<p class=\"contentpart contentpart--default contentpart--text\" data-position=\"1\"><a href=\"https:\/\/sportowefakty.wp.pl\/wrestling\/ric-flair\" rel=\"nofollow noopener\" target=\"_blank\">Ric Flair<\/a>,\u00a0cz\u0142onek Galerii S\u0142aw WWE,\u00a0wysun\u0105\u0142 nowe, kontrowersyjne twierdzenia dotycz\u0105ce przyczyny \u015bmierci Hogana.<\/p>\n<p> <img role=\"presentation\" src=\"https:\/\/std.wpcdn.pl\/images\/adv\/placeholder_wp.svg\" loading=\"lazy\" alt=\"\" decoding=\"async\"\/>  <\/p>\n<p class=\"contentpart contentpart--default contentpart--text\" data-position=\"2\">ZOBACZ WIDEO: By\u0142a 10. sekunda meczu. Niebywa\u0142e, co zrobi\u0142 bramkarz<\/p>\n<p class=\"contentpart contentpart--default contentpart--text\" data-position=\"4\">W podca\u015bcie Double Coverage powiedzia\u0142: &#8211; Rozmawia\u0142em z nim dzie\u0144 przed \u015bmierci\u0105. Nie powinienem tego m\u00f3wi\u0107, ale zabi\u0142y go narkotyki z ulicy &#8211; zdradzi\u0142 Flair.<\/p>\n<p class=\"contentpart contentpart--default contentpart--text\" data-position=\"5\">Legenda\u00a0wrestlingu opisa\u0142a, \u017ce Hogan mia\u0142 ogromne problemy b\u00f3lowe po licznych operacjach: &#8211;\u00a0Kiedy lekarz odm\u00f3wi\u0142 wypisywaniu mu dalszych recept, bardzo cierpia\u0142. Potem przeszed\u0142 operacj\u0119 szyi i wda\u0142o si\u0119 zaka\u017cenie &#8211; wspomina Flair. &#8211; Wi\u0119c poszli po narkotyki z ulicy &#8211; dodawa\u0142.<\/p>\n<p class=\"contentpart contentpart--default contentpart--text\" data-position=\"6\">76-latek wyzna\u0142, \u017ce dramatyczny koniec Hogana budzi w nim niepok\u00f3j: &#8211; Mia\u0142em powa\u017cne problemy zdrowotne, ale nic mnie nie boli &#8211; przyzna\u0142, po czym doda\u0142: &#8211; To mnie niepokoi i oczywi\u015bcie daje l\u0119k, \u017ce mog\u0119 by\u0107 nast\u0119pny &#8211; nawi\u0105za\u0142 do \u015bmierci przyjaciela.<\/p>\n","protected":false},"excerpt":{"rendered":"Hulk Hogan\u00a0&#8211;\u00a0w\u0142a\u015bciwie Terry Gene Bollea &#8211; zmar\u0142 w lipcu w wieku 71 lat po zawale serca, do kt\u00f3rego&hellip;\n","protected":false},"author":2,"featured_media":123506,"comment_status":"","ping_status":"","sticky":false,"template":"","format":"standard","meta":{"footnotes":""},"categories":[22],"tags":[122,26351,42,38,40,39,41,26352,123,1256,2905],"class_list":{"0":"post-123505","1":"post","2":"type-post","3":"status-publish","4":"format-standard","5":"has-post-thumbnail","7":"category-rozrywka","8":"tag-entertainment","9":"tag-hulk-hogan","10":"tag-pl","11":"tag-poland","12":"tag-polish","13":"tag-polska","14":"tag-polski","15":"tag-ric-flair","16":"tag-rozrywka","17":"tag-sporty-walki","18":"tag-wrestling"},"share_on_mastodon":{"url":"https:\/\/pubeurope.com\/@pl\/115629585034883950","error":""},"_links":{"self":[{"href":"https:\/\/www.europesays.com\/pl\/wp-json\/wp\/v2\/posts\/123505","targetHints":{"allow":["GET"]}}],"collection":[{"href":"https:\/\/www.europesays.com\/pl\/wp-json\/wp\/v2\/posts"}],"about":[{"href":"https:\/\/www.europesays.com\/pl\/wp-json\/wp\/v2\/types\/post"}],"author":[{"embeddable":true,"href":"https:\/\/www.europesays.com\/pl\/wp-json\/wp\/v2\/users\/2"}],"replies":[{"embeddable":true,"href":"https:\/\/www.europesays.com\/pl\/wp-json\/wp\/v2\/comments?post=123505"}],"version-history":[{"count":0,"href":"https:\/\/www.europesays.com\/pl\/wp-json\/wp\/v2\/posts\/123505\/revisions"}],"wp:featuredmedia":[{"embeddable":true,"href":"https:\/\/www.europesays.com\/pl\/wp-json\/wp\/v2\/media\/123506"}],"wp:attachment":[{"href":"https:\/\/www.europesays.com\/pl\/wp-json\/wp\/v2\/media?parent=123505"}],"wp:term":[{"taxonomy":"category","embeddable":true,"href":"https:\/\/www.europesays.com\/pl\/wp-json\/wp\/v2\/categories?post=123505"},{"taxonomy":"post_tag","embeddable":true,"href":"https:\/\/www.europesays.com\/pl\/wp-json\/wp\/v2\/tags?post=123505"}],"curies":[{"name":"wp","href":"https:\/\/api.w.org\/{rel}","templated":true}]}}