{"id":123561,"date":"2025-11-28T22:49:11","date_gmt":"2025-11-28T22:49:11","guid":{"rendered":"https:\/\/www.europesays.com\/pl\/123561\/"},"modified":"2025-11-28T22:49:11","modified_gmt":"2025-11-28T22:49:11","slug":"dramat-na-osiedlu-bajka-juz-raz-38-latek-oszukal-smierc","status":"publish","type":"post","link":"https:\/\/www.europesays.com\/pl\/123561\/","title":{"rendered":"dramat na osiedlu Bajka. Ju\u017c raz 38-latek oszuka\u0142 \u015bmier\u0107"},"content":{"rendered":"<p class=\"article-p\" data-section=\"detail-body\">Z naszych ustale\u0144 wynika, \u017ce \u0141ukasz P. mieszka\u0142 na co dzie\u0144 na osiedlu Szybownik\u00f3w w Fordonie. Znajduje si\u0119 ono niedaleko od lokalizacji, w kt\u00f3rej zosta\u0142 zaatakowany.<\/p>\n<p class=\"article-p\" data-section=\"detail-body\">Jak twierdz\u0105 s\u0105siedzi 38-latka, ten rzekomo od dawna mia\u0142 im sprawia\u0107 problemy. Z mieszkania rzekomo urz\u0105dzi\u0142 melin\u0119, w kt\u00f3rej regularnie mia\u0142y odbywa\u0107 si\u0119 narkotykowo-alkoholowe libacje.<\/p>\n<p class=\"article-p\" data-section=\"detail-body\">Raz te\u017c ju\u017c oszuka\u0142 \u015bmier\u0107. W ubieg\u0142ym roku, przed Bo\u017cym Narodzeniem, trafi\u0142 do szpitala. \u2014 Ledwo go wtedy odratowali \u2014 m\u00f3wi nam osoba, kt\u00f3ra go zna\u0142a.<\/p>\n<p>        Bydgoszcz. Przera\u017caj\u0105ce odkrycie na jednym z osiedli<\/p>\n<p class=\"article-p\" data-section=\"detail-body\">Do tragedii dosz\u0142o 23 listopada. Tu\u017c po godz. 17 policjanci otrzymali zg\u0142oszenie, \u017ce przed blokiem le\u017cy nieprzytomny i ci\u0119\u017cko ranny m\u0119\u017cczyzna. 38-latka odnaleziono w krzakach na s\u0105siednim osiedlu o nazwie Bajka. Funkcjonariusze udzielili mu pierwszej pomocy, a wezwana za\u0142oga pogotowia zabra\u0142a go do Szpitala im. Jurasza.<\/p>\n<p class=\"article-p\" data-section=\"detail-body\">Chwil\u0119 p\u00f3\u017aniej zatrzymano dw\u00f3ch m\u0119\u017cczyzn, w wieku 32 i 46 lat. Oboje byli pijani. Natomiast nast\u0119pnego dnia za kraty trafi\u0142 r\u00f3wnie\u017c 43-latek. Trzy dni p\u00f3\u017aniej s\u0105d tymczasowo aresztowa\u0142 ich na trzy miesi\u0105ce. M\u0119\u017cczy\u017ani z\u0142o\u017cyli w prokuraturze obszerne wyja\u015bnienia, ale na tym etapie post\u0119powania \u015bledczy nie chc\u0105 ujawnia\u0107 ich tre\u015bci.<\/p>\n<p class=\"article-p\" data-section=\"detail-body\">Wszyscy us\u0142yszeli zarzut spowodowanie ci\u0119\u017ckiego uszczerbku na zdrowiu. Grozi za to do 20 lat pozbawienia wolno\u015bci. Ale prokuratura nie wyklucza, \u017ce s\u0105dzeni b\u0119d\u0105 za zab\u00f3jstwo.<\/p>\n<p>        Zaczepka i alkohol. Mieszka\u0144cy Fordonu komentuj\u0105 tragedi\u0119<\/p>\n<p class=\"article-p\" data-section=\"detail-body\">Tego dnia \u0141ukasz P. wsp\u00f3lnie ze znajomymi mia\u0142 pi\u0107 alkohol, jeden z nich znajdowa\u0142 si\u0119 w kryzysie bezdomno\u015bci. \u2014 Podobno zaczepia\u0142 dziewczyn\u0119 jednego z koleg\u00f3w, dlatego zosta\u0142 zaatakowany \u2014 m\u00f3wi nam mieszkaniec osiedla, kt\u00f3ry chce pozosta\u0107 anonimowy.<\/p>\n<p class=\"article-p\" data-section=\"detail-body\">Wed\u0142ug nieoficjalnych informacji zaatakowany m\u0119\u017cczyzna m\u00f3g\u0142 zosta\u0107 pozbawiony genitali\u00f3w. Jeszcze tego samego dnia 38-latek przeszed\u0142 skomplikowan\u0105 operacj\u0119. Niestety, nie prze\u017cy\u0142 ataku. \u2014 Zlecili\u015bmy sekcj\u0119 zw\u0142ok, aby ustali\u0107, jakich dok\u0142adnie dozna\u0142 obra\u017ce\u0144 \u2014 poinformowa\u0142a Adrianna Bojarska-Majchrzak, szefowa prokuratury Bydgoszcz-P\u00f3\u0142noc.<\/p>\n<p class=\"article-p\" data-section=\"detail-body\">Zobacz tak\u017ce: <a href=\"https:\/\/www.fakt.pl\/wydarzenia\/trzymala-na-rekach-rannego-chlopca-nagle-podszedl-do-niej-lukasz-zak\/fyr7k3e\" id=\"83cde5a6-de6d-4af4-9d19-2d94f03e4a31\" rel=\"nofollow noopener\" target=\"_blank\">Nowe fakty z wypadku na Trasie \u0141azienkowskiej. Bohaterska kobieta ratowa\u0142a dziecko<\/a><\/p>\n<p>        \/3<\/p>\n<p>                    <img decoding=\"async\" class=\"article-image-img\" loading=\"lazy\" alt=\"\" src=\"https:\/\/www.europesays.com\/pl\/wp-content\/uploads\/2025\/11\/mmGk9kuTURBXy8yNmQ3ZTdlNi0wNGExLTQ5MjItYTg2NC1jMTI4MjRhZTFhNTkuanBlZ5GTAs0DSM0B194AAqEwAaExAQ.jpeg\" width=\"840\" height=\"471\"\/><\/p>\n<p>                  &#8211; \/ Materia\u0142y policyjne<\/p>\n<p class=\"article-gallery-p\">\n        Zakrwawiony m\u0119\u017cczyzna le\u017ca\u0142 przed blokiem, zmar\u0142 w szpitalu. Zatrzymano trzech podejrzanych.\n    <\/p>\n<p>        \/3<\/p>\n<p>                    <img decoding=\"async\" class=\"article-image-img\" loading=\"lazy\" alt=\"\" src=\"https:\/\/www.europesays.com\/pl\/wp-content\/uploads\/2025\/11\/Nc7k9kuTURBXy85ZjMwOGFmMi1hZWUwLTQwMjYtYjgyYy1mZjM1MDRhZTIxNjEuanBlZ5GTAs0DSM0By94AAqEwAaExAQ.jpeg\" width=\"840\" height=\"459\"\/><\/p>\n<p>                  &#8211; \/ Materia\u0142y policyjne<\/p>\n<p class=\"article-gallery-p\">\n         Na wniosek policjant\u00f3w i prokuratora, s\u0105d tymczasowo aresztowa\u0142 m\u0119\u017cczyzn na trzy miesi\u0105ce.\n    <\/p>\n","protected":false},"excerpt":{"rendered":"Z naszych ustale\u0144 wynika, \u017ce \u0141ukasz P. mieszka\u0142 na co dzie\u0144 na osiedlu Szybownik\u00f3w w Fordonie. Znajduje si\u0119&hellip;\n","protected":false},"author":2,"featured_media":123562,"comment_status":"","ping_status":"","sticky":false,"template":"","format":"standard","meta":{"footnotes":""},"categories":[5],"tags":[32,33,36,37,27,34,35,28,31,25,42,38,40,39,41,29,30,26],"class_list":{"0":"post-123561","1":"post","2":"type-post","3":"status-publish","4":"format-standard","5":"has-post-thumbnail","7":"category-naglowki","8":"tag-breaking-news","9":"tag-breakingnews","10":"tag-featured-news","11":"tag-featurednews","12":"tag-headlines","13":"tag-latest-news","14":"tag-latestnews","15":"tag-naglowki","16":"tag-najwazniejsze-artykuly","17":"tag-news","18":"tag-pl","19":"tag-poland","20":"tag-polish","21":"tag-polska","22":"tag-polski","23":"tag-top-stories","24":"tag-topstories","25":"tag-wiadomosci"},"share_on_mastodon":{"url":"https:\/\/pubeurope.com\/@pl\/115629769888861038","error":""},"_links":{"self":[{"href":"https:\/\/www.europesays.com\/pl\/wp-json\/wp\/v2\/posts\/123561","targetHints":{"allow":["GET"]}}],"collection":[{"href":"https:\/\/www.europesays.com\/pl\/wp-json\/wp\/v2\/posts"}],"about":[{"href":"https:\/\/www.europesays.com\/pl\/wp-json\/wp\/v2\/types\/post"}],"author":[{"embeddable":true,"href":"https:\/\/www.europesays.com\/pl\/wp-json\/wp\/v2\/users\/2"}],"replies":[{"embeddable":true,"href":"https:\/\/www.europesays.com\/pl\/wp-json\/wp\/v2\/comments?post=123561"}],"version-history":[{"count":0,"href":"https:\/\/www.europesays.com\/pl\/wp-json\/wp\/v2\/posts\/123561\/revisions"}],"wp:featuredmedia":[{"embeddable":true,"href":"https:\/\/www.europesays.com\/pl\/wp-json\/wp\/v2\/media\/123562"}],"wp:attachment":[{"href":"https:\/\/www.europesays.com\/pl\/wp-json\/wp\/v2\/media?parent=123561"}],"wp:term":[{"taxonomy":"category","embeddable":true,"href":"https:\/\/www.europesays.com\/pl\/wp-json\/wp\/v2\/categories?post=123561"},{"taxonomy":"post_tag","embeddable":true,"href":"https:\/\/www.europesays.com\/pl\/wp-json\/wp\/v2\/tags?post=123561"}],"curies":[{"name":"wp","href":"https:\/\/api.w.org\/{rel}","templated":true}]}}