{"id":123599,"date":"2025-11-28T23:28:10","date_gmt":"2025-11-28T23:28:10","guid":{"rendered":"https:\/\/www.europesays.com\/pl\/123599\/"},"modified":"2025-11-28T23:28:10","modified_gmt":"2025-11-28T23:28:10","slug":"szczesliwy-dzien-reprezentantek-polski-w-falun-pola-beltowska-i-anna-twardosz-z-najlepszymi-wynikami-w-karierze-sport-tvp-pl","status":"publish","type":"post","link":"https:\/\/www.europesays.com\/pl\/123599\/","title":{"rendered":"Szcz\u0119\u015bliwy dzie\u0144 reprezentantek Polski w Falun. Pola Be\u0142towska i Anna Twardosz z najlepszymi wynikami w karierze &#8211; sport.tvp.pl"},"content":{"rendered":"<ol>\n<li><a href=\"https:\/\/news.google.com\/rss\/articles\/CBMiswFBVV95cUxNS1NmdHpsTnBfQ1N0VEdyM1piWkRfaTIzU1lTZmJMLU9EdmRUeTkyWEVjRm0xRDVaS2VqMmR5SWhXbE9sUkg4TG8ybUJOU01Lb1dIQ2JkUVJJUDZ3Q0RTQk1UazQyTF9PU3lBU0VBLUU1Qmh3MXQwSllTcnpXaVY0VEZ0OEgyMUpTV3dydkdLb0FrRFBZMHlIMFNQM3AwcGppOThvV094WThqVmhoMUJjZTQ4NNIBuAFBVV95cUxPcTVPRjJlSG9IdG1NdHQ1RWlVTG8xR05qZGhOVUliMlMyejVTQnBQTHFZQUxlekFDdENXc0NEY0JCdmo2TWhsaC1VWlU5ZDFpSGVVa3diR3h4UGNuWTBMTFp0WEtBVE9Kd3RKNFdZLV9iVFhuTXBSaEliQXp3WTFMOHJrcGNSQlA4eGJzb1RQRFhqSG94N1NadnRBN1ZVLV9GOW44R2NTNGdydjRwZ3BaX3hfaFNWRnBT?oc=5\" target=\"_blank\" rel=\"nofollow noopener\">Szcz\u0119\u015bliwy dzie\u0144 reprezentantek Polski w Falun. Pola Be\u0142towska i Anna Twardosz z najlepszymi wynikami w karierze<\/a>&nbsp;&nbsp;sport.tvp.pl<\/li>\n<li><a href=\"https:\/\/news.google.com\/rss\/articles\/CBMi1AFBVV95cUxNZXVSX0lrVThJQmZ6VXpMMUNjd1Jld2oxR0IyZlFjRkVxYUFEQ2o1THQtXzlzbTBDelRVclUzS2FuNlo3T3YwNHdTSU5qNnJjanJRVDhmejVEcXNXR196anA5MjdJR0kxVDhndlRSR1FPLWN4TE9rLVQ5NGVsYUF1Wi12RGx3NmlhZHJHRUg3SjBGY1IxbkNzcnB5TmdPM0EtMVNweVFsMHlybzFXdHBCX0pyOEk1NjVyeENMVUE0SG14UWx0OC1BaXE0N0FQajBFT2FTMA?oc=5\" target=\"_blank\" rel=\"nofollow noopener\">Tak wysoko Polki jeszcze nie by\u0142y! Sensacja, historyczny wynik w P\u015a<\/a>&nbsp;&nbsp;Przegl\u0105d Sportowy Onet<\/li>\n<li><a href=\"https:\/\/news.google.com\/rss\/articles\/CBMivgFBVV95cUxPVjZZWnFtQTZlSFVwMXBiLXFjcHdsZ3EwN21VZm8tbV9Ic2g0QmZaUEM3VmprZnVPbjRBYWFvakFFYUYzRGQyUE9zSnJYeTl1NGdSN3J0NGdRMThXT0tkUzF0ZXF2aVlPMUQwMWVvUVloNlNjT280T0xKMHN1MEV4LTZoOFVXWVhLQWR1UEV6Z196TXpaUXVMQzR1SUxCU25DNzR2QnRIQU1WajRrMWlaSEFLclhicFc0d1prd09B?oc=5\" target=\"_blank\" rel=\"nofollow noopener\">Historyczny skok dla Polski w Pucharze \u015awiata. On ju\u017c wiedzia\u0142, od razu wielka rado\u015b\u0107 [WIDEO]<\/a>&nbsp;&nbsp;Sport w INTERIA.PL<\/li>\n<li><a href=\"https:\/\/news.google.com\/rss\/articles\/CBMiswFBVV95cUxON18tTENYR1lqUTFIVjVUUldTVjZ5UjctQkpCdkw3Ylg0Wm9EZVpBel81NENSaVItV0ZUSkNsOE5mLW1pUkVVUEVMQnJObmYzYy1UcUxRX2hkTEZ1SGhEeWFtalUtZHF1T2NUVERiSGRFZlFsYlNMZm0xZDVFQkloNEEyQ2JpYmNDMWFtajFfc1l0c2sxNFR3c1RCY3pySEhZU1VqYnFZZm82S2pUQXBUdlk4a9IBuAFBVV95cUxQQXBtXzFnX0dETGFFYjEyd2lxcEZvVHhHU1BLeDBRRXhkdW5UUVNiakhKeGNSdXllUzJibHZsazNHd3BMVHE0YTFYd21TeDVneW0tZFdDNGlkbENaRGk4aXJPUDRfbm5kR1dtLXIwdkVfT3BGb1RFYmlOQkxSdXo4OUpkUWk5dU9pVkpyQ1QyZzZyNGJ4VnBsYjBNWWJ2S2I0eFcwYWM2VkhPenRLcTFJbVI5MHE5QmRr?oc=5\" target=\"_blank\" rel=\"nofollow noopener\">Historyczny sukces Anna Twardosz i Poli Be\u0142towskiej. Stefan Hula: fart? Jaki niby fart?<\/a>&nbsp;&nbsp;sport.tvp.pl<\/li>\n<li><a href=\"https:\/\/news.google.com\/rss\/articles\/CBMipgFBVV95cUxQVmFtYmdMSUxtemFCazhxd1lFWnhSY3pHSEZwVDB5bDdvUzR2elJUS054dUpIZ2pCYUJRalIxWmZsMXNoUHA5SXdRNjV4cGJidWxxbkhleWVjYTZkMXhsSmV2dXF4N2lxZld5V3pYbFphcjlLWTVvSzl3N0Zmb2p1VlJvbXl5RndoRF9ldGhqeEF3ci1uLWl3azVsQjN3T1JkX0ZSeEhB?oc=5\" target=\"_blank\" rel=\"nofollow noopener\">Polskie skoki czeka\u0142y na to 2126 dni! Nagle pad\u0142 rekord<\/a>&nbsp;&nbsp;Sport.pl<\/li>\n<\/ol>\n","protected":false},"excerpt":{"rendered":"Szcz\u0119\u015bliwy dzie\u0144 reprezentantek Polski w Falun. Pola Be\u0142towska i Anna Twardosz z najlepszymi wynikami w karierze&nbsp;&nbsp;sport.tvp.pl Tak wysoko&hellip;\n","protected":false},"author":2,"featured_media":123600,"comment_status":"","ping_status":"","sticky":false,"template":"","format":"standard","meta":{"footnotes":""},"categories":[24],"tags":[24374,25010,42,26297,38,40,39,41,24598,26359,127,334,126],"class_list":{"0":"post-123599","1":"post","2":"type-post","3":"status-publish","4":"format-standard","5":"has-post-thumbnail","7":"category-sport","8":"tag-anna-twardosz","9":"tag-falun","10":"tag-pl","11":"tag-pola-beltowska","12":"tag-poland","13":"tag-polish","14":"tag-polska","15":"tag-polski","16":"tag-ps-2025-2026","17":"tag-skoki-narciarskie-kobiet","18":"tag-sport","19":"tag-sport-tvp-pl","20":"tag-sports"},"share_on_mastodon":{"url":"https:\/\/pubeurope.com\/@pl\/115629922942899892","error":""},"_links":{"self":[{"href":"https:\/\/www.europesays.com\/pl\/wp-json\/wp\/v2\/posts\/123599","targetHints":{"allow":["GET"]}}],"collection":[{"href":"https:\/\/www.europesays.com\/pl\/wp-json\/wp\/v2\/posts"}],"about":[{"href":"https:\/\/www.europesays.com\/pl\/wp-json\/wp\/v2\/types\/post"}],"author":[{"embeddable":true,"href":"https:\/\/www.europesays.com\/pl\/wp-json\/wp\/v2\/users\/2"}],"replies":[{"embeddable":true,"href":"https:\/\/www.europesays.com\/pl\/wp-json\/wp\/v2\/comments?post=123599"}],"version-history":[{"count":0,"href":"https:\/\/www.europesays.com\/pl\/wp-json\/wp\/v2\/posts\/123599\/revisions"}],"wp:featuredmedia":[{"embeddable":true,"href":"https:\/\/www.europesays.com\/pl\/wp-json\/wp\/v2\/media\/123600"}],"wp:attachment":[{"href":"https:\/\/www.europesays.com\/pl\/wp-json\/wp\/v2\/media?parent=123599"}],"wp:term":[{"taxonomy":"category","embeddable":true,"href":"https:\/\/www.europesays.com\/pl\/wp-json\/wp\/v2\/categories?post=123599"},{"taxonomy":"post_tag","embeddable":true,"href":"https:\/\/www.europesays.com\/pl\/wp-json\/wp\/v2\/tags?post=123599"}],"curies":[{"name":"wp","href":"https:\/\/api.w.org\/{rel}","templated":true}]}}