{"id":123603,"date":"2025-11-28T23:34:10","date_gmt":"2025-11-28T23:34:10","guid":{"rendered":"https:\/\/www.europesays.com\/pl\/123603\/"},"modified":"2025-11-28T23:34:10","modified_gmt":"2025-11-28T23:34:10","slug":"syn-agnieszki-maciag-pozegnal-mame-poruszajace-slowa","status":"publish","type":"post","link":"https:\/\/www.europesays.com\/pl\/123603\/","title":{"rendered":"Syn Agnieszki Maci\u0105g po\u017cegna\u0142 mam\u0119. Poruszaj\u0105ce s\u0142owa"},"content":{"rendered":"<p>27 listopada Robert Wola\u0144ski poinformowa\u0142 za po\u015brednictwem medi\u00f3w spo\u0142eczno\u015bciowych o\u00a0\u015bmierci swojej \u017cony &#8211;\u00a0Agnieszki Maci\u0105g. Pisarka i\u00a0modelka odesz\u0142a w\u00a0wieku 56 lat. Od d\u0142u\u017cszego czasu <a href=\"https:\/\/www.pudelek.pl\/agnieszka-maciag-walczyla-z-nowotworem-kilka-miesiecy-temu-56-latka-miala-nawrot-choroby-7226450197740448a\" rel=\"noopener noreferrer nofollow\" target=\"_blank\">zmaga\u0142a si\u0119 z\u00a0chorob\u0105 nowotworow\u0105<\/a>. Jej \u015bmier\u0107 wstrz\u0105sn\u0119\u0142a polskim <a href=\"https:\/\/www.pudelek.pl\/tag\/show+biznes\/\" rel=\"noopener noreferrer nofollow\" target=\"_blank\">show biznesem<\/a>. Zmar\u0142\u0105 po\u017cegna\u0142 szereg znanych twarzy.<\/p>\n<p>Szczeg\u00f3lnie pogr\u0105\u017ceni w\u00a0\u017ca\u0142obie s\u0105 najbli\u017csi Maci\u0105g. Modelka mia\u0142a dw\u00f3jk\u0119 dzieci, 33-letniego dzi\u015b syna Micha\u0142a i <a href=\"https:\/\/www.pudelek.pl\/agnieszka-maciag-w-zeszlym-roku-musiala-uciekac-z-corka-przed-wielka-powodzia-zostalismy-zupelnie-odcieci-od-swiata-7226630014933856a\" rel=\"noopener noreferrer nofollow\" target=\"_blank\">13-letni\u0105 c\u00f3rk\u0119 Helen\u0119<\/a>.<\/p>\n<p>Martyna Wojciechowska wspomina \u015bmier\u0107 ojca swojej c\u00f3rki: &#8222;Obieca\u0142am sobie, \u017ce nie b\u0119d\u0119 mam\u0105 i\u00a0tat\u0105&#8221; <\/p>\n<p>Syn Agnieszki Maci\u0105g zabra\u0142 g\u0142os. Poruszaj\u0105ce s\u0142owa <\/p>\n<p>Pierworodny Agnieszki, kt\u00f3rego doczeka\u0142a si\u0119 ze zwi\u0105zku z\u00a0Paw\u0142em Maci\u0105giem &#8211;\u00a0synem Barbary Wrzesi\u0144skiej, zabra\u0142 g\u0142os. Tak po\u017cegna\u0142 ukochan\u0105 mam\u0119.<\/p>\n<p>Kochana Grupo. Niestety, dzisiaj moja ukochana Mama, Agnieszka Maci\u0105g, odesz\u0142a po d\u0142ugiej walce z\u00a0chorob\u0105. Prosz\u0119, \u017ceby\u015bcie si\u0119 nie za\u0142amywa\u0142y. Mama tego nie chcia\u0142a. Zamiast tego poczujmy wdzi\u0119czno\u015b\u0107 za wsp\u00f3lnie sp\u0119dzony z\u00a0ni\u0105 czas. Boli tak bardzo, bo tak bardzo j\u0105 kochali\u015bmy &#8211;\u00a0napisa\u0142 w\u00a0social mediach, nast\u0119pnie t\u0142umacz\u0105c:<\/p>\n<p>Przepraszam osoby, kt\u00f3re pyta\u0142y o\u00a0nowy webinar, zosta\u0142em poproszony o\u00a0zachowanie maksymalnej dyskrecji. Nagram dla Was materia\u0142, jak si\u0119 troch\u0119 pozbieram, powiem, co b\u0119dzie dalej. Dodam go do ostatnich webinar\u00f3w.<\/p>\n<p>Na koniec doda\u0142, \u017ce trudno mu pogodzi\u0107 si\u0119 ze strat\u0105.<\/p>\n<p>Dzi\u0119kuj\u0119, \u017ce jeste\u015bmy razem w\u00a0tym trudnym czasie. Mimo \u017ce mama chorowa\u0142a od dawna, to nie wierzy\u0142em, \u017ce w\u00a0tym wszech\u015bwiecie jest mo\u017cliwo\u015b\u0107, \u017ceby taka osoba mog\u0142a przedwcze\u015bnie odej\u015b\u0107&#8230; &#8211; zako\u0144czy\u0142.<\/p>\n","protected":false},"excerpt":{"rendered":"27 listopada Robert Wola\u0144ski poinformowa\u0142 za po\u015brednictwem medi\u00f3w spo\u0142eczno\u015bciowych o\u00a0\u015bmierci swojej \u017cony &#8211;\u00a0Agnieszki Maci\u0105g. Pisarka i\u00a0modelka odesz\u0142a w\u00a0wieku&hellip;\n","protected":false},"author":2,"featured_media":123604,"comment_status":"","ping_status":"","sticky":false,"template":"","format":"standard","meta":{"footnotes":""},"categories":[5],"tags":[32,33,36,37,27,34,35,28,31,25,42,38,40,39,41,29,30,26],"class_list":{"0":"post-123603","1":"post","2":"type-post","3":"status-publish","4":"format-standard","5":"has-post-thumbnail","7":"category-naglowki","8":"tag-breaking-news","9":"tag-breakingnews","10":"tag-featured-news","11":"tag-featurednews","12":"tag-headlines","13":"tag-latest-news","14":"tag-latestnews","15":"tag-naglowki","16":"tag-najwazniejsze-artykuly","17":"tag-news","18":"tag-pl","19":"tag-poland","20":"tag-polish","21":"tag-polska","22":"tag-polski","23":"tag-top-stories","24":"tag-topstories","25":"tag-wiadomosci"},"share_on_mastodon":{"url":"https:\/\/pubeurope.com\/@pl\/115629946563007230","error":""},"_links":{"self":[{"href":"https:\/\/www.europesays.com\/pl\/wp-json\/wp\/v2\/posts\/123603","targetHints":{"allow":["GET"]}}],"collection":[{"href":"https:\/\/www.europesays.com\/pl\/wp-json\/wp\/v2\/posts"}],"about":[{"href":"https:\/\/www.europesays.com\/pl\/wp-json\/wp\/v2\/types\/post"}],"author":[{"embeddable":true,"href":"https:\/\/www.europesays.com\/pl\/wp-json\/wp\/v2\/users\/2"}],"replies":[{"embeddable":true,"href":"https:\/\/www.europesays.com\/pl\/wp-json\/wp\/v2\/comments?post=123603"}],"version-history":[{"count":0,"href":"https:\/\/www.europesays.com\/pl\/wp-json\/wp\/v2\/posts\/123603\/revisions"}],"wp:featuredmedia":[{"embeddable":true,"href":"https:\/\/www.europesays.com\/pl\/wp-json\/wp\/v2\/media\/123604"}],"wp:attachment":[{"href":"https:\/\/www.europesays.com\/pl\/wp-json\/wp\/v2\/media?parent=123603"}],"wp:term":[{"taxonomy":"category","embeddable":true,"href":"https:\/\/www.europesays.com\/pl\/wp-json\/wp\/v2\/categories?post=123603"},{"taxonomy":"post_tag","embeddable":true,"href":"https:\/\/www.europesays.com\/pl\/wp-json\/wp\/v2\/tags?post=123603"}],"curies":[{"name":"wp","href":"https:\/\/api.w.org\/{rel}","templated":true}]}}