{"id":123622,"date":"2025-11-28T23:55:12","date_gmt":"2025-11-28T23:55:12","guid":{"rendered":"https:\/\/www.europesays.com\/pl\/123622\/"},"modified":"2025-11-28T23:55:12","modified_gmt":"2025-11-28T23:55:12","slug":"takie-stanowisko-ma-prezydent-nawrocki-w-sprawie-planu-pokojowego-trzy-punkty","status":"publish","type":"post","link":"https:\/\/www.europesays.com\/pl\/123622\/","title":{"rendered":"Takie stanowisko ma prezydent Nawrocki w sprawie planu pokojowego. Trzy punkty"},"content":{"rendered":"<p class=\"ods-c-paragraph \">W pi\u0105tek rano Zbigniew Bogucki, szef Kancelarii Prezydenta Karola Nawrockiego, pojawi\u0142 si\u0119 w programie &#8222;Rozmowa polityczna w Tr\u00f3jce&#8221;. Jednym z temat\u00f3w dyskusji prowadz\u0105cej z politykiem by\u0142 ujawniony pod koniec zesz\u0142ego tygodnia przez ameryka\u0144ski portal Axios<a href=\"https:\/\/wiadomosci.onet.pl\/swiat\/28-punktowy-plan-pokojowy-dla-ukrainy-jeden-z-zapisow-dotyczy-polski\/lys4hb6\" id=\"3d407ca1-51a6-4bf6-8f4c-d30590d6e23b\" rel=\"nofollow noopener\" target=\"_blank\"> 28-punktowy plan pokojowy USA dla Ukrainy, negocjowany mi\u0119dzy Amerykanami a Rosjanami.<\/a><\/p>\n<p class=\"ods-c-paragraph \">Zgodnie z nim Kij\u00f3w mia\u0142by zobowi\u0105za\u0107 si\u0119 m.in. do nieprzyst\u0119powania do NATO, ograniczenia liczebno\u015bci armii oraz zrzeczenia si\u0119 kontroli nad Donbasem. W planie pojawi\u0142 si\u0119 r\u00f3wnie\u017c jeden punkt dotycz\u0105cy Polski. Wed\u0142ug niego w naszym kraju maj\u0105 stacjonowa\u0107 europejskie my\u015bliwce. Plan zosta\u0142 p\u00f3\u017aniej zmodyfikowany w trakcie negocjacji w Genewie.<\/p>\n<blockquote class=\"ods-o-quota\">\n<p class=\"ods-o-quota__paragraph\">Czy prezydent Karol Nawrocki zadzwoni\u0142 np. do Donalda Trumpa i zapyta\u0142, o co chodzi?<\/p>\n<\/blockquote>\n<p class=\"ods-c-paragraph \">\u2014 zapyta\u0142a prowadz\u0105ca program Renata Grochal, nawi\u0105zuj\u0105c tym samym do 28-punktowego planu pokojowego dla Ukrainy.<\/p>\n<p>Dalszy ci\u0105g artyku\u0142u pod materia\u0142em wideo<\/p>\n<p> Jakie s\u0105 trzy punkty stanowiska prezydenta Nawrockiego dotycz\u0105cego planu pokojowego dla Ukrainy? <\/p>\n<p> Dlaczego prezydent Nawrocki uwa\u017ca, \u017ce Rosja nie dotrzymuje um\u00f3w? <\/p>\n<p> Czy plan pokojowy musi mie\u0107 zgod\u0119 Kijowa i sojusznik\u00f3w? <\/p>\n<p> Jak prezydent Nawrocki odnosi si\u0119 do mo\u017cliwo\u015bci zwyci\u0119stwa Rosji w porozumieniu? <\/p>\n<p>  Cz\u0142owiek prezydenta Karola Nawrockiego ujawnia jego stanowisko. Chodzi o plan pokojowy dla Ukrainy<\/p>\n<p class=\"ods-c-paragraph \">Na wst\u0119pie swojej odpowiedzi Zbigniew Bogucki podkre\u015bli\u0142, \u017ce Karol Nawrocki &#8222;bardzo jasno, stanowczo i konkretnie wypowiedzia\u0142 si\u0119 w kontek\u015bcie planu&#8221; pokojowego dla Ukrainy. Wymieni\u0142 trzy elementy stanowiska prezydenta.<\/p>\n<blockquote class=\"ods-o-quota\">\n<p class=\"ods-o-quota__paragraph\">Po pierwsze prezydent m\u00f3wi\u0142, \u017ce trzeba pami\u0119ta\u0107, \u017ce Rosja nie dotrzymuje um\u00f3w, a wi\u0119c trzeba stworzy\u0107 takie zabezpieczenia dla Ukrainy, kt\u00f3re b\u0119d\u0105 odstrasza\u0142y Rosj\u0119, b\u0119d\u0105 realnym instrumentem zabezpieczaj\u0105cym pok\u00f3j<\/p>\n<\/blockquote>\n<p class=\"ods-c-paragraph \">\u2014 m\u00f3wi\u0142 szef Kancelarii Prezydenta.<\/p>\n<blockquote class=\"ods-o-quota\">\n<p class=\"ods-o-quota__paragraph\">Po drugie, m\u00f3wi\u0142 o tym, \u017ce nie mo\u017cna zawrze\u0107 tego pokojowego porozumienia bez zgody Kijowa, ale tak\u017ce sojusznik\u00f3w Kijowa i europejskich, i Polski, i Stan\u00f3w Zjednoczonych<\/p>\n<\/blockquote>\n<p class=\"ods-c-paragraph \">\u2014 doda\u0142.<\/p>\n<p class=\"ods-c-paragraph \">Jako trzeci punkt podkre\u015bli\u0142, \u017ce wed\u0142ug prezydenta &#8222;porozumienie nie mo\u017ce by\u0107 zwyci\u0119stwem agresora&#8221;, czyli Rosji. Zbigniew Bogucki zaznaczy\u0142 r\u00f3wnie\u017c, \u017ce do tej pr\u00f3by zawarcia pokoju nale\u017cy podchodzi\u0107 &#8222;z rozwag\u0105, ostro\u017cno\u015bci\u0105, dystansem i dyplomatycznym spokojem&#8221;. Jak doda\u0142, wcze\u015bniej dochodzi\u0142o ju\u017c do podobnych sytuacji, kt\u00f3re nie ko\u0144czy\u0142y si\u0119 jednak porozumieniem. Jego zdaniem i ta pr\u00f3ba zawarcia pokoju nie sko\u0144czy si\u0119 nim.<\/p>\n","protected":false},"excerpt":{"rendered":"W pi\u0105tek rano Zbigniew Bogucki, szef Kancelarii Prezydenta Karola Nawrockiego, pojawi\u0142 si\u0119 w programie &#8222;Rozmowa polityczna w Tr\u00f3jce&#8221;.&hellip;\n","protected":false},"author":2,"featured_media":123623,"comment_status":"","ping_status":"","sticky":false,"template":"","format":"standard","meta":{"footnotes":""},"categories":[5],"tags":[32,33,44,36,37,27,43,49,34,35,28,31,48,25,46,42,13037,38,40,39,41,87,47,29,30,415,71,26,788],"class_list":{"0":"post-123622","1":"post","2":"type-post","3":"status-publish","4":"format-standard","5":"has-post-thumbnail","7":"category-naglowki","8":"tag-breaking-news","9":"tag-breakingnews","10":"tag-donald_trump","11":"tag-featured-news","12":"tag-featurednews","13":"tag-headlines","14":"tag-karol_nawrocki","15":"tag-kraj","16":"tag-latest-news","17":"tag-latestnews","18":"tag-naglowki","19":"tag-najwazniejsze-artykuly","20":"tag-nat_styl","21":"tag-news","22":"tag-omp","23":"tag-pl","24":"tag-plan_pokojowy","25":"tag-poland","26":"tag-polish","27":"tag-polska","28":"tag-polski","29":"tag-rosja","30":"tag-screening_general","31":"tag-top-stories","32":"tag-topstories","33":"tag-ukraina","34":"tag-usa","35":"tag-wiadomosci","36":"tag-zbigniew_bogucki"},"share_on_mastodon":{"url":"https:\/\/pubeurope.com\/@pl\/115630029048950572","error":""},"_links":{"self":[{"href":"https:\/\/www.europesays.com\/pl\/wp-json\/wp\/v2\/posts\/123622","targetHints":{"allow":["GET"]}}],"collection":[{"href":"https:\/\/www.europesays.com\/pl\/wp-json\/wp\/v2\/posts"}],"about":[{"href":"https:\/\/www.europesays.com\/pl\/wp-json\/wp\/v2\/types\/post"}],"author":[{"embeddable":true,"href":"https:\/\/www.europesays.com\/pl\/wp-json\/wp\/v2\/users\/2"}],"replies":[{"embeddable":true,"href":"https:\/\/www.europesays.com\/pl\/wp-json\/wp\/v2\/comments?post=123622"}],"version-history":[{"count":0,"href":"https:\/\/www.europesays.com\/pl\/wp-json\/wp\/v2\/posts\/123622\/revisions"}],"wp:featuredmedia":[{"embeddable":true,"href":"https:\/\/www.europesays.com\/pl\/wp-json\/wp\/v2\/media\/123623"}],"wp:attachment":[{"href":"https:\/\/www.europesays.com\/pl\/wp-json\/wp\/v2\/media?parent=123622"}],"wp:term":[{"taxonomy":"category","embeddable":true,"href":"https:\/\/www.europesays.com\/pl\/wp-json\/wp\/v2\/categories?post=123622"},{"taxonomy":"post_tag","embeddable":true,"href":"https:\/\/www.europesays.com\/pl\/wp-json\/wp\/v2\/tags?post=123622"}],"curies":[{"name":"wp","href":"https:\/\/api.w.org\/{rel}","templated":true}]}}