{"id":123626,"date":"2025-11-29T00:00:21","date_gmt":"2025-11-29T00:00:21","guid":{"rendered":"https:\/\/www.europesays.com\/pl\/123626\/"},"modified":"2025-11-29T00:00:21","modified_gmt":"2025-11-29T00:00:21","slug":"andrij-jermak-podal-sie-do-dymisji","status":"publish","type":"post","link":"https:\/\/www.europesays.com\/pl\/123626\/","title":{"rendered":"Andrij Jermak poda\u0142 si\u0119 do dymisji"},"content":{"rendered":"<p><img alt=\"\"   src=\"https:\/\/www.europesays.com\/pl\/wp-content\/uploads\/2025\/11\/AFP__20250311__36ZQ787__v1__HighRes__SaudiUkraineUsRussiaConflictDiplomacy.jpg\" decoding=\"async\" data-nimg=\"fill\" class=\"image\" style=\"position:absolute;top:0;left:0;bottom:0;right:0;box-sizing:border-box;padding:0;border:none;margin:auto;display:block;width:0;height:0;min-width:100%;max-width:100%;min-height:100%;max-height:100%;object-fit:cover\"\/><\/p>\n<p>Prawa autorskie: Fot. Telegram \/Andrij Jermak \/ AFPFot. Telegram \/Andri&#8230;<\/p>\n<p>Afera korupcyjna w Ukrainie. Ze\u0142enski: Andrij Jermak poda\u0142 si\u0119 do dymisji Zaloguj si\u0119, aby zapisa\u0107 na p\u00f3\u017aniej<\/p>\n<p class=\"mt-3 font-serif font-semibold text-lg text-gray-900 lg:mt-5 lg:text-xl lg:leading-8 dark:text-gray-50 print:dark:text-black\">Andrij Jermak by\u0142 szefem Biura Prezydenta Ukrainy i sta\u0142 na czele ukrai\u0144skiej delegacji w sprawie zako\u0144czenia wojny. Rano s\u0142u\u017cby antykorupcyjne przeprowadzi\u0142y przeszukania w domu Jermaka. Bliski wsp\u00f3\u0142pracownik Ze\u0142enskiego mo\u017ce by\u0107 uwik\u0142any w afer\u0119 korupcyjn\u0105 w sektorze energetycznym.<\/p>\n<p class=\"typography__paragraph my-5 font-serif font-normal text-xl leading-8 text-gray-900 dark:text-gray-50 print:dark:text-black break-words\">Wo\u0142odymyr Ze\u0142enski w wieczornym wideo do obywateli <a rel=\"noindex nofollow noopener\" target=\"_blank\" href=\"https:\/\/www.facebook.com\/reel\/1167940572070977\" class=\"typography__anchor underline text-gray-900 decoration-red-700 cursor-pointer hover:text-red-700 dark:text-gray-50 dark:decoration-red-400 dark:hover:text-red-400 print:dark:text-black break-words\">poinformowa\u0142<\/a>, \u017ce Andrij Jermak, szef Biura Prezydenta z\u0142o\u017cy\u0142 wniosek o dymisj\u0119. Prezydent go podpisa\u0142. <\/p>\n<p class=\"typography__paragraph my-5 font-serif font-normal text-xl leading-8 text-gray-900 dark:text-gray-50 print:dark:text-black break-words\">\u201eKiedy ca\u0142a uwaga skupia si\u0119 na dyplomacji, na obronie w czasie wojny, potrzebna jest wewn\u0119trzna si\u0142a. Wewn\u0119trzna si\u0142a jest podstaw\u0105 naszej zewn\u0119trznej jedno\u015bci i naszych relacji ze \u015bwiatem. A \u017ceby by\u0142a wewn\u0119trzna si\u0142a, nie mo\u017ce by\u0107 powod\u00f3w, \u017ceby si\u0119 rozprasza\u0107 czym\u015b innym ni\u017c obrona Ukrainy. Chc\u0119, \u017ceby nikt nie mia\u0142 \u017cadnych pyta\u0144 do Ukrainy\u201d \u2013 wyja\u015bni\u0142 Ze\u0142enski. <\/p>\n<p class=\"typography__paragraph my-5 font-serif font-normal text-xl leading-8 text-gray-900 dark:text-gray-50 print:dark:text-black break-words\">Ukrai\u0144ski prezydent podzi\u0119kowa\u0142 Jermakowi za to, \u017ce \u201eukrai\u0144skie stanowisko w negocjacjach zawsze by\u0142o przez niego przedstawiane tak, jak powinno\u201d. <\/p>\n<p class=\"typography__paragraph my-5 font-serif font-normal text-xl leading-8 text-gray-900 dark:text-gray-50 print:dark:text-black break-words\">\u201eZawsze by\u0142o to stanowisko patriotyczne. Chcia\u0142bym jednak, aby nie by\u0142o plotek i spekulacji\u201d \u2013 m\u00f3wi\u0142 Ze\u0142enski. Doda\u0142, \u017ce nast\u0105pi reorganizacja Biura Prezydenta Ukrainy, a jutro prezydent przeprowadzi rozmowy z potencjalnymi kandydatami na stanowisko nowego szefa Biura Prezydenta. <\/p>\n<p class=\"typography__paragraph my-5 font-serif font-normal text-xl leading-8 text-gray-900 dark:text-gray-50 print:dark:text-black break-words\">Ze\u0142enski poinformowa\u0142, \u017ce najbli\u017cszym czasie odb\u0119d\u0105 si\u0119 kolejne spotkania ze stron\u0105 ameryka\u0144sk\u0105, dotycz\u0105ce zako\u0144czenia wojny w Ukrainie. Ze strony ukrai\u0144skiej wezm\u0105 w nich udzia\u0142 szef Sztabu Generalnego, przedstawiciele Ministerstwa Spraw Zagranicznych, sekretarz Rady Bezpiecze\u0144stwa Narodowego i przedstawiciel ukrai\u0144skiego wywiadu. <\/p>\n<p class=\"typography__paragraph my-5 font-serif font-normal text-xl leading-8 text-gray-900 dark:text-gray-50 print:dark:text-black break-words\">\u201eKiedy wszyscy stoimy przed takim zewn\u0119trznym wyzwaniem, jakim jest wojna, musimy by\u0107 silni wewn\u0119trznie. Sto procent naszych si\u0142 zostanie skoncentrowane na obronie Ukrainy. Ka\u017cdy musi teraz dzia\u0142a\u0107 w\u0142a\u015bnie w ten spos\u00f3b, w interesie naszego pa\u0144stwa, i broni\u0107 naszego pa\u0144stwa. To niezmienna zasada\u201d \u2013 kontynuowa\u0142 Ze\u0142enski. <\/p>\n<p class=\"typography__paragraph my-5 font-serif font-normal text-xl leading-8 text-gray-900 dark:text-gray-50 print:dark:text-black break-words\">Powiedzia\u0142 te\u017c, \u017ce oczekuje od premiera i rz\u0105du uchwalenia bud\u017cetu na 2026 rok oraz kandydatur na ministr\u00f3w energii i sprawiedliwo\u015bci (19 listopada Rada Najwy\u017csza zdymisjonowa\u0142a ministr\u00f3w Swit\u0142an\u0119 Hrynczuk i Hermana Ha\u0142uszczenk\u0119, kt\u00f3rzy mog\u0105 by\u0107 zamieszani w afer\u0119 korupcyjn\u0105 w sektorze energetycznym). <\/p>\n<p class=\"typography__paragraph my-5 font-serif font-normal text-xl leading-8 text-gray-900 dark:text-gray-50 print:dark:text-black break-words\">\u201eNale\u017cy oceni\u0107 obecnych ministr\u00f3w, aby wyci\u0105gn\u0105\u0107 absolutnie jasne wnioski, czy obecni urz\u0119dnicy s\u0105 w stanie sprosta\u0107 wyzwaniom tej zimy i tej wojny\u201d \u2013 podkre\u015bli\u0142 Ze\u0142enski.<\/p>\n<p class=\"typography__paragraph my-5 font-serif font-normal text-xl leading-8 text-gray-900 dark:text-gray-50 print:dark:text-black break-words\">Dzi\u015b (28 listopada) rano ukrai\u0144skie s\u0142u\u017cby antykorupcyjne przeprowadzi\u0142y przeszukania w domu szefa Biura Prezydenta Ukrainy Andrija Jermaka. Ma to zwi\u0105zek z ujawniona 10 listopada wielk\u0105 afer\u0105 korupcyjn\u0105 w ukrai\u0144skim sektorze energetycznym. Ludzie z rz\u0105du i otoczenia Ze\u0142enskiego mieli wyprowadzi\u0107 100 mln dolar\u00f3w. <\/p>\n<p class=\"typography__paragraph my-5 font-serif font-normal text-xl leading-8 text-gray-900 dark:text-gray-50 print:dark:text-black break-words\">Jak pisali\u015bmy, wed\u0142ug pos\u0142\u00f3w opozycji, dziennikarzy \u015bledczych, organizacji pozarz\u0105dowych dzia\u0142aj\u0105cych na rzecz zwalczania korupcji o tym procederze musia\u0142o wiedzie\u0107 Biuro Prezydenta, m.in. jego szef \u2013 Andrij Jermak. Od d\u0142u\u017cszego czasu komentatorzy polityczni podkre\u015blaj\u0105, \u017ce Jermak przej\u0105\u0142 zbyt du\u017co uprawnie\u0144, odgrywa rol\u0119 wiceprezydenta czy nawet w praktyce jest wsp\u00f3\u0142prezydentem Ukrainy. Wi\u0119kszo\u015b\u0107 decyzji ma by\u0107 podejmowana w Biurze Prezydenta, a nie w parlamencie (wed\u0142ug Konstytucji Ukraina ma system parlamentarno-prezydencki). <\/p>\n<p class=\"typography__paragraph my-5 font-serif font-normal text-xl leading-8 text-gray-900 dark:text-gray-50 print:dark:text-black break-words\">Daria Kaleniuk, dyrektorka wykonawcza Centrum Przeciwdzia\u0142ania Korupcji, w radiu New Voice m\u00f3wi\u0142a, \u017ce podj\u0119te przez Ze\u0142enskiego dzia\u0142ania, dymisje ministr\u00f3w czy restrukturyzacja rz\u0105du nie wystarcz\u0105, \u017ceby Ukraina wysz\u0142a z tego kryzysu. Ekspertka, tak jak wielu innych lider\u00f3w opinii podkre\u015bla\u0142a, \u017ce Jermak powinien poda\u0107 si\u0119 do dymisji, a krajem nie mo\u017ce rz\u0105dzi\u0107 Biuro Prezydenta. <\/p>\n<p class=\"typography__paragraph my-5 font-serif font-normal text-xl leading-8 text-gray-900 dark:text-gray-50 print:dark:text-black break-words\">Jermak jest negatywnie oceniany te\u017c za granic\u0105. \u201eMusimy sobie z nim radzi\u0107. Jest cz\u0142owiekiem Ze\u0142enskiego, wi\u0119c nie mamy wyboru\u201d \u2013 m\u00f3wi\u0142 anonimowo wysoki rang\u0105 europejski dyplomata w rozmowie z portalem Kyiv Independent. <\/p>\n<p class=\"typography__paragraph my-5 font-serif font-normal text-xl leading-8 text-gray-900 dark:text-gray-50 print:dark:text-black break-words\">Do tej pory Ze\u0142enski, mimo nacisk\u00f3w cz\u0119\u015bci spo\u0142ecze\u0144stwa, nie decydowa\u0142 si\u0119 jednak na jego dymisj\u0119. Co wi\u0119cej, wyznaczy\u0142 Jermaka na szefa delegacji, kt\u00f3ra prowadzi negocjacje w sprawie zako\u0144czenia wojny. Wed\u0142ug komentator\u00f3w politycznych to w pewnym sensie mia\u0142o ochroni\u0107 Jermaka. Cz\u0119\u015b\u0107 by\u0142ych dyplomat\u00f3w oceni\u0142a ten krok za kompromituj\u0105cy \u2013 uczestnicy delegacji powinni mie\u0107 dobr\u0105 reputacj\u0119, \u017ceby od startu nie os\u0142abia\u0107 swojego stanowiska. <\/p>\n<p class=\"typography__paragraph my-5 font-serif font-normal text-xl leading-8 text-gray-900 dark:text-gray-50 print:dark:text-black break-words\"><a rel=\"noindex nofollow noopener\" target=\"_blank\" href=\"https:\/\/www.youtube.com\/watch?v=0J4a8JkP6t0\" class=\"typography__anchor underline text-gray-900 decoration-red-700 cursor-pointer hover:text-red-700 dark:text-gray-50 dark:decoration-red-400 dark:hover:text-red-400 print:dark:text-black break-words\">Wed\u0142ug informacji Julii Zabeliny<\/a>, politycznej dziennikarki radia NV, NABU planowa\u0142a przeprowadzi\u0107 przeszukania u Jermaka jeszcze w zesz\u0142ym tygodniu, jednak w zwi\u0105zku z wyjazdami Jermaka m.in. do Genewy nie uda\u0142o si\u0119 tego zrobi\u0107. Jak m\u00f3wi\u0142y \u017ar\u00f3d\u0142a Zabeliny do ostatniego Ze\u0142enski nie decydowa\u0142 si\u0119 na zwolnienie Jermaka, oczekuj\u0105c twardych dowod\u00f3w, \u017ce Jermak rzeczywi\u015bcie jest zamieszany w afer\u0119. <\/p>\n<p class=\"typography__paragraph my-5 font-serif font-normal text-xl leading-8 text-gray-900 dark:text-gray-50 print:dark:text-black break-words\">Przeczytaj wi\u0119cej w OKO.press:<\/p>\n","protected":false},"excerpt":{"rendered":"Prawa autorskie: Fot. Telegram \/Andrij Jermak \/ AFPFot. Telegram \/Andri&#8230; Afera korupcyjna w Ukrainie. Ze\u0142enski: Andrij Jermak poda\u0142&hellip;\n","protected":false},"author":2,"featured_media":123627,"comment_status":"","ping_status":"","sticky":false,"template":"","format":"standard","meta":{"footnotes":""},"categories":[14],"tags":[32,33,27,34,35,28,31,25,40,41,80,29,30,26,82,83,84],"class_list":{"0":"post-123626","1":"post","2":"type-post","3":"status-publish","4":"format-standard","5":"has-post-thumbnail","7":"category-swiat","8":"tag-breaking-news","9":"tag-breakingnews","10":"tag-headlines","11":"tag-latest-news","12":"tag-latestnews","13":"tag-naglowki","14":"tag-najwazniejsze-artykuly","15":"tag-news","16":"tag-polish","17":"tag-polski","18":"tag-swiat","19":"tag-top-stories","20":"tag-topstories","21":"tag-wiadomosci","22":"tag-world","23":"tag-world-news","24":"tag-worldnews"},"share_on_mastodon":{"url":"https:\/\/pubeurope.com\/@pl\/115630048919093708","error":""},"_links":{"self":[{"href":"https:\/\/www.europesays.com\/pl\/wp-json\/wp\/v2\/posts\/123626","targetHints":{"allow":["GET"]}}],"collection":[{"href":"https:\/\/www.europesays.com\/pl\/wp-json\/wp\/v2\/posts"}],"about":[{"href":"https:\/\/www.europesays.com\/pl\/wp-json\/wp\/v2\/types\/post"}],"author":[{"embeddable":true,"href":"https:\/\/www.europesays.com\/pl\/wp-json\/wp\/v2\/users\/2"}],"replies":[{"embeddable":true,"href":"https:\/\/www.europesays.com\/pl\/wp-json\/wp\/v2\/comments?post=123626"}],"version-history":[{"count":0,"href":"https:\/\/www.europesays.com\/pl\/wp-json\/wp\/v2\/posts\/123626\/revisions"}],"wp:featuredmedia":[{"embeddable":true,"href":"https:\/\/www.europesays.com\/pl\/wp-json\/wp\/v2\/media\/123627"}],"wp:attachment":[{"href":"https:\/\/www.europesays.com\/pl\/wp-json\/wp\/v2\/media?parent=123626"}],"wp:term":[{"taxonomy":"category","embeddable":true,"href":"https:\/\/www.europesays.com\/pl\/wp-json\/wp\/v2\/categories?post=123626"},{"taxonomy":"post_tag","embeddable":true,"href":"https:\/\/www.europesays.com\/pl\/wp-json\/wp\/v2\/tags?post=123626"}],"curies":[{"name":"wp","href":"https:\/\/api.w.org\/{rel}","templated":true}]}}