{"id":123657,"date":"2025-11-29T00:52:10","date_gmt":"2025-11-29T00:52:10","guid":{"rendered":"https:\/\/www.europesays.com\/pl\/123657\/"},"modified":"2025-11-29T00:52:10","modified_gmt":"2025-11-29T00:52:10","slug":"donald-tusk-pisze-o-fatalnej-kombinacji-wspomina-o-karolu-nawrockim","status":"publish","type":"post","link":"https:\/\/www.europesays.com\/pl\/123657\/","title":{"rendered":"Donald Tusk pisze o &#8222;fatalnej kombinacji&#8221;. Wspomina o Karolu Nawrockim"},"content":{"rendered":"<p class=\"ods-c-paragraph \">&#8222;Orban odwiedza Putina, Nawrocki Orbana. Chaos w negocjacjach nad planem Witkoffa, a w Kijowie kryzys polityczny. Fatalna kombinacja&#8221; \u2014 czytamy we wpisie opublikowanym przez Donalda Tuska w serwisie X w pi\u0105tek 28 listopada.<\/p>\n<p class=\"ods-c-paragraph \">Premier w ten spos\u00f3b nawi\u0105za\u0142 do skandalu korupcyjnego w Ukrainie, gdzie do dymisji poda\u0142 si\u0119 Andrij Jermak, kt\u00f3ry do tej pory pe\u0142ni\u0142 funkcj\u0119 szefa kancelarii Wo\u0142odymyra Ze\u0142enskiego. <a href=\"https:\/\/wiadomosci.onet.pl\/swiat\/trzesienie-ziemi-w-ukrainskiej-polityce-andrij-jermak-podal-sie-do-dymisji\/13j17pw\" id=\"cb91029a-5fdc-4a86-a7d9-6f7c7f5dd13f\" rel=\"nofollow noopener\" target=\"_blank\">Dymisja ma najprawdopodobniej zwi\u0105zek z przeszukaniem w domu Jermaka w kontek\u015bcie afery korupcyjnej w ukrai\u0144skim sektorze energetycznym<\/a>.<\/p>\n<p>Dalszy ci\u0105g artyku\u0142u pod materia\u0142em wideo<\/p>\n<p> Co Donald Tusk napisa\u0142 o Karolu Nawrockim? <\/p>\n<p> Jakie wydarzenia dotycz\u0105ce Ukrainy wspomnia\u0142 Tusk? <\/p>\n<p> Kiedy Karol Nawrocki ma uda\u0107 si\u0119 na W\u0119gry? <\/p>\n<p> O czym rozmawiali Orban i Putin w Moskwie? <\/p>\n<p>  Donald Tusk wbija szpil\u0119 Karolowi Nawrockiemu. &#8222;Fatalna kombinacja&#8221;<\/p>\n<p class=\"ods-c-paragraph \"><a href=\"https:\/\/businessinsider.com.pl\/polityka\/viktor-orban-u-wladimira-putina-mamy-wazne-obszary-wspolpracy\/qery9bg\" id=\"5c0f74c7-e9f2-4596-bb44-83c849945a4e\" rel=\"nofollow noopener\" target=\"_blank\">Tak\u017ce w pi\u0105tek odby\u0142o si\u0119 spotkanie Viktora Orbana z W\u0142adimirem Putinem w Moskwie<\/a>, o kt\u00f3rym r\u00f3wnie\u017c wspomina Tusk. Ich rozmowy mia\u0142y dotyczy\u0107 dostaw rosyjskiej ropy naftowej i gazu dla Budapesztu oraz wojny w Ukrainie.<\/p>\n<p class=\"ods-c-paragraph \">Z kolei z wizyt\u0105 na W\u0119gry zamierza w przysz\u0142ym tygodniu uda\u0107 si\u0119 Karol Nawrocki. Prezydent RP ma pojecha\u0107 do Ostrzyhomia, gdzie odb\u0119dzie si\u0119 spotkanie przyw\u00f3dc\u00f3w Grupy Wyszehradzkiej. Z informacji przekazywanych przez portal \u015bledczy VSquare wynika, \u017ce na marginesie tego spotkania mo\u017ce odby\u0107 si\u0119 rozmowa Nawrockiego z Orbanem.<\/p>\n<p class=\"ods-c-paragraph \">W przypadku &#8222;chaosu w negocjacjach&#8221; nad planem Steve&#8217;a Witkoffa, o kt\u00f3rym wspomina Tusk, chodzi o plan porozumienie pokojowego mi\u0119dzy Rosj\u0105 a Ukrain\u0105, nad kt\u00f3rym trwaj\u0105 obecnie prace.<\/p>\n","protected":false},"excerpt":{"rendered":"&#8222;Orban odwiedza Putina, Nawrocki Orbana. Chaos w negocjacjach nad planem Witkoffa, a w Kijowie kryzys polityczny. Fatalna kombinacja&#8221;&hellip;\n","protected":false},"author":2,"featured_media":123658,"comment_status":"","ping_status":"","sticky":false,"template":"","format":"standard","meta":{"footnotes":""},"categories":[5],"tags":[32,33,212,36,37,27,43,49,34,35,28,31,48,25,46,42,38,40,39,41,47,29,30,415,2669,26,408],"class_list":{"0":"post-123657","1":"post","2":"type-post","3":"status-publish","4":"format-standard","5":"has-post-thumbnail","7":"category-naglowki","8":"tag-breaking-news","9":"tag-breakingnews","10":"tag-donald_tusk","11":"tag-featured-news","12":"tag-featurednews","13":"tag-headlines","14":"tag-karol_nawrocki","15":"tag-kraj","16":"tag-latest-news","17":"tag-latestnews","18":"tag-naglowki","19":"tag-najwazniejsze-artykuly","20":"tag-nat_styl","21":"tag-news","22":"tag-omp","23":"tag-pl","24":"tag-poland","25":"tag-polish","26":"tag-polska","27":"tag-polski","28":"tag-screening_general","29":"tag-top-stories","30":"tag-topstories","31":"tag-ukraina","32":"tag-viktor_orban","33":"tag-wiadomosci","34":"tag-wladimir_putin"},"share_on_mastodon":{"url":"https:\/\/pubeurope.com\/@pl\/115630253235766085","error":""},"_links":{"self":[{"href":"https:\/\/www.europesays.com\/pl\/wp-json\/wp\/v2\/posts\/123657","targetHints":{"allow":["GET"]}}],"collection":[{"href":"https:\/\/www.europesays.com\/pl\/wp-json\/wp\/v2\/posts"}],"about":[{"href":"https:\/\/www.europesays.com\/pl\/wp-json\/wp\/v2\/types\/post"}],"author":[{"embeddable":true,"href":"https:\/\/www.europesays.com\/pl\/wp-json\/wp\/v2\/users\/2"}],"replies":[{"embeddable":true,"href":"https:\/\/www.europesays.com\/pl\/wp-json\/wp\/v2\/comments?post=123657"}],"version-history":[{"count":0,"href":"https:\/\/www.europesays.com\/pl\/wp-json\/wp\/v2\/posts\/123657\/revisions"}],"wp:featuredmedia":[{"embeddable":true,"href":"https:\/\/www.europesays.com\/pl\/wp-json\/wp\/v2\/media\/123658"}],"wp:attachment":[{"href":"https:\/\/www.europesays.com\/pl\/wp-json\/wp\/v2\/media?parent=123657"}],"wp:term":[{"taxonomy":"category","embeddable":true,"href":"https:\/\/www.europesays.com\/pl\/wp-json\/wp\/v2\/categories?post=123657"},{"taxonomy":"post_tag","embeddable":true,"href":"https:\/\/www.europesays.com\/pl\/wp-json\/wp\/v2\/tags?post=123657"}],"curies":[{"name":"wp","href":"https:\/\/api.w.org\/{rel}","templated":true}]}}