{"id":123678,"date":"2025-11-29T01:20:13","date_gmt":"2025-11-29T01:20:13","guid":{"rendered":"https:\/\/www.europesays.com\/pl\/123678\/"},"modified":"2025-11-29T01:20:13","modified_gmt":"2025-11-29T01:20:13","slug":"podkarpacie-kolejne-przypadki-zakazen-odra-ekspert-bije-na-alarm","status":"publish","type":"post","link":"https:\/\/www.europesays.com\/pl\/123678\/","title":{"rendered":"Podkarpacie. Kolejne przypadki zaka\u017ce\u0144 odr\u0105. Ekspert bije na alarm"},"content":{"rendered":"<p>&#8211; W ostatni okresie by\u0142o hospitalizowanych w sumie o\u015bmiu pacjent\u00f3w, z czego po\u0142owa z nich z zapaleniem p\u0142uc &#8211; m\u00f3wi\u0142 dla &#8222;Wydarze\u0144&#8221; dr Andrzej Cie\u015bla, kierownik oddzia\u0142u chor\u00f3b zaka\u017anych ze szpitala w \u0141a\u0144cucie.<\/p>\n<p>\u00a0<\/p>\n<p>W sumie odnotowano ju\u017c 18 przypadk\u00f3w, a kolejne czekaj\u0105 na potwierdzenie. &#8211; Mamy pewne przeczucia, pewien scenariusz mo\u017ce si\u0119 spe\u0142ni\u0107. Tego si\u0119 obawiamy. (&#8230;) Wystarcz\u0105 ma\u0142e ogniska, \u017ceby choroba zacz\u0119\u0142a si\u0119 rozprzestrzenia\u0107 &#8211; m\u00f3wi\u0142a lek. Justyna Morawska, specjalistka medycyny rodzinnej.<\/p>\n<p>\u00a0<\/p>\n<p>Zachorowania dotycz\u0105 czterech powiat\u00f3w &#8211; rzeszowskiego, \u0142a\u0144cuckiego, tarnobrzeskiego i ropczycko-s\u0119dziszowskiego.<\/p>\n<p>Podkarpacie. Zachorowania na odr\u0119. Odporno\u015b\u0107 populacyjna spada<\/p>\n<p>Odporno\u015b\u0107 populacyjna spada, a Polska znajduje si\u0119 w\u015br\u00f3d kraj\u00f3w o najni\u017cszej wszczepialno\u015bci przeciwko odrze. &#8211; Poziom alarmowy to jest 90 proc. Wi\u0119c my do tego poziomu powolutku docieramy &#8211; m\u00f3wi\u0142 dr Pawe\u0142 Grzesiowski, G\u0142\u00f3wny Inspektor Sanitarny.\u00a0<\/p>\n<p>\u00a0<\/p>\n<p>Od 1991 roku szczepionka jest dwudawkowa i podaje si\u0119 j\u0105 w pierwszym i sz\u00f3stym roku \u017cycia. Wcze\u015bniej by\u0142a tylko jedna dawka. Osoby po 40. roku \u017cycia szczeg\u00f3lnie musz\u0105 uwa\u017ca\u0107. &#8211; W tej grupie mo\u017cemy mie\u0107 nawet co sz\u00f3st\u0105 osob\u0119, kt\u00f3ra nie jest odporna przeciwko odrze &#8211; t\u0142umaczy\u0142 Grzesiowski.\u00a0<\/p>\n<p>\u00a0<\/p>\n<p>ZOBACZ: <a href=\"https:\/\/www.polsatnews.pl\/wiadomosc\/2025-11-26\/sprzedawali-podrabiane-leki-policja-rozbila-gang-oszustow\/\" rel=\"nofollow noopener\" target=\"_blank\">Sprzedawali podrabiane leki. Policja rozbi\u0142a gang oszust\u00f3w<\/a><\/p>\n<p>\u00a0<\/p>\n<p>&#8211; To choroba wirusowa, kt\u00f3rej nie przeleczymy antybiotykiem. Nie mamy na ni\u0105 leku &#8211; doda\u0142a Morawska.\u00a0<\/p>\n<p>\u00a0<\/p>\n<p>Sanepid prowadzi dochodzenie epidemiologiczne w celu przerwania szerzenia si\u0119 choroby. Obj\u0105\u0142 nadzorem epidemiologicznym osoby maj\u0105ce bezpo\u015bredni kontakt z chorymi.<\/p>\n<p>Odra &#8211; objawy<\/p>\n<p>Odra to wirusowa choroba zaka\u017ana, a jedynym \u017ar\u00f3d\u0142em zaka\u017cenia jest chory cz\u0142owiek. Wirus przenosi si\u0119 g\u0142\u00f3wnie drog\u0105 kropelkow\u0105 i przez bezpo\u015bredni kontakt z wydzielin\u0105 z jamy nosowo-gard\u0142owej. Okres wyl\u0119gania choroby to najcz\u0119\u015bciej 10 do 12 dni.<\/p>\n<p>\u00a0<\/p>\n<p>Objawy odry s\u0105 podobne do silnego przezi\u0119bienia i grypy. Nale\u017c\u0105 do nich wysoka gor\u0105czka, silny kaszel i katar. P\u00f3\u017aniej pojawia si\u0119 charakterystyczna wysypka (plamki i grudki na sk\u00f3rze), a tak\u017ce zaczerwienienie oczu (zapalenie spoj\u00f3wek) i nadwra\u017cliwo\u015b\u0107 na \u015bwiat\u0142o (\u015bwiat\u0142owstr\u0119t).<\/p>\n<p>\u00a0<\/p>\n<p>S\u0142u\u017cby sanitarne przypomnia\u0142y, \u017ce szczepionka przeciw odrze to najlepsza ochrona &#8211; nie tylko zapobiega zachorowaniu, ale tak\u017ce chroni przed powa\u017cnymi powik\u0142aniami, szczeg\u00f3lnie neurologicznymi. Dwie dawki szczepionki s\u0105 wyj\u0105tkowo skuteczne &#8211; chroni\u0105 przed chorob\u0105 co najmniej 95 proc. zaszczepionych dzieci.<\/p>\n<p>\u00a0<\/p>\n<p>Widzia\u0142e\u015b co\u015b wa\u017cnego? Przy\u015blij zdj\u0119cie, film lub napisz, co si\u0119 sta\u0142o. Skorzystaj z naszej <a href=\"https:\/\/www.polsatnews.pl\/platforma-widzow\/\" target=\"_blank\" rel=\"noopener noreferrer nofollow\">Wrzutni<\/a><\/p>\n<p>                <img decoding=\"async\" src=\"https:\/\/www.europesays.com\/pl\/wp-content\/uploads\/2025\/11\/zdoguhmkd13xbtei96eidydzqsr9g1xu.jpg\" alt=\"\" itemprop=\"contentUrl\" style=\"position:absolute; width: 100%; max-height: 100%;\"\/><video controls=\"\" controlslist=\"nodownload\" poster=\"https:\/\/www.europesays.com\/pl\/wp-content\/uploads\/2025\/11\/zdoguhmkd13xbtei96eidydzqsr9g1xu.jpg\" class=\"videoPlayer player6855140 news__video\" data-id=\"6855140\">Twoja przegl\u0105darka nie wspiera odtwarzacza wideo&#8230;<\/video><\/p>\n<p>                <a class=\"news__read-more-button\" href=\"https:\/\/www.polsatnews.pl\/\" rel=\"nofollow noopener\" target=\"_blank\">Czytaj wi\u0119cej<\/a><\/p>\n","protected":false},"excerpt":{"rendered":"&#8211; W ostatni okresie by\u0142o hospitalizowanych w sumie o\u015bmiu pacjent\u00f3w, z czego po\u0142owa z nich z zapaleniem p\u0142uc&hellip;\n","protected":false},"author":2,"featured_media":123679,"comment_status":"","ping_status":"","sticky":false,"template":"","format":"standard","meta":{"footnotes":""},"categories":[5],"tags":[32,33,36,37,27,34,35,28,31,25,42,38,40,39,41,29,30,26],"class_list":{"0":"post-123678","1":"post","2":"type-post","3":"status-publish","4":"format-standard","5":"has-post-thumbnail","7":"category-naglowki","8":"tag-breaking-news","9":"tag-breakingnews","10":"tag-featured-news","11":"tag-featurednews","12":"tag-headlines","13":"tag-latest-news","14":"tag-latestnews","15":"tag-naglowki","16":"tag-najwazniejsze-artykuly","17":"tag-news","18":"tag-pl","19":"tag-poland","20":"tag-polish","21":"tag-polska","22":"tag-polski","23":"tag-top-stories","24":"tag-topstories","25":"tag-wiadomosci"},"share_on_mastodon":{"url":"https:\/\/pubeurope.com\/@pl\/115630363668680683","error":""},"_links":{"self":[{"href":"https:\/\/www.europesays.com\/pl\/wp-json\/wp\/v2\/posts\/123678","targetHints":{"allow":["GET"]}}],"collection":[{"href":"https:\/\/www.europesays.com\/pl\/wp-json\/wp\/v2\/posts"}],"about":[{"href":"https:\/\/www.europesays.com\/pl\/wp-json\/wp\/v2\/types\/post"}],"author":[{"embeddable":true,"href":"https:\/\/www.europesays.com\/pl\/wp-json\/wp\/v2\/users\/2"}],"replies":[{"embeddable":true,"href":"https:\/\/www.europesays.com\/pl\/wp-json\/wp\/v2\/comments?post=123678"}],"version-history":[{"count":0,"href":"https:\/\/www.europesays.com\/pl\/wp-json\/wp\/v2\/posts\/123678\/revisions"}],"wp:featuredmedia":[{"embeddable":true,"href":"https:\/\/www.europesays.com\/pl\/wp-json\/wp\/v2\/media\/123679"}],"wp:attachment":[{"href":"https:\/\/www.europesays.com\/pl\/wp-json\/wp\/v2\/media?parent=123678"}],"wp:term":[{"taxonomy":"category","embeddable":true,"href":"https:\/\/www.europesays.com\/pl\/wp-json\/wp\/v2\/categories?post=123678"},{"taxonomy":"post_tag","embeddable":true,"href":"https:\/\/www.europesays.com\/pl\/wp-json\/wp\/v2\/tags?post=123678"}],"curies":[{"name":"wp","href":"https:\/\/api.w.org\/{rel}","templated":true}]}}