{"id":123796,"date":"2025-11-29T05:38:17","date_gmt":"2025-11-29T05:38:17","guid":{"rendered":"https:\/\/www.europesays.com\/pl\/123796\/"},"modified":"2025-11-29T05:38:17","modified_gmt":"2025-11-29T05:38:17","slug":"kontrole-ceeb-w-calej-polsce-nawet-5-tys-zl-kary-za-brak-wpisu","status":"publish","type":"post","link":"https:\/\/www.europesays.com\/pl\/123796\/","title":{"rendered":"Kontrole CEEB w ca\u0142ej Polsce. Nawet 5 tys. z\u0142 kary za brak wpisu"},"content":{"rendered":"\n<p>&#13;<br \/>\nCentralna Ewidencja Emisyjno\u015bci Budynk\u00f3w to\u00a0baza danych, zawieraj\u0105ca informacje o\u00a0\u017ar\u00f3d\u0142ach ciep\u0142a i\u00a0paliwach u\u017cywanych do\u00a0ogrzewania budynk\u00f3w mieszkalnych i\u00a0niemieszkalnych. W\u0142a\u015bciciele dom\u00f3w i\u00a0lokali wolnostoj\u0105cych, a\u00a0tak\u017ce zarz\u0105dcy nieruchomo\u015bci wielokalowych maj\u0105 obowi\u0105zek dokonywa\u0107 do\u00a0niej zg\u0142osze\u0144. &#13;\n<\/p>\n<p>&#13;<br \/>\nTo, czy\u00a0dany lokal zosta\u0142 uj\u0119ty w\u00a0rejestrze, sprawdzaj\u0105 funkcjonariusze publiczni, np. stra\u017cnicy miejscy. &#13;\n<\/p>\n<p>&#13;<br \/>\nW\u0142a\u015bciwy wniosek w\u00a0tej sprawie mo\u017cna z\u0142o\u017cy\u0107 osobi\u015bcie w\u00a0urz\u0119dzie gminy, a\u00a0tak\u017ce korespondencyjnie \u2013\u00a0poczt\u0105 lub\u00a0przez internet. &#13;\n<\/p>\n<p>Tak wygl\u0105da\u0142a sytuacja w\u00a0poprzednich latach <\/p>\n<p>&#13;<br \/>\nDzia\u0142aj\u0105ca od\u00a01 lipca 2021 roku Centralna Ewidencja Emisyjno\u015bci Budynk\u00f3w to\u00a0element Zintegrowanego Systemu Ograniczania Niskiej Emisji (ZONE). Do\u00a030 czerwca 2022 roku ka\u017cdy w\u0142a\u015bciciel nieruchomo\u015bci by\u0142 zobowi\u0105zany z\u0142o\u017cy\u0107 deklaracj\u0119 dotycz\u0105c\u0105 rodzaju urz\u0105dze\u0144 grzewczych zainstalowanych w\u00a0budynku. Do\u00a04 kwietnia 2023\u00a0r. w\u00a0systemie z\u0142o\u017cono ponad 9\u00a0mln 362 tys. o\u015bwiadcze\u0144, z\u00a0czego 91,7 proc. dotyczy budynk\u00f3w mieszkalnych. &#13;\n<\/p>\n<p>&#13;<br \/>\nJak informowa\u0142y w\u00a0ubieg\u0142ym roku media, <a href=\"https:\/\/dorzeczy.pl\/ekonomia\/624549\/kontrole-w-polskich-domach-kary-nawet-do-5-tys-zlotych.html\" rel=\"nofollow noopener\" target=\"_blank\">powodem wszcz\u0119cia kontroli<\/a> jest podejrzenie, \u017ce\u00a0du\u017ca cz\u0119\u015b\u0107 w\u0142a\u015bcicieli nieruchomo\u015bci fa\u0142szywie zadeklarowa\u0142a dane dotycz\u0105ce \u017ar\u00f3de\u0142 ciep\u0142a, aby\u00a0otrzyma\u0107 jednorazowy dodatek w\u0119glowy. W\u00a0ostatnich miesi\u0105cach liczba wniosk\u00f3w o\u00a0zmian\u0119 lub\u00a0wycofanie deklaracji w\u00a0Centralnej Ewidencji Emisyjno\u015bci Budynk\u00f3w wzros\u0142a lawinowo, co\u00a0budzi podejrzenia o\u00a0celowe zafa\u0142szowanie danych. &#13;\n<\/p>\n<p>&#13;<br \/>\nW sezonie grzewczym 2023\/2024 jednorazowy dodatek w\u0119glowy w\u00a0wysoko\u015bci 3\u00a0tys. z\u0142 przys\u0142ugiwa\u0142 gospodarstwom domowym, dla\u00a0kt\u00f3rych g\u0142\u00f3wnym \u017ar\u00f3d\u0142em ogrzewania by\u0142 kocio\u0142 na\u00a0paliwo sta\u0142e, kominek, koza, ogrzewacz powietrza, trzon kuchenny, piecokuchnia, kuchnia w\u0119glowa lub\u00a0piec kaflowy na\u00a0paliwo sta\u0142e \u2013\u00a0zasilane w\u0119glem kamiennym, brykietem lub\u00a0peletem, zawieraj\u0105cymi co\u00a0najmniej 85 proc. w\u0119gla kamiennego. &#13;\n<\/p>\n<p>&#13;<br \/>\nCzytaj te\u017c:<br \/><a href=\"https:\/\/dorzeczy.pl\/ekonomia\/799161\/oszukani-na-ekologii-wkrotce-zakaz-piecow-gazowych.html\" rel=\"follow nofollow noopener\" data-schema=\"DORZECZY\" data-image=\"https:\/\/img.dorzeczy.pl\/_thumb\/d6\/c3\/e41dd87b186f909e97783cda243d.jpeg\" target=\"_blank\">Oszukani na\u00a0ekologii. Setki tysi\u0119cy Polak\u00f3w czekaj\u0105 ogromne wydatki<\/a>Czytaj te\u017c:<br \/><a href=\"https:\/\/dorzeczy.pl\/ekonomia\/736164\/unia-europejska-szykuje-rewolucje-w-ogrzewaniu-domow.html\" rel=\"follow nofollow noopener\" data-schema=\"DORZECZY\" data-image=\"https:\/\/img.dorzeczy.pl\/_thumb\/4e\/51\/48523d22ffdd5b309d75c4af2119.jpeg\" target=\"_blank\">UE szykuje cios w\u00a0wielu Polak\u00f3w. Koniec z\u00a0ogrzewaniem gazowym<\/a>&#13;<\/p>\n","protected":false},"excerpt":{"rendered":"&#13; Centralna Ewidencja Emisyjno\u015bci Budynk\u00f3w to\u00a0baza danych, zawieraj\u0105ca informacje o\u00a0\u017ar\u00f3d\u0142ach ciep\u0142a i\u00a0paliwach u\u017cywanych do\u00a0ogrzewania budynk\u00f3w mieszkalnych i\u00a0niemieszkalnych. W\u0142a\u015bciciele&hellip;\n","protected":false},"author":2,"featured_media":123797,"comment_status":"","ping_status":"","sticky":false,"template":"","format":"standard","meta":{"footnotes":"","_share_on_mastodon":"0"},"categories":[16],"tags":[113,112,26394,18538,98,105,2642,4854,49,103,42,38,40,39,41,26395],"class_list":["post-123796","post","type-post","status-publish","format-standard","has-post-thumbnail","category-biznes","tag-biznes","tag-business","tag-ceeb","tag-centralna-ewidencja-emisyjnosci-budynkow","tag-dorzeczy","tag-ekonomia","tag-kara","tag-kontrole","tag-kraj","tag-obserwator-mediow","tag-pl","tag-poland","tag-polish","tag-polska","tag-polski","tag-wpis"],"share_on_mastodon":{"url":"https:\/\/pubeurope.com\/@pl\/115631377957891165","error":""},"_links":{"self":[{"href":"https:\/\/www.europesays.com\/pl\/wp-json\/wp\/v2\/posts\/123796","targetHints":{"allow":["GET"]}}],"collection":[{"href":"https:\/\/www.europesays.com\/pl\/wp-json\/wp\/v2\/posts"}],"about":[{"href":"https:\/\/www.europesays.com\/pl\/wp-json\/wp\/v2\/types\/post"}],"author":[{"embeddable":true,"href":"https:\/\/www.europesays.com\/pl\/wp-json\/wp\/v2\/users\/2"}],"replies":[{"embeddable":true,"href":"https:\/\/www.europesays.com\/pl\/wp-json\/wp\/v2\/comments?post=123796"}],"version-history":[{"count":0,"href":"https:\/\/www.europesays.com\/pl\/wp-json\/wp\/v2\/posts\/123796\/revisions"}],"wp:featuredmedia":[{"embeddable":true,"href":"https:\/\/www.europesays.com\/pl\/wp-json\/wp\/v2\/media\/123797"}],"wp:attachment":[{"href":"https:\/\/www.europesays.com\/pl\/wp-json\/wp\/v2\/media?parent=123796"}],"wp:term":[{"taxonomy":"category","embeddable":true,"href":"https:\/\/www.europesays.com\/pl\/wp-json\/wp\/v2\/categories?post=123796"},{"taxonomy":"post_tag","embeddable":true,"href":"https:\/\/www.europesays.com\/pl\/wp-json\/wp\/v2\/tags?post=123796"}],"curies":[{"name":"wp","href":"https:\/\/api.w.org\/{rel}","templated":true}]}}