{"id":123800,"date":"2025-11-29T05:40:10","date_gmt":"2025-11-29T05:40:10","guid":{"rendered":"https:\/\/www.europesays.com\/pl\/123800\/"},"modified":"2025-11-29T05:40:10","modified_gmt":"2025-11-29T05:40:10","slug":"marcin-sadlowski-szuka-dowodow-na-niewinnosc-odlicza-dni-do-rozpoczecia-odsiadki-2","status":"publish","type":"post","link":"https:\/\/www.europesays.com\/pl\/123800\/","title":{"rendered":"Marcin Sad\u0142owski szuka dowod\u00f3w na niewinno\u015b\u0107. Odlicza dni do rozpocz\u0119cia odsiadki"},"content":{"rendered":"<p class=\"ods-c-paragraph \">\u2014 Zbli\u017ca si\u0119 termin odsiadki, wi\u0119c coraz cz\u0119\u015bciej o tym my\u015bl\u0119. Jestem na \u015brodkach od psychiatry, staram si\u0119 normalnie \u017cy\u0107, chodzi\u0107 do pracy i jako\u015b funkcjonowa\u0107 \u2014 m\u00f3wi Onetowi Marcin Sad\u0142owski.<\/p>\n<p class=\"ods-c-paragraph \">W kwietniu S\u0105d Apelacyjny w Szczecinie prawomocnie skaza\u0142 go za pobicie na p\u00f3\u0142tora roku bezwzgl\u0119dnego wi\u0119zienia, cho\u0107 do winy na policji, w prokuraturze i przed s\u0105dem przyzna\u0142 si\u0119 kto\u015b inny. Dla \u015bledczych i s\u0105du nie mia\u0142o to jednak znaczenia.<\/p>\n<p>Dalszy ci\u0105g artyku\u0142u pod materia\u0142em wideo<\/p>\n<p> Dlaczego Marcin Sad\u0142owski nie chce przyj\u0105\u0107 u\u0142askawienia? <\/p>\n<p> Jak d\u0142ugo Marcin ma odroczon\u0105 kar\u0119 wi\u0119zienia? <\/p>\n<p> Kto przyzna\u0142 si\u0119 do winy za pobicie Marcina Sad\u0142owskiego? <\/p>\n<p> Co Marcin planuje zrobi\u0107 przed 5 grudnia? <\/p>\n<p class=\"ods-c-paragraph \">S\u0105d nie zgodzi\u0142 si\u0119 te\u017c, by Sad\u0142owski odbywa\u0142 kar\u0119 pozbawienia wolno\u015bci w domu z bransoletk\u0105 na nodze. Ze wzgl\u0119du na z\u0142y stan zdrowia Marcin ma odroczon\u0105 kar\u0119 do 5 grudnia. Teraz stara si\u0119 wyd\u0142u\u017cy\u0107 ten termin.<\/p>\n<p class=\"ods-c-paragraph \">\u2014 W najbli\u017cszych dniach b\u0119d\u0119 sk\u0142ada\u0142 papiery o kolejne zawieszenie. W styczniu czeka mnie powa\u017cna operacja \u2014 m\u00f3wi.<\/p>\n<p class=\"ods-c-paragraph \">Jego wniosek o kasacj\u0119 wyroku trafi\u0142 ju\u017c do S\u0105du Najwy\u017cszego. Obecnie Sad\u0142owski oczekuje na wyznaczenie terminu posiedzenia. \u2014 Razem z pani\u0105 mecenas napisali\u015bmy te\u017c pro\u015bb\u0119 do S\u0105du Najwy\u017cszego o zawieszenie wykonania kary do czasu rozpatrzenia kasacji. Wniosek o kasacj\u0119 uzupe\u0142nili\u015bmy o wyniki z badania wariografem, kt\u00f3re pokazuj\u0105, \u017ce nie k\u0142ami\u0119 \u2014 s\u0142ysz\u0119.<\/p>\n<p class=\"ods-c-paragraph \">M\u0119\u017cczyzna wci\u0105\u017c ma nadziej\u0119, \u017ce s\u0105d jeszcze raz zbada spraw\u0119, za kt\u00f3r\u0105 zosta\u0142 skazany. Na w\u0142asn\u0105 r\u0119k\u0119 pr\u00f3buje odszuka\u0107 m\u0119\u017cczyzn\u0119 w kr\u00f3tkim r\u0119kawie, kt\u00f3rego wida\u0107 na zdj\u0119ciach z monitoringu, gdy stoi przy barierce przed klubem. Prawdopodobnie widzia\u0142 ca\u0142e zaj\u015bcie, ale w \u015bledztwie nikt go nie przes\u0142ucha\u0142.<\/p>\n<p class=\"ods-c-paragraph \">Opis swojej historii Marcin przes\u0142a\u0142 r\u00f3wnie\u017c do ministerstwa sprawiedliwo\u015bci. Czeka na reakcj\u0119.<\/p>\n<p>   <img decoding=\"async\" src=\"https:\/\/www.europesays.com\/pl\/wp-content\/uploads\/2025\/11\/h7gk9lBaHR0cHM6Ly9vY2RuLmV1L3B1bHNjbXMvTURBXy9hNDI2N2MzOTAyOWZiMzc4MTQzNDZjZjI1MTY0OGQwNy5qcGeSlQMAA.jpeg\" height=\"529\" width=\"940\" alt=\"\u015aledczy nie ustalili i nie przes\u0142uchali m\u0119\u017cczyzny widocznego na monitoringu (pierwszy z prawej)\" loading=\"lazy\" class=\"ods-c-image__img ods-c-image__img--viewport-width\"\/><\/p>\n<p>\u015aledczy nie ustalili i nie przes\u0142uchali m\u0119\u017cczyzny widocznego na monitoringu (pierwszy z prawej)Archiwum prywatne<\/p>\n<p> Cios przed dyskotek\u0105<\/p>\n<p class=\"ods-c-paragraph \">Do feralnego zdarzenia, za kt\u00f3re Sad\u0142owski ma trafi\u0107 do wi\u0119zienia, dosz\u0142o 16 lutego 2020 r. chwil\u0119 po godz. 2 przed dyskotek\u0105 w Goleniowie, niedaleko Szczecina. Tamtej nocy Marcin pracowa\u0142 jako ochroniarz klubu, wzi\u0105\u0142 zmian\u0119 za koleg\u0119.<\/p>\n<p class=\"ods-c-paragraph \">Pami\u0119ta, jak na polecenie mened\u017cerki wyprosi\u0142 pijanego klienta z lokalu, kt\u00f3ry zacz\u0105\u0142 si\u0119 awanturowa\u0107. Wzi\u0105\u0142 go pod pach\u0119, otworzy\u0142 drzwi, powiedzia\u0142 &#8222;wypad&#8221;. Razem z nim klub opu\u015bcili jego \u017cona i kolega. Wszyscy byli pijani.<\/p>\n<p class=\"ods-c-paragraph \">Potem przez szyb\u0119 w drzwiach Marcin widzia\u0142, jak m\u0119\u017cczy\u017ani, kt\u00f3rzy w\u0142a\u015bnie wyszli, zaczepili partnera mened\u017cerki, kt\u00f3ry ubrany w sk\u00f3rzan\u0105 kurtk\u0119 pali\u0142 papierosa przy barierce, naprzeciwko wej\u015bcia.<\/p>\n<p class=\"ods-c-paragraph \">\u2014 Wyskoczyli do niego z \u0142apami. Partner mened\u017cerki zrobi\u0142 unik, a potem uderzy\u0142 jednego z nich w twarz. Gdy zobaczy\u0142em, \u017ce facet upad\u0142 i nie podnosi si\u0119, wybieg\u0142em na zewn\u0105trz, \u017ceby mu pom\u00f3c. Z ucha i nosa ciek\u0142a mu krew \u2014 <a href=\"https:\/\/wiadomosci.onet.pl\/szczecin\/sprawca-przyznal-sie-do-winy-ale-to-marcin-ma-poniesc-kare-byly-policjant-ostro-o\/dgvbhfs\" id=\"3f911f76-9707-4250-9229-23a8e53fab6d\" rel=\"nofollow noopener\" target=\"_blank\">wspomina\u0142 Marcin w reporta\u017cu Onetu<\/a>.<\/p>\n<p class=\"ods-c-paragraph \">Wtedy te\u017c u\u0142o\u017cy\u0142 nieprzytomnego m\u0119\u017cczyzn\u0119, kt\u00f3rego chwil\u0119 wcze\u015bniej wyprowadza\u0142 z klubu, w pozycji bezpiecznej.<\/p>\n<p>Monitoring<\/p>\n<p class=\"ods-c-paragraph \">Kamera miejskiego monitoringu, kt\u00f3ra obraca si\u0119 co pi\u0119\u0107 minut, zaj\u015bcia przed lokalem nie zarejestrowa\u0142a, by\u0142a wtedy skierowana na pobliski park.<\/p>\n<p class=\"ods-c-paragraph \">P\u00f3\u017aniej na nagraniu, kiedy przed klubem le\u017cy ju\u017c nieprzytomny klient, przez kilka sekund wida\u0107 m\u0119\u017cczyzn\u0119 w sk\u00f3rze, partnera mened\u017cerki, kt\u00f3ry z innymi osobami stoi nad pobitym. Nagle odchodzi i nerwowo podpala papierosa. Potem kamera zmienia uj\u0119cie.<\/p>\n<p class=\"ods-c-paragraph \">\u2014 Mam \u017cal do policji, kt\u00f3ra przez rok nie zrobi\u0142a nic. Sam chodzi\u0142em po okolicznych sklepach i pyta\u0142em o nagrania z kamer z tamtej nocy. Jedna kamera by\u0142a w miejscu, gdzie teraz jest nale\u015bnikarnia, druga w salonie z telefonami, kolejna w komisie naprzeciwko dyskoteki [teraz jest tam optyk], sk\u0105d by\u0142o wida\u0107 ca\u0142\u0105 ulic\u0119 i chodnik. Po roku wszystkie nagrania by\u0142y ju\u017c skasowane \u2014 powtarza\u0142 Marcin.<\/p>\n<p>   Kluczowe zeznanie<\/p>\n<p class=\"ods-c-paragraph \">\u017bona m\u0119\u017cczyzny, kt\u00f3ry dosta\u0142 w twarz, jako sprawc\u0119 wskaza\u0142a Marcina. Zrobi\u0142a to dziewi\u0119\u0107 dni po zdarzeniu, gdy zobaczy\u0142a jego profil na Facebooku. Wcze\u015bniej, gdy na miejsce przyjecha\u0142a policja, m\u00f3wi\u0142a, \u017ce nie wie, kto uderzy\u0142 jej m\u0119\u017ca, cho\u0107 sta\u0142a z boku i widzia\u0142a stoj\u0105cego na zewn\u0105trz Sad\u0142owskiego. To on pomaga\u0142 jej m\u0119\u017cowi, gdy nieprzytomny le\u017ca\u0142 na chodniku. &#8222;\u017bona zaprzeczy\u0142a temu, \u017ce sprawc\u0105 by\u0142 ochroniarz&#8221; \u2014 zanotowa\u0142 policjant w notatce urz\u0119dowej i zapisa\u0142 te\u017c &#8222;wyczuwaln\u0105 wo\u0144 alkoholu&#8221; od uczestnik\u00f3w zdarzenia.<\/p>\n<p class=\"ods-c-paragraph \">\u017baden z pozosta\u0142ych \u015bwiadk\u00f3w ani w \u015bledztwie, ani w procesie nie wskaza\u0142 Marcina jako sprawcy.<\/p>\n<p class=\"ods-c-paragraph \">Pobity m\u0119\u017cczyzna nie by\u0142 w stanie rozpozna\u0107 tego, kt\u00f3ry zada\u0142 mu cios. Nie pami\u0119ta\u0142, co dzia\u0142o si\u0119 przed i po zdarzeniu. Obudzi\u0142 si\u0119 w szpitalu.<\/p>\n<p class=\"ods-c-paragraph \">W \u015bledztwie to Marcin us\u0142ysza\u0142 zarzut. Oskar\u017cenia \u017cony pobitego m\u0119\u017cczyzny, mimo dw\u00f3ch umorzonych \u015bledztw, doprowadzi\u0142y go przed s\u0105d. Us\u0142ysza\u0142 wyrok bezwzgl\u0119dnego wi\u0119zienia, mimo \u017ce do pobicia przyzna\u0142 si\u0119 partner mened\u017cerki klubu.<\/p>\n<p class=\"ods-c-paragraph \">Partner mened\u017cerki t\u0142umaczy\u0142, \u017ce pali\u0142 papierosa przed wej\u015bciem, gdy nagle jeden z wyrzuconych z dyskoteki m\u0119\u017cczyzn zacz\u0105\u0142 go wyzywa\u0107 i ci\u0105gn\u0105\u0107 za sk\u00f3rzan\u0105 marynark\u0119, kt\u00f3r\u0105 porwa\u0142. Gdy drugi z m\u0119\u017cczyzn pr\u00f3bowa\u0142 go uderzy\u0107, zrobi\u0142 unik i go odepchn\u0105\u0142.<\/p>\n<p class=\"ods-c-paragraph \">&#8222;Jego kompan dosta\u0142 sza\u0142u i bieg\u0142 z pi\u0119\u015bciami, chcia\u0142 mnie uderzy\u0107, uchyli\u0142em si\u0119 i uderzy\u0142em go w twarz. Zrobi\u0142em to w obronie w\u0142asnej, ten cz\u0142owiek chcia\u0142 mnie bi\u0107, by\u0142 pijany i agresywny. Po uderzeniu przewr\u00f3ci\u0142 si\u0119 na betonowy chodnik. Kobieta bardzo krzycza\u0142a. Mnie zawo\u0142ali koledzy, \u017ceby jecha\u0107 do domu. Widzia\u0142em, jak z klubu wyskoczy\u0142 ochroniarz i pobieg\u0142 do tego przewr\u00f3conego m\u0119\u017cczyzny. Z kolegami pojechali\u015bmy do Szczecina. Gdybym wiedzia\u0142, co sta\u0142o si\u0119 temu m\u0119\u017cczy\u017anie, to bym udzieli\u0142 mu pomocy. Nie chcia\u0142em mu zrobi\u0107 krzywdy, tylko si\u0119 broni\u0142em&#8221; \u2014 zezna\u0142.<\/p>\n<p class=\"ods-c-paragraph \">To samo powt\u00f3rzy\u0142 podczas procesu. S\u0105d jednak nie da\u0142 mu wiary. Uzna\u0142, \u017ce razem z Sad\u0142owskim uzgodnili wsp\u00f3ln\u0105 wersj\u0119, kiedy kontaktowali si\u0119 telefonicznie. Prokuratura nie przedstawi\u0142a m\u0119\u017cczy\u017anie zarzutu o sk\u0142adanie fa\u0142szywych zezna\u0144.<\/p>\n<p>Nie chce u\u0142askawienia<\/p>\n<p class=\"ods-c-paragraph \">Pro\u015bb\u0119 do prezydenta Karola Nawrockiego o u\u0142askawienie Sad\u0142owski traktuje jako ostateczno\u015b\u0107. T\u0142umaczy to tak: \u2014 Nie chc\u0119 u\u0142askawienia, bo jestem niewinny. Nie waln\u0105\u0142em tego go\u015bcia. Gdybym to zrobi\u0142, wzi\u0105\u0142bym to na klat\u0119 i poni\u00f3s\u0142bym konsekwencje. Mam jaja i honor. Zrobi\u0142bym to, ale nie chc\u0119 ponosi\u0107 konsekwencji za kogo\u015b. Gdybym teraz prosi\u0142 prezydenta o u\u0142askawienie, to tak jakbym si\u0119 przyzna\u0142 do winy. Chc\u0119 walczy\u0107 o sprawiedliwo\u015b\u0107 \u2014 s\u0142ysz\u0119.<\/p>\n<p class=\"ods-c-paragraph \">\u2014 Napisz\u0119 do prezydenta tylko wtedy, gdy kasacja nic nie da \u2014 przekonuje.<\/p>\n<p class=\"ods-c-paragraph \">Po wyroku skazuj\u0105cym Sad\u0142owski przeszed\u0142 za\u0142amanie, pr\u00f3bowa\u0142 pope\u0142ni\u0107 samob\u00f3jstwo. Gdy wr\u00f3ci\u0142 z si\u0142owni, kt\u00f3r\u0105 prowadzi, poszed\u0142 z link\u0105 do gara\u017cu. Za\u0142o\u017cy\u0142 p\u0119tl\u0119 na szyj\u0119. Syn wszed\u0142 do \u015brodka w ostatniej chwili.<\/p>\n<p class=\"ods-c-paragraph \">Kontakt z autorem: tomasz.pajaczek@redakcjaonet.pl<\/p>\n","protected":false},"excerpt":{"rendered":"\u2014 Zbli\u017ca si\u0119 termin odsiadki, wi\u0119c coraz cz\u0119\u015bciej o tym my\u015bl\u0119. Jestem na \u015brodkach od psychiatry, staram si\u0119&hellip;\n","protected":false},"author":2,"featured_media":123801,"comment_status":"","ping_status":"","sticky":false,"template":"","format":"standard","meta":{"footnotes":""},"categories":[12],"tags":[32,33,36,37,26393,27,49,34,35,26392,28,31,48,25,46,42,3823,38,40,39,41,47,29,30,26],"class_list":{"0":"post-123800","1":"post","2":"type-post","3":"status-publish","4":"format-standard","5":"has-post-thumbnail","7":"category-polska","8":"tag-breaking-news","9":"tag-breakingnews","10":"tag-featured-news","11":"tag-featurednews","12":"tag-goleniow","13":"tag-headlines","14":"tag-kraj","15":"tag-latest-news","16":"tag-latestnews","17":"tag-marcin_sadlowski","18":"tag-naglowki","19":"tag-najwazniejsze-artykuly","20":"tag-nat_styl","21":"tag-news","22":"tag-omp","23":"tag-pl","24":"tag-pobicie","25":"tag-poland","26":"tag-polish","27":"tag-polska","28":"tag-polski","29":"tag-screening_general","30":"tag-top-stories","31":"tag-topstories","32":"tag-wiadomosci"},"share_on_mastodon":{"url":"https:\/\/pubeurope.com\/@pl\/115631385704211462","error":""},"_links":{"self":[{"href":"https:\/\/www.europesays.com\/pl\/wp-json\/wp\/v2\/posts\/123800","targetHints":{"allow":["GET"]}}],"collection":[{"href":"https:\/\/www.europesays.com\/pl\/wp-json\/wp\/v2\/posts"}],"about":[{"href":"https:\/\/www.europesays.com\/pl\/wp-json\/wp\/v2\/types\/post"}],"author":[{"embeddable":true,"href":"https:\/\/www.europesays.com\/pl\/wp-json\/wp\/v2\/users\/2"}],"replies":[{"embeddable":true,"href":"https:\/\/www.europesays.com\/pl\/wp-json\/wp\/v2\/comments?post=123800"}],"version-history":[{"count":0,"href":"https:\/\/www.europesays.com\/pl\/wp-json\/wp\/v2\/posts\/123800\/revisions"}],"wp:featuredmedia":[{"embeddable":true,"href":"https:\/\/www.europesays.com\/pl\/wp-json\/wp\/v2\/media\/123801"}],"wp:attachment":[{"href":"https:\/\/www.europesays.com\/pl\/wp-json\/wp\/v2\/media?parent=123800"}],"wp:term":[{"taxonomy":"category","embeddable":true,"href":"https:\/\/www.europesays.com\/pl\/wp-json\/wp\/v2\/categories?post=123800"},{"taxonomy":"post_tag","embeddable":true,"href":"https:\/\/www.europesays.com\/pl\/wp-json\/wp\/v2\/tags?post=123800"}],"curies":[{"name":"wp","href":"https:\/\/api.w.org\/{rel}","templated":true}]}}