{"id":123807,"date":"2025-11-29T06:07:10","date_gmt":"2025-11-29T06:07:10","guid":{"rendered":"https:\/\/www.europesays.com\/pl\/123807\/"},"modified":"2025-11-29T06:07:10","modified_gmt":"2025-11-29T06:07:10","slug":"rosyjskie-drony-uderzyly-na-kijow-w-miescie-wybuchly-pozary-onet","status":"publish","type":"post","link":"https:\/\/www.europesays.com\/pl\/123807\/","title":{"rendered":"Rosyjskie drony uderzy\u0142y na Kij\u00f3w. W mie\u015bcie wybuch\u0142y po\u017cary &#8211; Onet"},"content":{"rendered":"<ol>\n<li><a href=\"https:\/\/news.google.com\/rss\/articles\/CBMi0wFBVV95cUxORXNUNl9zT1o4d3lNY19POGdwRDRoeUhSM3RMU3ZxZm5PMFg3eEt5STFmeXpxNUtMSlVHTUlucGlMeFc2TnpqWWxKZ0tpeTdsMnNhX1NkR0c0WlVtNXByV3RpRHlBbzVGbEx5bGRlNGdYRUpLdGE1NUZkTDBLN281X2hxUFZOMGFIbC1kc29CeGtFSFY5Zi1yckpLaVIzMzluTGR1STA2a3FZeS1xTzdRRHdzSHltWjJTQmRpTWJWSmtVTTNzZmsyblBqOWY4eEx3c2Zr?oc=5\" target=\"_blank\" rel=\"nofollow noopener\">Rosyjskie drony uderzy\u0142y na Kij\u00f3w. W mie\u015bcie wybuch\u0142y po\u017cary<\/a>&nbsp;&nbsp;Onet<\/li>\n<li><a href=\"https:\/\/news.google.com\/rss\/articles\/CBMingFBVV95cUxNN0k5d3lqbk1EejVzbVEtRHhRZnZkbGxDZnNNLW1qVmV1WWpQbFV2TEJqeHlOaVZGTFlITGxSWGVPS09udUZJOTlKdzVXZ0dnWVFjaTZvQ2RjbG51Q3E4OGtrWmswdUgwTVU4X0ZVdW5JUVRrU3Q2QmJuMTF5WUhzbjJYZEJGb1I4UnZMMlEyQXRZNTQxd08ySVFERVUtQQ?oc=5\" target=\"_blank\" rel=\"nofollow noopener\">Atak Rosji na Ukrain\u0119. Operacja lotnictwa w polskiej przestrzeni<\/a>&nbsp;&nbsp;TVN24<\/li>\n<li><a href=\"https:\/\/news.google.com\/rss\/articles\/CBMiswFBVV95cUxObk5heU5HUXFwcklqcUh3c0ZyTURjTUV2ekNSTzJXTlFPUnlxLWhMM1o1NHhoclNGanl1MzdtT0VtakxpZmN6Z1JSUS1ZSWF2NjhqcWdNNHJIczFzelNJbVE3WkRVcWVpYW91OFQ5RjBEYXBiSVkyWHBIU3ozMU9rbUxOZG1HN2VPTUlRNEsyZWRCclNMY3RxcW1MZ3E5OHhhZmZfVExLbU5oRGJYUExfTTRnTQ?oc=5\" target=\"_blank\" rel=\"nofollow noopener\">Delegacja Ukrainy w drodze do USA. Rosja uderza w Kij\u00f3w. Podsumowanie nocy<\/a>&nbsp;&nbsp;Onet Wiadomo\u015bci<\/li>\n<li><a href=\"https:\/\/news.google.com\/rss\/articles\/CBMitwFBVV95cUxNQW1iTW5EUkFJM0xqc0huT2k3T2hsMTVTX3F0ZXhDRVAtdUw0RG9hN285dm1TUi1uVHc3cnBGeFpCdjV5UFk4bDF0WXkyX2ppZ045V3gzQWVtcFpXNkNLQ2FiN1BFdjVra2hZcE82VURYV2gtVlhGVDZWejlMb2dET1FVb0JHaGxDb2s1NGZObDJ3YndPMEs3aGoyRWk4TjBaS0I4eno1ME13Z2hMMzRyVGt4VXJNcEU?oc=5\" target=\"_blank\" rel=\"nofollow noopener\">Atak rosyjskich dron\u00f3w na Kij\u00f3w. Po\u017car budynku mieszkalnego<\/a>&nbsp;&nbsp;TVP Info<\/li>\n<li><a href=\"https:\/\/news.google.com\/rss\/articles\/CBMiiwFBVV95cUxQTGtPRDIyX05YSkRxWDVmbXZhdUsxY1FyWlRGLUpaamJKNUpYbWJKRUtzSzk2WVo4bFhfMTU0UDg0MGc1T0JZSl96bmJ4S2x1WE5yZGJNWkR2SHJCU0ZpUWVhZVNrRmRyYUgyT0lXT1RNSHd0MDhJclBVUkxaazN2NFM5bnNqMllnY184?oc=5\" target=\"_blank\" rel=\"nofollow noopener\">Poranne pasmo Wirtualnej Polski, wydanie 28.11<\/a>&nbsp;&nbsp;wideo.wp.pl<\/li>\n<\/ol>\n","protected":false},"excerpt":{"rendered":"Rosyjskie drony uderzy\u0142y na Kij\u00f3w. W mie\u015bcie wybuch\u0142y po\u017cary&nbsp;&nbsp;Onet Atak Rosji na Ukrain\u0119. Operacja lotnictwa w polskiej przestrzeni&nbsp;&nbsp;TVN24&hellip;\n","protected":false},"author":2,"featured_media":123808,"comment_status":"","ping_status":"","sticky":false,"template":"","format":"standard","meta":{"footnotes":""},"categories":[14],"tags":[32,33,165,27,67,64,1107,1709,34,35,4349,28,31,53,25,52,68,51,55,40,41,62,47,80,29,30,390,65,50,26,82,83,84],"class_list":{"0":"post-123807","1":"post","2":"type-post","3":"status-publish","4":"format-standard","5":"has-post-thumbnail","7":"category-swiat","8":"tag-breaking-news","9":"tag-breakingnews","10":"tag-drony_dron","11":"tag-headlines","12":"tag-intextvideo_splayer","13":"tag-inwazja_rosji_na_ukraine_2014_","14":"tag-kijow_miasto","15":"tag-kreml","16":"tag-latest-news","17":"tag-latestnews","18":"tag-moskwa_miasto","19":"tag-naglowki","20":"tag-najwazniejsze-artykuly","21":"tag-new_header","22":"tag-news","23":"tag-onet3","24":"tag-onet3d","25":"tag-onet3d_2i","26":"tag-phx","27":"tag-polish","28":"tag-polski","29":"tag-rosja_kraj_rosjanin_rosjanie_rosjanka_rosjanki","30":"tag-screening_general","31":"tag-swiat","32":"tag-top-stories","33":"tag-topstories","34":"tag-ukraina_ukrainiec_ukrainka_ukraincy_ukrainki","35":"tag-update_me","36":"tag-v2021","37":"tag-wiadomosci","38":"tag-world","39":"tag-world-news","40":"tag-worldnews"},"share_on_mastodon":{"url":"","error":"Validation failed: Text character limit of 500 exceeded"},"_links":{"self":[{"href":"https:\/\/www.europesays.com\/pl\/wp-json\/wp\/v2\/posts\/123807","targetHints":{"allow":["GET"]}}],"collection":[{"href":"https:\/\/www.europesays.com\/pl\/wp-json\/wp\/v2\/posts"}],"about":[{"href":"https:\/\/www.europesays.com\/pl\/wp-json\/wp\/v2\/types\/post"}],"author":[{"embeddable":true,"href":"https:\/\/www.europesays.com\/pl\/wp-json\/wp\/v2\/users\/2"}],"replies":[{"embeddable":true,"href":"https:\/\/www.europesays.com\/pl\/wp-json\/wp\/v2\/comments?post=123807"}],"version-history":[{"count":0,"href":"https:\/\/www.europesays.com\/pl\/wp-json\/wp\/v2\/posts\/123807\/revisions"}],"wp:featuredmedia":[{"embeddable":true,"href":"https:\/\/www.europesays.com\/pl\/wp-json\/wp\/v2\/media\/123808"}],"wp:attachment":[{"href":"https:\/\/www.europesays.com\/pl\/wp-json\/wp\/v2\/media?parent=123807"}],"wp:term":[{"taxonomy":"category","embeddable":true,"href":"https:\/\/www.europesays.com\/pl\/wp-json\/wp\/v2\/categories?post=123807"},{"taxonomy":"post_tag","embeddable":true,"href":"https:\/\/www.europesays.com\/pl\/wp-json\/wp\/v2\/tags?post=123807"}],"curies":[{"name":"wp","href":"https:\/\/api.w.org\/{rel}","templated":true}]}}