{"id":123851,"date":"2025-11-29T07:05:12","date_gmt":"2025-11-29T07:05:12","guid":{"rendered":"https:\/\/www.europesays.com\/pl\/123851\/"},"modified":"2025-11-29T07:05:12","modified_gmt":"2025-11-29T07:05:12","slug":"europosel-pis-przypomnial-kolacje-z-udzialem-kaczynskiego-prezes-pis-zareagowal-2","status":"publish","type":"post","link":"https:\/\/www.europesays.com\/pl\/123851\/","title":{"rendered":"Europose\u0142 PiS przypomnia\u0142 kolacj\u0119 z udzia\u0142em Kaczy\u0144skiego. Prezes PiS zareagowa\u0142"},"content":{"rendered":"<p class=\"ods-c-paragraph \">\u2014 Amerykanie, i to nie tylko za czas\u00f3w prezydenta Trumpa, s\u0105 bardzo trudnym sojusznikiem, ale bezwzgl\u0119dnie nam potrzebnym, dlatego, \u017ce jest to jedyne w tej chwili pa\u0144stwo, mo\u017ce poza Chinami, kt\u00f3re jest w stanie oddzia\u0142ywa\u0107 na Rosj\u0119. Rosjanie z tym pa\u0144stwem si\u0119 naprawd\u0119 licz\u0105: wiedz\u0105, \u017ce jest mimo wszystko silniejsze od nich. By\u0142y takie momenty, np. w latach 70., kiedy mo\u017cna by\u0142o si\u0119 nad tym zastanawia\u0107, ale generalnie przewaga jest po stronie ameryka\u0144skiej. To sprawia, \u017ce oni s\u0105 g\u0142\u00f3wnym gwarantem bezpiecze\u0144stwa ca\u0142ej Europy, a na pewno tej Europy &#8222;odzyskanej&#8221;, do kt\u00f3rej nale\u017cymy. W zwi\u0105zku z tym musimy te relacje podtrzymywa\u0107, a jakie\u015b opowie\u015bci o tym, \u017ce bezpiecze\u0144stwo mo\u017ce by\u0107 zabezpieczone w inny spos\u00f3b, s\u0105 tylko opowie\u015bciami, marzeniami \u2014 m\u00f3wi\u0142 prezes PiS, pytany o ocen\u0119 prezydentury Donalda Trumpa.<\/p>\n<p>Dalszy ci\u0105g artyku\u0142u pod materia\u0142em wideo<\/p>\n<p> Jakie relacje Kaczy\u0144ski nawi\u0105za\u0142 z administracj\u0105 Trumpa? <\/p>\n<p> Gdzie odby\u0142a si\u0119 kolacja z Rudy Giulianim? <\/p>\n<p> Kiedy Trump odwiedzi\u0142 Polsk\u0119? <\/p>\n<p> Co Kaczy\u0144ski s\u0105dzi o bezpiecze\u0144stwie Europy? <\/p>\n<p>  Kulisy wizyty Trumpa w Polsce. &#8222;To nie by\u0142oby mo\u017cliwe, gdyby nie pewna kolacja&#8221;<\/p>\n<p class=\"ods-c-paragraph \">Wcze\u015bniej prowadz\u0105cy spotkanie z Kaczy\u0144skim Adam Bielan wspomnia\u0142 o wizycie prezydenta Trumpa w Polsce, jeszcze w czasie jego pierwszej kadencji. Trump przyby\u0142 do Warszawy w lipcu 2017 r. i na pl. Krasi\u0144skich wyg\u0142osi\u0142 przem\u00f3wienie, w kt\u00f3rym m\u00f3wi\u0142 wiele o historii Polski.<\/p>\n<p class=\"ods-c-paragraph \">\u2014 Nasz ob\u00f3z potrafi\u0142 zbudowa\u0107 znakomite relacje z trudnym partnerem, jakim jest pan prezydent Trump. Ma\u0142o os\u00f3b tu obecnych pewnie wie, \u017ce te relacje nie by\u0142yby mo\u017cliwe [&#8230;], gdyby nie pewna kolacja. Chcia\u0142bym powiedzie\u0107, \u017ce ta kolacja odby\u0142a si\u0119 u mnie w domu, ale tak niestety nie by\u0142o, bo odby\u0142a si\u0119 w gabinecie pewnego znanego prawnika. Chocia\u017c nie wiem, czy powinienem wymienia\u0107 jego nazwisko \u2014 m\u00f3wi\u0142 Bielan.<\/p>\n<p class=\"ods-c-paragraph \">\u2014 Lepiej si\u0119 powstrzyma\u0107 \u2014 wtr\u0105ci\u0142 Kaczy\u0144ski.<\/p>\n<p class=\"ods-c-paragraph \">\u2014 W ka\u017cdym razie by\u0142a to kolacja pana prezesa z Rudym Giulianim, czyli przez wiele lat praw\u0105 r\u0119k\u0105 Donalda Trumpa. W grudniu 2016 r., a wi\u0119c w okresie po wyborach prezydenckich [w USA], a przed zaprzysi\u0119\u017ceniem, go\u015bci\u0142 w Polsce. W trzygodzinnej rozmowie pan prezes najpierw poinformowa\u0142 Giulianiego, czym jest Tr\u00f3jmorze, a nast\u0119pnie przekona\u0142 go, \u017ce to jest te\u017c okazja do zwi\u0119kszenia zaanga\u017cowania Ameryki i te\u017c zarobku \u2014 m\u00f3wi\u0142 Bielan, opowiadaj\u0105c o spotkaniu, <a href=\"https:\/\/wiadomosci.onet.pl\/kraj\/prezes-pis-spotkal-sie-z-rudim-giulianim\/6fng4me\" id=\"469136a0-66e0-4236-80fb-b6e7a2a68eb1\" rel=\"nofollow noopener\" target=\"_blank\">kt\u00f3rego faktem chwali\u0142 si\u0119 w\u0142a\u015bnie w grudniu 2016 r. w mediach spo\u0142eczno\u015bciowych<\/a>.<\/p>\n<p class=\"ods-c-paragraph \">\u2014 To by\u0142a taka klasyczna, ulubiona przez Amerykan\u00f3w sytuacja &#8222;win-win&#8221;: Amerykanie sprzedaj\u0105 gaz skroplony LNG, nie tylko Polsce, ale te\u017c wszystkim krajom na po\u0142udnie, bo taka jest idea Tr\u00f3jmorza, a my zyskujemy wielk\u0105 niezale\u017cno\u015b\u0107 od Rosji. Gdyby nie ta kolacja z udzia\u0142em pana prezesa, nie by\u0142oby Trumpa w 2017 r. w Polsce i nie by\u0142oby tych \u015bwietnych relacji po wyborach \u2014 podsumowa\u0142 europose\u0142 PiS.<\/p>\n","protected":false},"excerpt":{"rendered":"\u2014 Amerykanie, i to nie tylko za czas\u00f3w prezydenta Trumpa, s\u0105 bardzo trudnym sojusznikiem, ale bezwzgl\u0119dnie nam potrzebnym,&hellip;\n","protected":false},"author":2,"featured_media":123852,"comment_status":"","ping_status":"","sticky":false,"template":"","format":"standard","meta":{"footnotes":""},"categories":[5],"tags":[9968,32,33,44,36,37,27,422,49,34,35,28,31,48,25,46,529,42,38,40,39,41,47,29,30,71,26],"class_list":{"0":"post-123851","1":"post","2":"type-post","3":"status-publish","4":"format-standard","5":"has-post-thumbnail","7":"category-naglowki","8":"tag-adam_bielan","9":"tag-breaking-news","10":"tag-breakingnews","11":"tag-donald_trump","12":"tag-featured-news","13":"tag-featurednews","14":"tag-headlines","15":"tag-jaroslaw_kaczynski","16":"tag-kraj","17":"tag-latest-news","18":"tag-latestnews","19":"tag-naglowki","20":"tag-najwazniejsze-artykuly","21":"tag-nat_styl","22":"tag-news","23":"tag-omp","24":"tag-pis","25":"tag-pl","26":"tag-poland","27":"tag-polish","28":"tag-polska","29":"tag-polski","30":"tag-screening_general","31":"tag-top-stories","32":"tag-topstories","33":"tag-usa","34":"tag-wiadomosci"},"share_on_mastodon":{"url":"https:\/\/pubeurope.com\/@pl\/115631719934474795","error":""},"_links":{"self":[{"href":"https:\/\/www.europesays.com\/pl\/wp-json\/wp\/v2\/posts\/123851","targetHints":{"allow":["GET"]}}],"collection":[{"href":"https:\/\/www.europesays.com\/pl\/wp-json\/wp\/v2\/posts"}],"about":[{"href":"https:\/\/www.europesays.com\/pl\/wp-json\/wp\/v2\/types\/post"}],"author":[{"embeddable":true,"href":"https:\/\/www.europesays.com\/pl\/wp-json\/wp\/v2\/users\/2"}],"replies":[{"embeddable":true,"href":"https:\/\/www.europesays.com\/pl\/wp-json\/wp\/v2\/comments?post=123851"}],"version-history":[{"count":0,"href":"https:\/\/www.europesays.com\/pl\/wp-json\/wp\/v2\/posts\/123851\/revisions"}],"wp:featuredmedia":[{"embeddable":true,"href":"https:\/\/www.europesays.com\/pl\/wp-json\/wp\/v2\/media\/123852"}],"wp:attachment":[{"href":"https:\/\/www.europesays.com\/pl\/wp-json\/wp\/v2\/media?parent=123851"}],"wp:term":[{"taxonomy":"category","embeddable":true,"href":"https:\/\/www.europesays.com\/pl\/wp-json\/wp\/v2\/categories?post=123851"},{"taxonomy":"post_tag","embeddable":true,"href":"https:\/\/www.europesays.com\/pl\/wp-json\/wp\/v2\/tags?post=123851"}],"curies":[{"name":"wp","href":"https:\/\/api.w.org\/{rel}","templated":true}]}}