{"id":123912,"date":"2025-11-29T08:16:08","date_gmt":"2025-11-29T08:16:08","guid":{"rendered":"https:\/\/www.europesays.com\/pl\/123912\/"},"modified":"2025-11-29T08:16:08","modified_gmt":"2025-11-29T08:16:08","slug":"skandal-w-argentynie-drakonska-kara-dla-legendy-sportowefakty","status":"publish","type":"post","link":"https:\/\/www.europesays.com\/pl\/123912\/","title":{"rendered":"Skandal w Argentynie. Drako\u0144ska kara dla legendy &#8211; SportoweFakty"},"content":{"rendered":"<ol>\n<li><a href=\"https:\/\/news.google.com\/rss\/articles\/CBMimwFBVV95cUxOUHhWYndPdDdMOGs4X29lWU56ZmpvU04tc1loRGFMNjBQOWZoWGtMZFFOQUJ4bXlpbjc5emVyVld1Qlp1cDVBX29zbHRyVGxPbC04OGEwNGxqQlJ1dUV5T1RvR2tVLUE3YTRHTjNDMzI0dXpfNnpjcGU4RUJnMXBHMkthblhIbDd5QlY1c2FLa2JON2dITnYwbWhPMA?oc=5\" target=\"_blank\" rel=\"nofollow noopener\">Skandal w Argentynie. Drako\u0144ska kara dla legendy<\/a>&nbsp;&nbsp;SportoweFakty<\/li>\n<li><a href=\"https:\/\/news.google.com\/rss\/articles\/CBMi4wFBVV95cUxPRTdlMUVVcFMtY3djdkdZcThhOEtJZktJTWRiMnM2WkdMYThfajI2VXRNNDF0T0tPLThpcTNHS2Q0TzdFLXk3RjlFa2wtNHNMNi1BUENaRWMzNjFvRzRZVTVlcDROMnp6cENEcFVBYWtBa2xxSmt0WkJGdkM5YjVGd3d1VGwwMDB3MHJWaGZiX3FTR1Y2Y0g1UFdBM01WRWJmOE5aMWh6QjBiU0Z2RTFGV2hhNWpPTGFncmZfTXZMOXFmZ3o4bVg2VWI5T2VGNTc0aGNmUVNQT1JJdlYyZmJXU283MA?oc=5\" target=\"_blank\" rel=\"nofollow noopener\">Skandal w lidze argenty\u0144skiej. Klub Angela Di Marii \u2013 Rosario Central zostal uznany mistrzem przed zako\u0144czeniem sezonu<\/a>&nbsp;&nbsp;Gol24<\/li>\n<li><a href=\"https:\/\/news.google.com\/rss\/articles\/CBMi1wFBVV95cUxQc0N6OGVzUjFuX1czOVVRYjhVRlZRSmx4cFZWTm9OdWF3eWg4RXY4RHk4ZnlwN3RXVUVXZ19waWJqMzBMeXYwbFVyUWpLV25iUUgxNnJmeWtJWllPeU85X2tvZ3AwQlRYMUcyd2FKeXZOUE9RTjFWNDdBUktUOUNJMDlGemRkcGpGRU5IU094V3JnM1JlOWFFcHM1WkRtSmtEcVNqSlZ2eWEzcW5LN3NIR2RJeUh4VEVkdFh6alZRdkhsS2JYOVpRSnc3OTNxQklaWWY5UlZ2aw?oc=5\" target=\"_blank\" rel=\"nofollow noopener\">OFICJALNIE: Zamieszanie z mistrzostwem Argentyny trwa. Juan Sebasti\u00e1n Ver\u00f3n zawieszony na 6 miesi\u0119cy<\/a>&nbsp;&nbsp;Transfery.info<\/li>\n<li><a href=\"https:\/\/news.google.com\/rss\/articles\/CBMiiwFBVV95cUxNWUpIaG1NbnZyZ055TXh6a1Y5OUd3TWM1clcxeGhNUUhaUWdjS21va2YzSmhnM3VJVjViODNnck5xU0xQbFUya2E3TG14cHNvWk1vWDgtSGhCR3RDZEFfRlppTlZhWU4zd1puazFMTUNQb1N1OVh3dkhNbmhKNGYwUFY3ckNoSU81Q0hV?oc=5\" target=\"_blank\" rel=\"nofollow noopener\">Argenty\u0144ska federacja surowo ukara\u0142a legend\u0119. To skutek protestu<\/a>&nbsp;&nbsp;weszlo.com<\/li>\n<li><a href=\"https:\/\/news.google.com\/rss\/articles\/CBMi0AFBVV95cUxPMVVBNGJKdi1TeFhmSVRSRWw0eUlDRm5pWU00b01GSUp0d1VjWFhmeTdNWF9oazhsVS16MFRyWWhaUG1FdXNPb1ZTaDB5QXZudmJCV25IS0g1dmc1ZHA4Y0JFU2lRdHdYYUdodDJpWUU0VmJxaGpWSWV1NV9xcGNxemhtZkpVTGd0UDdIRFFyY3FaQlVMTXNySlVBTWxVVG94aUo5UGc5MElIU1l1OHduRnk2Zjl4MXNHSWZpQjlTZ2cxY01sUFQwNDBWTWMxeXJF?oc=5\" target=\"_blank\" rel=\"nofollow noopener\">Skandal w Argentynie: klub pozbawiony tytu\u0142u z powodu zmiany zasad sezonu<\/a>&nbsp;&nbsp;112.ua<\/li>\n<\/ol>\n","protected":false},"excerpt":{"rendered":"Skandal w Argentynie. Drako\u0144ska kara dla legendy&nbsp;&nbsp;SportoweFakty Skandal w lidze argenty\u0144skiej. Klub Angela Di Marii \u2013 Rosario Central&hellip;\n","protected":false},"author":2,"featured_media":123913,"comment_status":"","ping_status":"","sticky":false,"template":"","format":"standard","meta":{"footnotes":""},"categories":[24],"tags":[968,26421,26422,989,269,1286,42,38,40,39,41,26420,127,126],"class_list":{"0":"post-123912","1":"post","2":"type-post","3":"status-publish","4":"format-standard","5":"has-post-thumbnail","7":"category-sport","8":"tag-argentyna","9":"tag-estudiantes-la-plata","10":"tag-juan-sebastian-veron","11":"tag-pilka-na-swiecie","12":"tag-pilka-nozna","13":"tag-pilka-nozna-w-argentynie","14":"tag-pl","15":"tag-poland","16":"tag-polish","17":"tag-polska","18":"tag-polski","19":"tag-rosario-central","20":"tag-sport","21":"tag-sports"},"share_on_mastodon":{"url":"https:\/\/pubeurope.com\/@pl\/115631999129632760","error":""},"_links":{"self":[{"href":"https:\/\/www.europesays.com\/pl\/wp-json\/wp\/v2\/posts\/123912","targetHints":{"allow":["GET"]}}],"collection":[{"href":"https:\/\/www.europesays.com\/pl\/wp-json\/wp\/v2\/posts"}],"about":[{"href":"https:\/\/www.europesays.com\/pl\/wp-json\/wp\/v2\/types\/post"}],"author":[{"embeddable":true,"href":"https:\/\/www.europesays.com\/pl\/wp-json\/wp\/v2\/users\/2"}],"replies":[{"embeddable":true,"href":"https:\/\/www.europesays.com\/pl\/wp-json\/wp\/v2\/comments?post=123912"}],"version-history":[{"count":0,"href":"https:\/\/www.europesays.com\/pl\/wp-json\/wp\/v2\/posts\/123912\/revisions"}],"wp:featuredmedia":[{"embeddable":true,"href":"https:\/\/www.europesays.com\/pl\/wp-json\/wp\/v2\/media\/123913"}],"wp:attachment":[{"href":"https:\/\/www.europesays.com\/pl\/wp-json\/wp\/v2\/media?parent=123912"}],"wp:term":[{"taxonomy":"category","embeddable":true,"href":"https:\/\/www.europesays.com\/pl\/wp-json\/wp\/v2\/categories?post=123912"},{"taxonomy":"post_tag","embeddable":true,"href":"https:\/\/www.europesays.com\/pl\/wp-json\/wp\/v2\/tags?post=123912"}],"curies":[{"name":"wp","href":"https:\/\/api.w.org\/{rel}","templated":true}]}}