{"id":123918,"date":"2025-11-29T08:21:10","date_gmt":"2025-11-29T08:21:10","guid":{"rendered":"https:\/\/www.europesays.com\/pl\/123918\/"},"modified":"2025-11-29T08:21:10","modified_gmt":"2025-11-29T08:21:10","slug":"region-policja-zatrzymala-dwie-osoby-ktore-nie-udzielily-pomocy-poszkodowanemu-w-wypadku-parze-groza-surowe-konsekwencje","status":"publish","type":"post","link":"https:\/\/www.europesays.com\/pl\/123918\/","title":{"rendered":"Region. Policja zatrzyma\u0142a dwie osoby, kt\u00f3re nie udzieli\u0142y pomocy poszkodowanemu w wypadku. &#8222;Parze gro\u017c\u0105 surowe konsekwencje&#8221;"},"content":{"rendered":"<p>    Chodzi o wypadek, do kt\u00f3rego dosz\u0142o w minion\u0105 niedziel\u0119  na odcinku mi\u0119dzy Karolewem, a Po\u017carowem.<\/p>\n<p>Jak informuje st. asp. Sandra Chuda z Komendy Powiatowej Policji w Szamotu\u0142ach &#8211; Kieruj\u0105cy samochodem marki Volkswagen LT straci\u0142 panowanie nad pojazdem i uderzy\u0142 w przydro\u017cne drzewo. Na miejscu policjanci zastali jedn\u0105 osob\u0119 z ci\u0119\u017ckimi obra\u017ceniami. 39-letni mieszkaniec gminy Wronki w stanie zagra\u017caj\u0105cym \u017cyciu zosta\u0142 przetransportowany do szpitala.\n<\/p>\n<p>Jednak po intensywnej pracy policjant\u00f3w, ze wst\u0119pnych ustale\u0144 wynika\u0142o, \u017ce z miejsca zdarzenia uciek\u0142  jeszcze inny m\u0119\u017cczyzna (najprawdopodobniej kierowca), w czym mia\u0142a mu pom\u00f3c \u017cona. Dopiero po d\u0142u\u017cszym czasie kobieta wr\u00f3ci\u0142a na drog\u0119 i zg\u0142osi\u0142a interwencj\u0119, pr\u00f3buj\u0105c stworzy\u0107 fa\u0142szywy obraz sytuacji. <\/p>\n<p>&#8211; Takie post\u0119powanie utrudnia\u0142o dzia\u0142ania s\u0142u\u017cb, a przede wszystkim mog\u0142o pogorszy\u0107 stan osoby ci\u0119\u017cko rannej, pozostawionej bez jakiejkolwiek pomocy. Pomimo dzia\u0142ania ma\u0142\u017ce\u0144stwa, w wyniku intensywnych czynno\u015bci procesowych ustalono wst\u0119pnie przebieg zdarzenia. 33-letni mieszkaniec gminy Wronki podejrzany o kierowanie pojazdem oraz jego \u017cona zostali zatrzymani. W chwili zatrzymania m\u0119\u017cczyzna by\u0142 nietrze\u017awy. Na podstawie zebranych materia\u0142\u00f3w, Prokurator z Prokuratury Rejonowej w Szamotu\u0142ach postawi\u0142 mu zarzuty spowodowania wypadku drogowego w stanie nietrze\u017awo\u015bci, a tak\u017ce nieudzielenia pomocy osobie, kt\u00f3ra odnios\u0142a ci\u0119\u017ckie obra\u017cenia. W celu zabezpieczenia prawid\u0142owego toku post\u0119powania, s\u0105d zastosowa\u0142 wobec 33-latka trzymiesi\u0119czny tymczasowy areszt &#8211; podaje st. asp. Sandra Chuda. <\/p>\n<p>Kobieta us\u0142ysza\u0142a zarzuty nieudzielenia pomocy oraz utrudniania post\u0119powania karnego poprzez ukrywanie udzia\u0142u m\u0119\u017cczyzny w zdarzeniu i wprowadzanie funkcjonariuszy w b\u0142\u0105d. Na tym etapie prokurator zastosowa\u0142 wobec niej \u015brodki zapobiegawcze w postaci dozoru, zakazu opuszczania kraju oraz zakazu kontaktowania si\u0119 z pokrzywdzonym.<\/p>\n<p>Policja przypomina, \u017ce ka\u017cdy uczestnik lub \u015bwiadek wypadku ma obowi\u0105zek udzielenia pomocy osobie znajduj\u0105cej si\u0119 w stanie zagro\u017cenia \u017cycia lub zdrowia. Zaniechanie tego obowi\u0105zku jest powa\u017cnym przest\u0119pstwem, za kt\u00f3re grozi kara pozbawienia wolno\u015bci. Ucieczka z miejsca zdarzenia, ukrywanie prawdy czy podejmowanie dzia\u0142a\u0144 maj\u0105cych utrudni\u0107 prac\u0119 s\u0142u\u017cb musi sko\u0144czy\u0107 si\u0119 konsekwencjami prawnymi.<\/p>\n<p style=\"margin-bottom: 6px;\">Autor: <a href=\"https:\/\/epoznan.pl\/newsListAuthor-Paula Zych\" rel=\"nofollow noopener\" target=\"_blank\">Paula Zych<\/a><\/p>\n<p>Dodano: 28 listopada 2025 r. godz. 20:30<\/p>\n","protected":false},"excerpt":{"rendered":"Chodzi o wypadek, do kt\u00f3rego dosz\u0142o w minion\u0105 niedziel\u0119 na odcinku mi\u0119dzy Karolewem, a Po\u017carowem. Jak informuje st.&hellip;\n","protected":false},"author":2,"featured_media":123919,"comment_status":"","ping_status":"","sticky":false,"template":"","format":"standard","meta":{"footnotes":""},"categories":[12],"tags":[32,33,36,37,27,34,35,28,31,25,26424,42,38,414,40,39,41,26423,5304,29,30,26,1299],"class_list":{"0":"post-123918","1":"post","2":"type-post","3":"status-publish","4":"format-standard","5":"has-post-thumbnail","7":"category-polska","8":"tag-breaking-news","9":"tag-breakingnews","10":"tag-featured-news","11":"tag-featurednews","12":"tag-headlines","13":"tag-latest-news","14":"tag-latestnews","15":"tag-naglowki","16":"tag-najwazniejsze-artykuly","17":"tag-news","18":"tag-nieudzielenie-pomocy","19":"tag-pl","20":"tag-poland","21":"tag-policja","22":"tag-polish","23":"tag-polska","24":"tag-polski","25":"tag-powiat-szamotulski","26":"tag-region","27":"tag-top-stories","28":"tag-topstories","29":"tag-wiadomosci","30":"tag-zatrzymanie"},"share_on_mastodon":{"url":"https:\/\/pubeurope.com\/@pl\/115632018949458263","error":""},"_links":{"self":[{"href":"https:\/\/www.europesays.com\/pl\/wp-json\/wp\/v2\/posts\/123918","targetHints":{"allow":["GET"]}}],"collection":[{"href":"https:\/\/www.europesays.com\/pl\/wp-json\/wp\/v2\/posts"}],"about":[{"href":"https:\/\/www.europesays.com\/pl\/wp-json\/wp\/v2\/types\/post"}],"author":[{"embeddable":true,"href":"https:\/\/www.europesays.com\/pl\/wp-json\/wp\/v2\/users\/2"}],"replies":[{"embeddable":true,"href":"https:\/\/www.europesays.com\/pl\/wp-json\/wp\/v2\/comments?post=123918"}],"version-history":[{"count":0,"href":"https:\/\/www.europesays.com\/pl\/wp-json\/wp\/v2\/posts\/123918\/revisions"}],"wp:featuredmedia":[{"embeddable":true,"href":"https:\/\/www.europesays.com\/pl\/wp-json\/wp\/v2\/media\/123919"}],"wp:attachment":[{"href":"https:\/\/www.europesays.com\/pl\/wp-json\/wp\/v2\/media?parent=123918"}],"wp:term":[{"taxonomy":"category","embeddable":true,"href":"https:\/\/www.europesays.com\/pl\/wp-json\/wp\/v2\/categories?post=123918"},{"taxonomy":"post_tag","embeddable":true,"href":"https:\/\/www.europesays.com\/pl\/wp-json\/wp\/v2\/tags?post=123918"}],"curies":[{"name":"wp","href":"https:\/\/api.w.org\/{rel}","templated":true}]}}