{"id":123970,"date":"2025-11-29T08:58:10","date_gmt":"2025-11-29T08:58:10","guid":{"rendered":"https:\/\/www.europesays.com\/pl\/123970\/"},"modified":"2025-11-29T08:58:10","modified_gmt":"2025-11-29T08:58:10","slug":"wysoko-polki-na-otwarcie-ms-pilkarek-recznych-wygrywaly-juz-ponad-dwa-razy-wyzej-sport-tvp-pl","status":"publish","type":"post","link":"https:\/\/www.europesays.com\/pl\/123970\/","title":{"rendered":"Wysoko? Polki na otwarcie M\u015a pi\u0142karek r\u0119cznych wygrywa\u0142y ju\u017c ponad dwa razy wy\u017cej &#8211; sport.tvp.pl"},"content":{"rendered":"<ol>\n<li><a href=\"https:\/\/news.google.com\/rss\/articles\/CBMisgFBVV95cUxQWWZWcm1vSWkzdG1kdjZCVWp1bUV3U1RrdktHQnNBMzRWc1lZSS1LRjZsWmxOS1BCdVpxZU9YcWtuazgyYVZtSGZXRV9vWTRYNXRKT1hvRGJlN19fQzdyRHVvTEVfRzFHb1plbXRsTGppaTI5VmdUZ2JLOGR2cEl3UFBpR29Bdk1xOHB6RURxNTNVc18wWWtYd2hCaExVb3lVUkhIb0JZWWhxRlpEM2tRTFR30gG3AUFVX3lxTE9QOV8yV0hKNDJaRnpJcV9BRjBJZnV3am5EM21tT0FuT1ZUODEwem0xNkxLb0VlMmM4Vmx6ektHbllnVjZFMDgwak5XTHBjVFFhX1hSNkFYRFh6aF8yRU9TRWxsOW9QZEFTVEZ3WXd6eXY5LXFfMlZoQXV5VXNIdUxxaHdXOFZQUTVPSHVwWEc4cDhhbEdkbUJ5dWJkYnNrZldyU05tdDcxOTZ1NmJ5TTg5RlN0SW5XMA?oc=5\" target=\"_blank\" rel=\"nofollow noopener\">Wysoko? Polki na otwarcie M\u015a pi\u0142karek r\u0119cznych wygrywa\u0142y ju\u017c ponad dwa razy wy\u017cej<\/a>&nbsp;&nbsp;sport.tvp.pl<\/li>\n<li><a href=\"https:\/\/news.google.com\/rss\/articles\/CBMi7AFBVV95cUxQVDNEWVduOVZMNDRSLWxzN1RiY0FUY0FaOGpjQUxrU2NueFI2Mlk4RkRFUmdFMWRmQ004aHA2RTNobWdDSWtBOUdOSndZOFZPRVV3cWg3eWg5ck82Y0tLTm9ONEJMZENZTWxoUE0zXzdYT3pSY1ZzXzJROVQxS2pMa1p3dURzd0RBdnRfLTV2cmF4RHlMV0FyZUdURmswYUZQeXRlcDBqUWJvc0tMM1dQTUJHTVhqU19sYWpBZWtCUXZEYWE0SzhiQ2t0YW9KaXRPS0ZOM1g0cF9VdmE5dHplT2NZckRob0NjOFB0Sw?oc=5\" target=\"_blank\" rel=\"nofollow noopener\">16 goli przewagi! Polki demoluj\u0105 na otwarcie M\u015a. Wielkie zwyci\u0119stwo<\/a>&nbsp;&nbsp;Przegl\u0105d Sportowy Onet<\/li>\n<li><a href=\"https:\/\/news.google.com\/rss\/articles\/CBMinwFBVV95cUxQOG1QX3gwZEtyMFlhaFRxUGNaYUlvUnJNeHJaOVJnMGNhaF8zREhKMTRzSy1ZNlI2SE0xWHZYd2MtUmlyRkVjWGN5clhRR24xYjhGa3dINGQ0OW5sUjQxakRSd2F6by11Qjl4U1VaUkpnSEhKYjlfdjBsYUlBRzN0di1DT3FWQ2JpMV9XZGV3SDkxTW9udmR5clpWc0d1N28?oc=5\" target=\"_blank\" rel=\"nofollow noopener\">Rozpocz\u0119\u0142a si\u0119 walka w grupie Polek. Zobacz tabel\u0119<\/a>&nbsp;&nbsp;SportoweFakty<\/li>\n<li><a href=\"https:\/\/news.google.com\/rss\/articles\/CBMi2gFBVV95cUxQcUkwOEdWQnBiRERsVXBISG0zMFZ2WGI0TXZaTm0wVW1UcUlhM291VEdPMVlZRDN1VFp6bXRhQVJQY3NXeFR4MXQ4YzByQkVlU1pFMWFqTnBtN2FlTk9Eak03Rk0xQzR4YWtwRmxlbFNUQ2c5bEdVaU1KVWxkQUN2RmlLdVFXQmtXZlJURUxTcEpjRmhoTG5zS1poeFRCcVU1V0w4UmhDRkptTlY1QXY5YkZOUExHOEI3aDJiQ1hGcUlxWk83azdfaGlSMXhjWGtCLUUwSjdPT3FGQQ?oc=5\" target=\"_blank\" rel=\"nofollow noopener\">2,5 godziny po zwyci\u0119stwie z Chinami nadesz\u0142a wiadomo\u015b\u0107. Polski nie s\u0105 liderkami<\/a>&nbsp;&nbsp;Sport w INTERIA.PL<\/li>\n<li><a href=\"https:\/\/news.google.com\/rss\/articles\/CBMiREFVX3lxTFBuUzdtRXo4NzRuV0ZZbjNDbm5TNjZBdEZCSnBpeDZmc1VfRkI4NnF4cG1MMnRFbTdhNENrRHExYlZpbFdf?oc=5\" target=\"_blank\" rel=\"nofollow noopener\">J. Granicka: Chcemy kolejnych zwyci\u0119stw!<\/a>&nbsp;&nbsp;Zwi\u0105zek Pi\u0142ki R\u0119cznej w Polsce<\/li>\n<\/ol>\n","protected":false},"excerpt":{"rendered":"Wysoko? Polki na otwarcie M\u015a pi\u0142karek r\u0119cznych wygrywa\u0142y ju\u017c ponad dwa razy wy\u017cej&nbsp;&nbsp;sport.tvp.pl 16 goli przewagi! Polki demoluj\u0105&hellip;\n","protected":false},"author":2,"featured_media":123971,"comment_status":"","ping_status":"","sticky":false,"template":"","format":"standard","meta":{"footnotes":""},"categories":[24],"tags":[24033,1905,42,38,40,39,41,26428,24034,127,334,126],"class_list":{"0":"post-123970","1":"post","2":"type-post","3":"status-publish","4":"format-standard","5":"has-post-thumbnail","7":"category-sport","8":"tag-ms-2025-pilkarek-recznych","9":"tag-pilka-reczna","10":"tag-pl","11":"tag-poland","12":"tag-polish","13":"tag-polska","14":"tag-polski","15":"tag-reprezentacja-chin-pilkarek-recznych","16":"tag-reprezentacja-polski-pilkarek-recznych","17":"tag-sport","18":"tag-sport-tvp-pl","19":"tag-sports"},"share_on_mastodon":{"url":"https:\/\/pubeurope.com\/@pl\/115632164237369546","error":""},"_links":{"self":[{"href":"https:\/\/www.europesays.com\/pl\/wp-json\/wp\/v2\/posts\/123970","targetHints":{"allow":["GET"]}}],"collection":[{"href":"https:\/\/www.europesays.com\/pl\/wp-json\/wp\/v2\/posts"}],"about":[{"href":"https:\/\/www.europesays.com\/pl\/wp-json\/wp\/v2\/types\/post"}],"author":[{"embeddable":true,"href":"https:\/\/www.europesays.com\/pl\/wp-json\/wp\/v2\/users\/2"}],"replies":[{"embeddable":true,"href":"https:\/\/www.europesays.com\/pl\/wp-json\/wp\/v2\/comments?post=123970"}],"version-history":[{"count":0,"href":"https:\/\/www.europesays.com\/pl\/wp-json\/wp\/v2\/posts\/123970\/revisions"}],"wp:featuredmedia":[{"embeddable":true,"href":"https:\/\/www.europesays.com\/pl\/wp-json\/wp\/v2\/media\/123971"}],"wp:attachment":[{"href":"https:\/\/www.europesays.com\/pl\/wp-json\/wp\/v2\/media?parent=123970"}],"wp:term":[{"taxonomy":"category","embeddable":true,"href":"https:\/\/www.europesays.com\/pl\/wp-json\/wp\/v2\/categories?post=123970"},{"taxonomy":"post_tag","embeddable":true,"href":"https:\/\/www.europesays.com\/pl\/wp-json\/wp\/v2\/tags?post=123970"}],"curies":[{"name":"wp","href":"https:\/\/api.w.org\/{rel}","templated":true}]}}