{"id":123981,"date":"2025-11-29T09:10:11","date_gmt":"2025-11-29T09:10:11","guid":{"rendered":"https:\/\/www.europesays.com\/pl\/123981\/"},"modified":"2025-11-29T09:10:11","modified_gmt":"2025-11-29T09:10:11","slug":"nawrocki-zgodzi-sie-na-awanse-w-abw-i-skw-decyzje-wowczas-zapadna","status":"publish","type":"post","link":"https:\/\/www.europesays.com\/pl\/123981\/","title":{"rendered":"Nawrocki zgodzi si\u0119 na awanse w ABW i SKW? &#8222;Decyzje w\u00f3wczas zapadn\u0105&#8221;"},"content":{"rendered":"<ul class=\"list-summary__items summary\">\n<li>Jakie by\u0142y zarzuty premiera Tuska wobec prezydenta Nawrockiego.<\/li>\n<li>Dlaczego prezydent Nawrocki nie m\u00f3g\u0142 spotka\u0107 si\u0119 z szefami s\u0142u\u017cb specjalnych.<\/li>\n<li>Co zawiera\u0142o pismo z Kancelarii Prezydenta dotycz\u0105ce nominacji oficerskich.<\/li>\n<\/ul>\n<p>    <a name=\"eztoc35981241_0_5\" id=\"eztoc35981241_0_5\"\/>Konflikt o awanse oficerskie w ABW<\/p>\n<p>Na kilka dni przed Narodowym \u015awi\u0119tem Niepodleg\u0142o\u015bci premier<br \/>\n<a href=\"https:\/\/wiadomosci.radiozet.pl\/tag\/kategoria\/donald-tusk\" target=\"_blank\" rel=\"dofollow noopener\">Donald Tusk<\/a> zarzuci\u0142 prezydentowi<br \/>\n<a href=\"https:\/\/wiadomosci.radiozet.pl\/tag\/kategoria\/karol-nawrocki\" target=\"_blank\" rel=\"dofollow noopener\">Karolowi Nawrockiemu<\/a>, \u017ce zablokowa\u0142 nominacje na pierwszy stopie\u0144 oficerski 136 przysz\u0142ych oficer\u00f3w S\u0142u\u017cby Kontrwywiadu Wojskowego i Agencji Bezpiecze\u0144stwa Wewn\u0119trznego. W odpowiedzi prezydent Nawrocki przekaza\u0142 w nagraniu opublikowanym na platformie X, \u017ce premier \u201epodj\u0105\u0142 decyzj\u0119, \u017ce szefowie<br \/>\n<a href=\"https:\/\/wiadomosci.radiozet.pl\/tag\/kategoria\/sluzby-specjalne\" target=\"_blank\" rel=\"dofollow noopener\">s\u0142u\u017cb specjalnych<\/a> maj\u0105 zakaz spotykania si\u0119 z prezydentem RP\u201d.\u00a0<\/p>\n<p>&#8211; Odm\u00f3wiono udzielenia istotnych informacji dotycz\u0105cych bezpiecze\u0144stwa pa\u0144stwa przedstawicielowi prezydenta podczas posiedzenia Kolegium ds. s\u0142u\u017cb specjalnych. Odwo\u0142ano 4 moje spotkania z szefami s\u0142u\u017cb \u2013 to w\u0142a\u015bnie na nich mia\u0142y zosta\u0107 om\u00f3wione kluczowe kwestie dla bezpiecze\u0144stwa Polski, mia\u0142y te\u017c zapa\u015b\u0107 decyzje dotycz\u0105ce nominacji oficerskich \u2013 powiedzia\u0142 prezydent.<\/p>\n<p>\t\t\t\t                                    \t<a name=\"eztoc35981241_0_6\" id=\"eztoc35981241_0_6\"\/>&#8222;Funkcjonariusze skrzywdzeni przez Tuska&#8221;<\/p>\n<p>O to jaki b\u0119dzie dalszy ci\u0105g sprawy awans\u00f3w oficerskich dla funkcjonariuszy s\u0142u\u017cb specjalnych Le\u015bkiewicz zosta\u0142 zapytany w pi\u0105tek w TV Republika. &#8211; Ci funkcjonariusze s\u0105 skrzywdzeni, ale s\u0105 skrzywdzeni przez pana premiera Donalda Tuska i przez szef\u00f3w s\u0142u\u017cb specjalnych, kt\u00f3rzy odm\u00f3wili spotkania z g\u0142ow\u0105 pa\u0144stwa. Tego nie by\u0142o w historii III Rzeczpospolitej, by szefowie s\u0142u\u017cb specjalnych odm\u00f3wili spotkania z prezydentem tylko dlatego, \u017ce premier polskiego rz\u0105du im tego zabroni\u0142 &#8211; podkre\u015bli\u0142 Le\u015bkiewicz.<\/p>\n<p>Jak wskaza\u0142, prawem i obowi\u0105zkiem prezydenta jest pyta\u0107 o sprawy dotycz\u0105ce bezpiecze\u0144stwa pa\u0144stwa. &#8211; Jednym z element\u00f3w dotycz\u0105cych bezpiecze\u0144stwa pa\u0144stwa s\u0105 chocia\u017cby awanse na pierwszy stopie\u0144 oficerski &#8211; zauwa\u017cy\u0142. &#8211; W ci\u0105gu ostatnich dw\u00f3ch lat proces szkole\u0144 funkcjonariuszy s\u0142u\u017cb specjalnych (&#8230;) znacznie si\u0119 skr\u00f3ci\u0142 &#8211; doda\u0142 rzecznik prezydenta. Jego zdaniem, proces szkole\u0144 uleg\u0142 skr\u00f3ceniu z 16 do 6 tygodni i o tym prezydent chcia\u0142 porozmawia\u0107 z szefami s\u0142u\u017cb.<\/p>\n<p><a name=\"eztoc35981241_0_6_3\" id=\"eztoc35981241_0_6_3\"\/>Nawrocki chce rozmawia\u0107 z szefami s\u0142u\u017cb specjalnych<\/p>\n<p>&#8211; Zatem, je\u015bli szefowie s\u0142u\u017cb specjalnych pojawi\u0105 si\u0119 na spotkaniu z panem prezydentem, porozmawiaj\u0105 o sprawach bezpiecze\u0144stwa, o odznaczeniach, o awansach oficerskich, pan prezydent wyra\u017anie powiedzia\u0142: decyzje w\u00f3wczas zapadn\u0105 &#8211; powiedzia\u0142 Le\u015bkiewicz.<\/p>\n<p>W \u015brod\u0119 minister koordynator s\u0142u\u017cb specjalnych Tomasz Siemoniak poinformowa\u0142, \u017ce we wtorek do KPRM przysz\u0142o pismo z Kancelarii Prezydenta odsy\u0142aj\u0105ce wniosek o nominacje na pierwszy stopie\u0144 oficerski przysz\u0142ych oficer\u00f3w ABW. Minister doda\u0142, \u017ce rozumie to jako ostateczn\u0105 negatywn\u0105 odpowied\u017a i b\u0119dzie si\u0119 zastanawia\u0107, co dalej.<\/p>\n<p>\u0179r\u00f3d\u0142o: Radio ZET\/ PAP<\/p>\n<p>By\u0142e\u015b \u015bwiadkiem czego\u015b niespodziewanego? Masz temat, kt\u00f3rym powinni\u015bmy si\u0119 zaj\u0105\u0107?<\/p>\n<p>Zg\u0142o\u015b spraw\u0119 przez <a href=\"https:\/\/wiadomosci.radiozet.pl\/czerwony-telefon\" target=\"_blank\" title=\"Czerwony telefon Radia Zet\" rel=\"nofollow noopener\">Czerwony telefon Radia ZET<\/a><\/p>\n","protected":false},"excerpt":{"rendered":"Jakie by\u0142y zarzuty premiera Tuska wobec prezydenta Nawrockiego. Dlaczego prezydent Nawrocki nie m\u00f3g\u0142 spotka\u0107 si\u0119 z szefami s\u0142u\u017cb&hellip;\n","protected":false},"author":2,"featured_media":123982,"comment_status":"","ping_status":"","sticky":false,"template":"","format":"standard","meta":{"footnotes":""},"categories":[12],"tags":[145,32,33,1345,36,37,27,690,34,35,28,31,25,42,38,40,39,2462,41,11209,29,30,26],"class_list":{"0":"post-123981","1":"post","2":"type-post","3":"status-publish","4":"format-standard","5":"has-post-thumbnail","7":"category-polska","8":"tag-abw","9":"tag-breaking-news","10":"tag-breakingnews","11":"tag-donald-tusk","12":"tag-featured-news","13":"tag-featurednews","14":"tag-headlines","15":"tag-karol-nawrocki","16":"tag-latest-news","17":"tag-latestnews","18":"tag-naglowki","19":"tag-najwazniejsze-artykuly","20":"tag-news","21":"tag-pl","22":"tag-poland","23":"tag-polish","24":"tag-polska","25":"tag-polska-polityka","26":"tag-polski","27":"tag-sluzby-specjalne","28":"tag-top-stories","29":"tag-topstories","30":"tag-wiadomosci"},"share_on_mastodon":{"url":"https:\/\/pubeurope.com\/@pl\/115632211575117364","error":""},"_links":{"self":[{"href":"https:\/\/www.europesays.com\/pl\/wp-json\/wp\/v2\/posts\/123981","targetHints":{"allow":["GET"]}}],"collection":[{"href":"https:\/\/www.europesays.com\/pl\/wp-json\/wp\/v2\/posts"}],"about":[{"href":"https:\/\/www.europesays.com\/pl\/wp-json\/wp\/v2\/types\/post"}],"author":[{"embeddable":true,"href":"https:\/\/www.europesays.com\/pl\/wp-json\/wp\/v2\/users\/2"}],"replies":[{"embeddable":true,"href":"https:\/\/www.europesays.com\/pl\/wp-json\/wp\/v2\/comments?post=123981"}],"version-history":[{"count":0,"href":"https:\/\/www.europesays.com\/pl\/wp-json\/wp\/v2\/posts\/123981\/revisions"}],"wp:featuredmedia":[{"embeddable":true,"href":"https:\/\/www.europesays.com\/pl\/wp-json\/wp\/v2\/media\/123982"}],"wp:attachment":[{"href":"https:\/\/www.europesays.com\/pl\/wp-json\/wp\/v2\/media?parent=123981"}],"wp:term":[{"taxonomy":"category","embeddable":true,"href":"https:\/\/www.europesays.com\/pl\/wp-json\/wp\/v2\/categories?post=123981"},{"taxonomy":"post_tag","embeddable":true,"href":"https:\/\/www.europesays.com\/pl\/wp-json\/wp\/v2\/tags?post=123981"}],"curies":[{"name":"wp","href":"https:\/\/api.w.org\/{rel}","templated":true}]}}