{"id":124025,"date":"2025-11-29T09:47:10","date_gmt":"2025-11-29T09:47:10","guid":{"rendered":"https:\/\/www.europesays.com\/pl\/124025\/"},"modified":"2025-11-29T09:47:10","modified_gmt":"2025-11-29T09:47:10","slug":"wdowa-po-ludwiku-dornie-chce-miliona-zlotych-chodzi-o-krzywdy-z-czasow-prl-2","status":"publish","type":"post","link":"https:\/\/www.europesays.com\/pl\/124025\/","title":{"rendered":"Wdowa po Ludwiku Dornie chce miliona z\u0142otych. Chodzi o krzywdy z czas\u00f3w PRL"},"content":{"rendered":"<ul class=\"UnorderedList_container__nmfSl\">\n<li class=\"UnorderedList_listElement__Py7xi\" data-id=\"ai-summary-link\">Du\u017co czytania, a ma\u0142o czasu? Sprawd\u017a\u00a0skr\u00f3t\u00a0artyku\u0142u<\/li>\n<\/ul>\n<p class=\"Paragraph_desktopParagraph__U31Gm\">Cho\u0107 pani Izabela zwi\u0105za\u0142a si\u0119 z Dornem kilkana\u015bcie lat po upadku komuny, dla wymiaru sprawiedliwo\u015bci nie ma to znaczenia. Wdowa po polityku odm\u00f3wi\u0142a publicznego komentarza dotycz\u0105cego \u017c\u0105danej kwoty.<\/p>\n<p class=\"Paragraph_desktopParagraph__U31Gm\">&#8222;Urodzona w latach 70. pani Izabela chce, \u017ceby Polska przyzna\u0142a jej pieni\u0105dze, w zamian za represje, kt\u00f3rych jej m\u0105\u017c dozna\u0142 w PRL, kiedy aktywnie walczy\u0142 z komunistycznym re\u017cimem&#8221; \u2014 czytamy w &#8222;Wyborczej&#8221;.<\/p>\n<p class=\"VideoPlayerText_videoPlayerText__iDwyz\">Dalszy ci\u0105g materia\u0142u pod wideo<\/p>\n<ul class=\"OchatFollowUps_wrapper__1ry7X\">\n<li class=\"OchatFollowUps_item__Dhyly OchatFollowUps_itemDesktop__R6aBv\">Jakie odszkodowanie domaga si\u0119 wdowa po Ludwiku Dornie?<\/li>\n<li class=\"OchatFollowUps_item__Dhyly OchatFollowUps_itemDesktop__R6aBv\">Kiedy odb\u0119dzie si\u0119 kolejna rozprawa w sprawie Ludwika Dorna?<\/li>\n<li class=\"OchatFollowUps_item__Dhyly OchatFollowUps_itemDesktop__R6aBv\">Jaka jest podstawa prawna dla roszcze\u0144 najbli\u017cszych represjonowanego?<\/li>\n<li class=\"OchatFollowUps_item__Dhyly OchatFollowUps_itemDesktop__R6aBv\">Dlaczego wycena odszkodowania jest trudna?<\/li>\n<\/ul>\n<p>Dzia\u0142alno\u015b\u0107 opozycyjna Ludwika Dorna <\/p>\n<p class=\"Paragraph_desktopParagraph__U31Gm\">Ludwik Dorn rozpocz\u0105\u0142 dzia\u0142alno\u015b\u0107 opozycyjn\u0105 w Warszawie w 1971 r., jeszcze jako nieletni, maluj\u0105c wraz z kolegami (w tym z Antonim Macierewiczem) na murze Cmentarza Pow\u0105zkowskiego has\u0142o &#8222;Chwa\u0142a robotnikom pomordowanym w grudniu 1970 roku&#8221;. Informacja o tym akcie oporu zosta\u0142a przekazana przez Radio Wolna Europa.<\/p>\n<p class=\"Paragraph_desktopParagraph__U31Gm\">W drugiej po\u0142owie lat 70. Dorn by\u0142 aktywnym wsp\u00f3\u0142pracownikiem Komitetu Obrony Robotnik\u00f3w (KOR). Je\u017adzi\u0142 do Radomia i Ursusa na procesy, dostarczaj\u0105c rodzinom aresztowanych robotnik\u00f3w \u017cywno\u015b\u0107, w\u0119giel i pieni\u0105dze. By\u0142 opisywany jako &#8222;szale\u0144czo odwa\u017cny&#8221; i wielokrotnie bity przez esbek\u00f3w, co sk\u0142oni\u0142o KOR do wydania mu zakazu wyjazd\u00f3w.<\/p>\n<p class=\"Paragraph_desktopParagraph__U31Gm\">Sierpie\u0144 1980 r. sp\u0119dzi\u0142 w areszcie przy ulicy Rakowieckiej. W III RP Dorn blisko wsp\u00f3\u0142pracowa\u0142 z bra\u0107mi Kaczy\u0144skimi, zyskuj\u0105c przydomek &#8222;trzeciego bli\u017aniaka&#8221;. By\u0142 wsp\u00f3\u0142za\u0142o\u017cycielem Prawa i Sprawiedliwo\u015bci, a tak\u017ce wicepremierem, ministrem spraw wewn\u0119trznych i administracji oraz marsza\u0142kiem Sejmu.<\/p>\n<p>Podstawa prawna i trudno\u015bci w &#8222;wycenie&#8221; <\/p>\n<p class=\"Paragraph_desktopParagraph__U31Gm\">Mo\u017cliwo\u015b\u0107 dochodzenia roszcze\u0144 przez najbli\u017cszych zmar\u0142ego represjonowanego (ostatnia \u017cona, m\u0119\u017cowie, dzieci) wynika z uchwalonej w 1991 r. &#8222;ustawy lutowej&#8221;. Procesy te s\u0105 rozpatrywane w ca\u0142ej Polsce, a w ka\u017cdej sprawie uczestniczy prokurator, kt\u00f3rego obowi\u0105zkiem jest wycena szkody i d\u0105\u017cenie do sprawiedliwego wyroku.<\/p>\n<p class=\"Paragraph_desktopParagraph__U31Gm\">Prokurator Stanis\u0142aw Wie\u015bniakowski z Prokuratury Okr\u0119gowej w Warszawie, prowadz\u0105cy te sprawy, podkre\u015bla, \u017ce &#8222;walka prawnicza na sali s\u0105dowej toczy si\u0119 tylko o [wysoko\u015b\u0107 pieni\u0119dzy]&#8221;. Wycena jest bardzo trudna. S\u0105dy wypracowa\u0142y jednak praktyk\u0119 orzekania, kieruj\u0105c si\u0119 m.in. czasem trwania zatrzymania i statusem represjonowanego. Mo\u017cna przyj\u0105\u0107, \u017ce maksymalna kwota do zaakceptowania za jeden miesi\u0105c internowania to 20 tys. z\u0142.<\/p>\n<p class=\"Paragraph_desktopParagraph__U31Gm\">S\u0119dzia Anna Ptaszek zaznacza, \u017ce s\u0105 to &#8222;strasznie trudne sprawy&#8221;. Maj\u0105tek represjonowanego (np. dom Dorna na 31-arowej dzia\u0142ce) nie ma dla s\u0105du najmniejszego znaczenia \u2014 zaznacza &#8222;Wyborcza&#8221;. Zadaniem s\u0105du jest orzeczenie zado\u015b\u0107uczynienia za krzywdy poniesione przez osob\u0119 walcz\u0105c\u0105 o wolno\u015b\u0107 kraju.<\/p>\n<p class=\"Paragraph_desktopParagraph__U31Gm\">W sprawie Dorna prokurator Wie\u015bniakowski zauwa\u017cy\u0142, \u017ce obecna wdowa by\u0142a &#8222;ma\u0142ym dzieckiem&#8221; w czasach dzia\u0142alno\u015bci opozycyjnej m\u0119\u017ca i mo\u017ce nie posiada\u0107 wystarczaj\u0105cej wiedzy o represjach. Z tego powodu prokurator z\u0142o\u017cy\u0142 wniosek o przes\u0142uchanie by\u0142ych \u017con oraz pozosta\u0142ych c\u00f3rek.<\/p>\n<p class=\"Paragraph_desktopParagraph__U31Gm\">Kolejny termin rozprawy w sprawie Ludwika Dorna zosta\u0142 wyznaczony na grudzie\u0144.<\/p>\n","protected":false},"excerpt":{"rendered":"Du\u017co czytania, a ma\u0142o czasu? Sprawd\u017a\u00a0skr\u00f3t\u00a0artyku\u0142u Cho\u0107 pani Izabela zwi\u0105za\u0142a si\u0119 z Dornem kilkana\u015bcie lat po upadku komuny,&hellip;\n","protected":false},"author":2,"featured_media":124026,"comment_status":"","ping_status":"","sticky":false,"template":"","format":"standard","meta":{"footnotes":""},"categories":[12],"tags":[32,33,36,37,27,67,34,35,26431,28,31,53,25,14027,52,68,51,55,4707,42,38,40,39,7208,41,11238,47,29,30,65,50,26,26430],"class_list":{"0":"post-124025","1":"post","2":"type-post","3":"status-publish","4":"format-standard","5":"has-post-thumbnail","7":"category-polska","8":"tag-breaking-news","9":"tag-breakingnews","10":"tag-featured-news","11":"tag-featurednews","12":"tag-headlines","13":"tag-intextvideo_splayer","14":"tag-latest-news","15":"tag-latestnews","16":"tag-ludwik_dorn","17":"tag-naglowki","18":"tag-najwazniejsze-artykuly","19":"tag-new_header","20":"tag-news","21":"tag-odszkodowania","22":"tag-onet3","23":"tag-onet3d","24":"tag-onet3d_2i","25":"tag-phx","26":"tag-pieniadze_pieniadz_finanse","27":"tag-pl","28":"tag-poland","29":"tag-polish","30":"tag-polska","31":"tag-polska_rzeczpospolita_ludowa_prl","32":"tag-polski","33":"tag-sad_i_sadownictwo","34":"tag-screening_general","35":"tag-top-stories","36":"tag-topstories","37":"tag-update_me","38":"tag-v2021","39":"tag-wiadomosci","40":"tag-zadoscuczynienie"},"share_on_mastodon":{"url":"","error":"Validation failed: Text character limit of 500 exceeded"},"_links":{"self":[{"href":"https:\/\/www.europesays.com\/pl\/wp-json\/wp\/v2\/posts\/124025","targetHints":{"allow":["GET"]}}],"collection":[{"href":"https:\/\/www.europesays.com\/pl\/wp-json\/wp\/v2\/posts"}],"about":[{"href":"https:\/\/www.europesays.com\/pl\/wp-json\/wp\/v2\/types\/post"}],"author":[{"embeddable":true,"href":"https:\/\/www.europesays.com\/pl\/wp-json\/wp\/v2\/users\/2"}],"replies":[{"embeddable":true,"href":"https:\/\/www.europesays.com\/pl\/wp-json\/wp\/v2\/comments?post=124025"}],"version-history":[{"count":0,"href":"https:\/\/www.europesays.com\/pl\/wp-json\/wp\/v2\/posts\/124025\/revisions"}],"wp:featuredmedia":[{"embeddable":true,"href":"https:\/\/www.europesays.com\/pl\/wp-json\/wp\/v2\/media\/124026"}],"wp:attachment":[{"href":"https:\/\/www.europesays.com\/pl\/wp-json\/wp\/v2\/media?parent=124025"}],"wp:term":[{"taxonomy":"category","embeddable":true,"href":"https:\/\/www.europesays.com\/pl\/wp-json\/wp\/v2\/categories?post=124025"},{"taxonomy":"post_tag","embeddable":true,"href":"https:\/\/www.europesays.com\/pl\/wp-json\/wp\/v2\/tags?post=124025"}],"curies":[{"name":"wp","href":"https:\/\/api.w.org\/{rel}","templated":true}]}}