{"id":124215,"date":"2025-11-29T12:28:15","date_gmt":"2025-11-29T12:28:15","guid":{"rendered":"https:\/\/www.europesays.com\/pl\/124215\/"},"modified":"2025-11-29T12:28:15","modified_gmt":"2025-11-29T12:28:15","slug":"stanowski-nie-odpuszcza-wysockiej-schnepf-tak-ja-nazwal","status":"publish","type":"post","link":"https:\/\/www.europesays.com\/pl\/124215\/","title":{"rendered":"Stanowski nie odpuszcza Wysockiej-Schnepf. Tak j\u0105 nazwa\u0142"},"content":{"rendered":"\n<p>&#13;<br \/>\nKrzysztof Stanowski odpowiedzia\u0142 w\u00a0pi\u0105tek na\u00a0wpisy Doroty Wysockiej-Schnepf, w\u00a0kt\u00f3rych <a href=\"https:\/\/rozrywka.dorzeczy.pl\/film-i-telewizja\/812454\/schnepf-pokazala-decyzje-sadu-ws-stanowskiego-juz-odpowiedzial.html\" rel=\"nofollow noopener\" target=\"_blank\">dziennikarka poinformowa\u0142a o\u00a0postanowieniu wydanym w\u00a0ich sporze s\u0105dowym.<\/a> &#13;\n<\/p>\n<p>Stanowski odpowiada Wysockiej-Schnepf. &#8222;Ci\u0105gle nie\u00a0mo\u017ce pani zapami\u0119ta\u0107 swojej roli&#8221;<\/p>\n<p>&#13;<br \/>\n&#8222;Jak to\u00a0sz\u0142o, panie @K_Stanowski? 'Masz jedno zadanie: zamkn\u0105\u0107 si\u0119&#8217;? Tak mnie pan zaczepia\u0142? Karma wraca. To\u00a0pan ma\u00a0teraz zamilkn\u0105\u0107. Na\u00a0m\u00f3j temat. I\u00a0mojego dziecka te\u017c. I\u00a0doda\u0107 stosowne info do\u00a0swoich paszkwili. Niezw\u0142ocznie. S\u0105d wyda\u0142 postanowienie o\u00a0zabezpieczeniu. Sprawa w\u00a0toku&#8221; \u2013\u00a0napisa\u0142a na\u00a0platformie X. W\u00a0kolejnym wpisie stwierdzi\u0142a, \u017ce\u00a0szef Kana\u0142u Zero jak dot\u0105d &#8222;grzecznie stosuje si\u0119 do\u00a0polecenia s\u0105du&#8221;. &#13;\n<\/p>\n<p>&#13;<br \/>\n&#8222;Ambasadorko Propagandy, dzisiaj zajmuj\u0119 si\u0119 innym tematem. Tym raczej zajm\u0119 si\u0119 w\u00a0przysz\u0142ym tygodniu. Przy okazji \u2013\u00a0nie\u00a0m\u00f3wi\u0142em, \u017ce\u00a0ma pani si\u0119 zamkn\u0105\u0107, tylko \u017ce\u00a0ma pani pilnowa\u0107 zegara. Ci\u0105gle nie\u00a0mo\u017ce pani zapami\u0119ta\u0107 swojej roli. W\u00a0tym ca\u0142y problem&#8221; \u2013\u00a0odpowiedzia\u0142 Wysockiej-Schnepf Stanowski. &#13;\n<\/p>\n<p>&#13;<br \/>\nW innym wpisie dziennikarz og\u0142osi\u0142 &#8222;konkurs na\u00a0nowe okre\u015blenie dzia\u0142alno\u015bci pani Schnepf&#8221;. &#8222;Ojej, to\u00a0mamy powt\u00f3rk\u0119 z\u00a0rozrywki, jak z\u00a0Natali\u0105 Janoszek&#8221; \u2013\u00a0napisa\u0142 w\u00a0kolejnym wpisie nie\u00a0kryj\u0105c rozbawienia. &#8222;Najgorzej jakby mi dali kar\u0119 za\u00a0z\u0142amanie tego zakazu. Sk\u0105d ja wzi\u0105\u0142bym na\u00a0to\u00a0pieni\u0105dze?&#8221; \u2013\u00a0doda\u0142 Stanowski. &#13;\n<\/p>\n<p>Wysocka-Schnepf kontra Stanowski. Jest decyzja s\u0105du<\/p>\n<p>&#13;<br \/>\nPrzypomnijmy, \u017ce\u00a0otwarty konflikt pomi\u0119dzy Krzysztofem Stanowskim a\u00a0Dorot\u0105 Wysock\u0105-Schnepf wybuch\u0142 we\u00a0wrze\u015bniu tego roku. Dziennikarka TVP wys\u0142a\u0142a w\u00f3wczas do\u00a0tw\u00f3rcy Kana\u0142u Zero i\u00a0zwi\u0105zanego z\u00a0platform\u0105 Roberta Mazurka wezwanie przeds\u0105dowe, w\u00a0kt\u00f3rym domaga\u0142a si\u0119 od\u00a0nich 100 tys. z\u0142 i\u00a0publicznych przeprosin za\u00a0s\u0142owa kierowane zar\u00f3wno w\u00a0jej stron\u0119, jak i\u00a0pod adresem jej rodziny. Dziennikarze Kana\u0142u Zero od\u00a0razu przekazali, \u017ce\u00a0nie zamierzaj\u0105 wype\u0142ni\u0107 \u017c\u0105da\u0144 Wysockiej-Schnepf i\u00a0nie maj\u0105 sobie nic do\u00a0zarzucenia. Sprawa trafi\u0142a wi\u0119c do\u00a0s\u0105du. &#13;\n<\/p>\n<p>&#13;<br \/>\nJak przekaza\u0142a w\u00a0pi\u0105tek w\u00a0swoich mediach spo\u0142eczno\u015bciowych gwiazda TVP, s\u0105d podj\u0105\u0142 postanowienie o\u00a0zabezpieczeniu. Na\u00a0jego mocy Krzysztof Stanowski i\u00a0Robert Mazurek przez okres roku nie\u00a0mog\u0105 m.in. nazwa\u0107 jej &#8222;arcykap\u0142ank\u0105 propagandy&#8221;. &#13;\n<\/p>\n<p>&#13;<br \/>\nZ dokumentu wynika, \u017ce\u00a0s\u0105d udzieli\u0142 zabezpieczenia o\u00a0zakazie naruszania d\u00f3br osobistych Wysockiej-Schnepf przez Kana\u0142 Zero, Stanowskiego i\u00a0Mazurka przez okres roku. Wymieniono w\u00a0tym punkcie zestawianie jej ze\u00a0zbrodniami komunistycznymi, w\u00a0tym pope\u0142nionymi w\u00a0czasie Ob\u0142awy Augustowskiej, a\u00a0tak\u017ce okre\u015blanie jej mianem &#8222;arcykap\u0142anki propagandy&#8221;. &#13;\n<\/p>\n<p>&#13;<br \/>\nZakaz naruszania d\u00f3br osobistych zosta\u0142 wydany r\u00f3wnie\u017c w\u00a0odniesieniu do\u00a0jej syna \u2013\u00a0Maksymiliana Schnepfa w\u00a0kontek\u015bcie wyboru jego imienia. &#13;\n<\/p>\n<p>&#13;<br \/>\nCzytaj te\u017c:<br \/><a href=\"https:\/\/rozrywka.dorzeczy.pl\/film-i-telewizja\/812454\/schnepf-pokazala-decyzje-sadu-ws-stanowskiego-juz-odpowiedzial.html\" rel=\"follow nofollow noopener\" data-schema=\"DORZECZY\" data-image=\"https:\/\/img.dorzeczy.pl\/_thumb\/35\/10\/6b4a5d8eceec98ca35b713d4d2eb.jpeg\" target=\"_blank\">&#8222;To pan ma\u00a0teraz zamilkn\u0105\u0107&#8221;. Gwiazda TVP pokaza\u0142a decyzj\u0119 s\u0105du<\/a>Czytaj te\u017c:<br \/><a href=\"https:\/\/rozrywka.dorzeczy.pl\/film-i-telewizja\/812307\/olga-malinkiewicz-w-kanale-zero-szokujace-sceny-w-programie.html\" rel=\"follow nofollow noopener\" data-schema=\"DORZECZY\" data-image=\"https:\/\/img.dorzeczy.pl\/_thumb\/51\/03\/32f74749c2844ea1214529d84c51.jpeg\" target=\"_blank\">Szokuj\u0105ce sceny w\u00a0Kanale Zero. Jeden telefon zmieni\u0142 ca\u0142y program<\/a>Czytaj te\u017c:<br \/><a href=\"https:\/\/rozrywka.dorzeczy.pl\/film-i-telewizja\/805137\/zmasowany-atak-na-kanal-zero-stanowski-wydal-oswiadczenie.html\" rel=\"follow nofollow noopener\" data-schema=\"DORZECZY\" data-image=\"https:\/\/img.dorzeczy.pl\/_thumb\/e2\/17\/b3f443870a5a906e8bcd3bc961f6.jpeg\" target=\"_blank\">&#8222;Kolejna pr\u00f3ba znalezienia na\u00a0nas haka&#8221;. Stanowski przerywa milczenie<\/a>&#13;<\/p>\n","protected":false},"excerpt":{"rendered":"&#13; Krzysztof Stanowski odpowiedzia\u0142 w\u00a0pi\u0105tek na\u00a0wpisy Doroty Wysockiej-Schnepf, w\u00a0kt\u00f3rych dziennikarka poinformowa\u0142a o\u00a0postanowieniu wydanym w\u00a0ich sporze s\u0105dowym. &#13; Stanowski&hellip;\n","protected":false},"author":2,"featured_media":124216,"comment_status":"","ping_status":"","sticky":false,"template":"","format":"standard","meta":{"footnotes":""},"categories":[12],"tags":[333,32,33,26286,98,36,37,27,49,2672,34,35,28,31,25,103,42,38,40,39,41,29,30,26],"class_list":{"0":"post-124215","1":"post","2":"type-post","3":"status-publish","4":"format-standard","5":"has-post-thumbnail","7":"category-polska","8":"tag-anna-skalska","9":"tag-breaking-news","10":"tag-breakingnews","11":"tag-dorota-wysocka-schnepf","12":"tag-dorzeczy","13":"tag-featured-news","14":"tag-featurednews","15":"tag-headlines","16":"tag-kraj","17":"tag-krzysztof-stanowski","18":"tag-latest-news","19":"tag-latestnews","20":"tag-naglowki","21":"tag-najwazniejsze-artykuly","22":"tag-news","23":"tag-obserwator-mediow","24":"tag-pl","25":"tag-poland","26":"tag-polish","27":"tag-polska","28":"tag-polski","29":"tag-top-stories","30":"tag-topstories","31":"tag-wiadomosci"},"share_on_mastodon":{"url":"https:\/\/pubeurope.com\/@pl\/115632990145097783","error":""},"_links":{"self":[{"href":"https:\/\/www.europesays.com\/pl\/wp-json\/wp\/v2\/posts\/124215","targetHints":{"allow":["GET"]}}],"collection":[{"href":"https:\/\/www.europesays.com\/pl\/wp-json\/wp\/v2\/posts"}],"about":[{"href":"https:\/\/www.europesays.com\/pl\/wp-json\/wp\/v2\/types\/post"}],"author":[{"embeddable":true,"href":"https:\/\/www.europesays.com\/pl\/wp-json\/wp\/v2\/users\/2"}],"replies":[{"embeddable":true,"href":"https:\/\/www.europesays.com\/pl\/wp-json\/wp\/v2\/comments?post=124215"}],"version-history":[{"count":0,"href":"https:\/\/www.europesays.com\/pl\/wp-json\/wp\/v2\/posts\/124215\/revisions"}],"wp:featuredmedia":[{"embeddable":true,"href":"https:\/\/www.europesays.com\/pl\/wp-json\/wp\/v2\/media\/124216"}],"wp:attachment":[{"href":"https:\/\/www.europesays.com\/pl\/wp-json\/wp\/v2\/media?parent=124215"}],"wp:term":[{"taxonomy":"category","embeddable":true,"href":"https:\/\/www.europesays.com\/pl\/wp-json\/wp\/v2\/categories?post=124215"},{"taxonomy":"post_tag","embeddable":true,"href":"https:\/\/www.europesays.com\/pl\/wp-json\/wp\/v2\/tags?post=124215"}],"curies":[{"name":"wp","href":"https:\/\/api.w.org\/{rel}","templated":true}]}}