{"id":124225,"date":"2025-11-29T12:35:13","date_gmt":"2025-11-29T12:35:13","guid":{"rendered":"https:\/\/www.europesays.com\/pl\/124225\/"},"modified":"2025-11-29T12:35:13","modified_gmt":"2025-11-29T12:35:13","slug":"blanka-lipinska-tlumaczy-sie-z-choinki-w-domu-24-grudnia-bede-pila-alkohol-2","status":"publish","type":"post","link":"https:\/\/www.europesays.com\/pl\/124225\/","title":{"rendered":"Blanka Lipi\u0144ska t\u0142umaczy si\u0119 z choinki w domu. &#8222;24 grudnia b\u0119d\u0119 pi\u0142a alkohol&#8221;"},"content":{"rendered":"<p class=\"Paragraph_desktopParagraph__U31Gm\"><a href=\"https:\/\/plejada.pl\/blanka-lipinska\" id=\"161b0392-2ae1-4ecc-bf2d-1f26c51bd28e\" rel=\"nofollow noopener\" target=\"_blank\">Blanka Lipi\u0144ska<\/a> otwarcie wypowiada si\u0119 na wiele temat\u00f3w, w tym r\u00f3wnie\u017c religii. Autorka ksi\u0105\u017cek od lat przyznaje, \u017ce nie jest osob\u0105 wierz\u0105c\u0105. &#8222;Mnie to nie jest do niczego potrzebne. \u017beby\u015bmy mieli jasno\u015b\u0107, ja w og\u00f3le nie jestem przeciwnikiem wiary. Ja bardzo lubi\u0119 s\u0142ucha\u0107 ludzi, kt\u00f3rzy g\u0142\u0119boko wierz\u0105 i s\u0105 przynale\u017cni do jakiej\u015b religii. Nie m\u00f3wi\u0119 tylko o katolikach, m\u00f3wi\u0119 te\u017c o muzu\u0142manach, buddystach&#8221; &#8211; <a href=\"https:\/\/plejada.pl\/newsy\/blanka-lipinska-zapowiadala-apostazje-zrezygnowala-z-wypisu-z-kosciola\/qln6j0j\" id=\"c9cb28f5-8fe6-4bca-bf17-0362c4af17c8\" rel=\"nofollow noopener\" target=\"_blank\">m\u00f3wi\u0142a w 2023 r. <\/a><\/p>\n<ul class=\"OchatFollowUps_wrapper__1ry7X\">\n<li class=\"OchatFollowUps_item__Dhyly OchatFollowUps_itemDesktop__R6aBv\">Dlaczego Blanka Lipi\u0144ska postawi\u0142a choink\u0119?<\/li>\n<li class=\"OchatFollowUps_item__Dhyly OchatFollowUps_itemDesktop__R6aBv\">Jak Blanka Lipi\u0144ska sp\u0119dzi wigili\u0119?<\/li>\n<li class=\"OchatFollowUps_item__Dhyly OchatFollowUps_itemDesktop__R6aBv\">Czy Blanka Lipi\u0144ska obchodzi \u015bwi\u0119ta?<\/li>\n<li class=\"OchatFollowUps_item__Dhyly OchatFollowUps_itemDesktop__R6aBv\">Co powiedzia\u0142a o wierze?<\/li>\n<\/ul>\n<p>Blanka Lipi\u0144ska t\u0142umaczy si\u0119 z choinki w domu. &#8222;Ja nie obchodz\u0119 \u015bwi\u0105t&#8221; <\/p>\n<p class=\"Paragraph_desktopParagraph__U31Gm\"><a href=\"https:\/\/plejada.pl\/newsy\/blanka-lipinska-ubrala-choinke-w-polowie-listopada-swieta-to-dzien-jak-kazdy-inny\/4w44svy\" id=\"b04e7e7a-c0ea-4f95-8428-8b718b6b913c\" rel=\"nofollow noopener\" target=\"_blank\">Niedawno Lipi\u0144ska pochwali\u0142a si\u0119 w mediach spo\u0142eczno\u015bciowych choink\u0105<\/a>, kt\u00f3r\u0105 postawi\u0142a w swojej hiszpa\u0144skiej willi. Niekt\u00f3rzy internauci zwr\u00f3cili uwag\u0119, \u017ce drzewko nie posiada gwiazdki. &#8222;No wiadomo, \u017ce do wszystkiego da si\u0119 przy***a\u0107. Nie ma te\u017c nawet jednej bombki ani \u0142a\u0144cucha&#8221; &#8211; napisa\u0142a. &#8222;Gwiazda w tym domu jest jedna i wystarczy&#8221; &#8211; doda\u0142a, pozuj\u0105c z efektami swojej pracy.<\/p>\n<p><img decoding=\"async\" class=\"Image_image__0tuHp Image_autoHeight__f2n87 \" height=\"587\" width=\"327\" src=\"https:\/\/www.europesays.com\/pl\/wp-content\/uploads\/2025\/11\/Butk9kpTURBXy9kNjNkZGMxN2I0MzMzMzQ0Y2Y5MDc0MzFmZTczMWY2YS5wbmeSlQLNA6wAwsOVAgDNAkvCw94AA6EwAaExAaEzw.jpeg\" alt=\"Blanka Lipi\u0144ska na Instagramie\" loading=\"lazy\" \/>Instagram<\/p>\n<p>Blanka Lipi\u0144ska na Instagramie<\/p>\n<p class=\"Paragraph_desktopParagraph__U31Gm\">Teraz autorka zn\u00f3w wr\u00f3ci\u0142a do tego tematu, po przeczytaniu pytania internauty, kt\u00f3r\u0105 postawi\u0142a w swoim domu w Polsce.<\/p>\n<blockquote>\n<p class=\"Paragraph_desktopParagraph__U31Gm\">No i jeszcze raz&#8230; Ja jestem ateistk\u0105, ja \u015bwi\u0105t nie obchodz\u0119. Ta choinka ubrana jest dla moich ch\u0142opc\u00f3w, kt\u00f3rzy wierz\u0105 w Miko\u0142aja (wi\u0119c potrzebna choinka)<\/p>\n<\/blockquote>\n<p class=\"Paragraph_desktopParagraph__U31Gm\">&#8211; napisa\u0142a, po czym poinformowa\u0142a, w jaki spos\u00f3b zamierza sp\u0119dzi\u0107 \u015bwi\u0119ta. &#8222;Ja 24 grudnia b\u0119d\u0119 jad\u0142a mi\u0119so i pi\u0142a alkohol&#8221; &#8211; zako\u0144czy\u0142a. <\/p>\n<p><img decoding=\"async\" class=\"Image_image__0tuHp Image_autoHeight__f2n87 \" height=\"587\" width=\"650\" src=\"https:\/\/www.europesays.com\/pl\/wp-content\/uploads\/2025\/11\/QDzk9kpTURBXy9jMWIwM2E5MWExMTdiNWJhOWJkODc4NTVkZmMwNTk3ZC5wbmeSlQLNA6wAwsOVAgDNAkvCw94AA6EwAaExAaEzw.jpeg\" alt=\"Blanka Lipi\u0144ska prezentuje swoj\u0105 choink\u0119\" loading=\"lazy\" \/>instagram.com\/blanka_lipinska<\/p>\n<p>Blanka Lipi\u0144ska prezentuje swoj\u0105 choink\u0119<\/p>\n<p class=\"Paragraph_desktopParagraph__U31Gm\">Dzi\u0119kujemy, \u017ce przeczyta\u0142a\u015b\/e\u015b nasz artyku\u0142 do ko\u0144ca.\u202fW serwisie Plejada.pl ka\u017cdego dnia piszemy o najwa\u017cniejszych wydarzeniach show-biznesowych.\u202fB\u0105d\u017a na bie\u017c\u0105co!\u202f<a rel=\"nofollow noopener\" href=\"https:\/\/news.google.com\/publications\/CAAiEF0PeAlb7W1llpV_mwV2rL4qFAgKIhBdD3gJW-1tZZaVf5sFdqy-?hl=pl&amp;gl=PL&amp;ceid=PL%3Apl\" id=\"5d217a63-c281-4fe5-b5be-502a940f9295\" target=\"_blank\">Obserwuj<\/a>\u202fPlejad\u0119 w Google. Odwied\u017a nas tak\u017ce na\u202f<a rel=\"nofollow noopener\" href=\"https:\/\/www.facebook.com\/plejadapl\" id=\"de4e951d-8cfe-422d-89a5-5ffef01c5021\" target=\"_blank\">Facebooku<\/a>,\u202f<a rel=\"nofollow noopener\" href=\"https:\/\/www.instagram.com\/plejadapl\/\" id=\"295c2ec4-6e8e-4f51-b6f2-25dfd7c77cb4\" target=\"_blank\">Instagramie<\/a>,\u202f<a rel=\"nofollow noopener\" href=\"https:\/\/www.youtube.com\/c\/plejada\" id=\"91ee1d95-227b-4857-8e9a-4e14a15b3875\" target=\"_blank\">YouTubie<\/a>\u202foraz\u202f<a rel=\"nofollow noopener\" href=\"https:\/\/www.tiktok.com\/@plejada_pl\" id=\"1a5bba58-4ab2-48f7-adbd-ba5beae28fe9\" target=\"_blank\">TikToku<\/a>.<\/p>\n<p class=\"Paragraph_desktopParagraph__U31Gm\">Chcesz podzieli\u0107 si\u0119 ciekawym newsem lub zaproponowa\u0107 temat? Skontaktuj si\u0119 z nami, pisz\u0105c maila na adres:\u202f<a href=\"https:\/\/www.onet.pl\/styl-zycia\/plejada\/blanka-lipinska-tlumaczy-sie-z-choinki-w-domu-24-grudnia-bede-pila-alkohol\/mailto:plejada@redakcjaonet.pl\" id=\"587bfd22-b1d8-4235-977e-30424ab0c820\" rel=\"nofollow noopener\" target=\"_blank\">plejada@redakcjaonet.pl<\/a>.<\/p>\n<p><script async src=\"\/\/www.instagram.com\/embed.js\"><\/script><script async src=\"\/\/www.tiktok.com\/embed.js\"><\/script><\/p>\n","protected":false},"excerpt":{"rendered":"Blanka Lipi\u0144ska otwarcie wypowiada si\u0119 na wiele temat\u00f3w, w tym r\u00f3wnie\u017c religii. Autorka ksi\u0105\u017cek od lat przyznaje, \u017ce&hellip;\n","protected":false},"author":2,"featured_media":124226,"comment_status":"","ping_status":"","sticky":false,"template":"","format":"standard","meta":{"footnotes":""},"categories":[12],"tags":[1100,32,33,36,37,27,67,34,35,28,31,53,25,52,68,51,55,42,38,40,39,41,47,196,25276,29,30,65,50,26],"class_list":{"0":"post-124225","1":"post","2":"type-post","3":"status-publish","4":"format-standard","5":"has-post-thumbnail","7":"category-polska","8":"tag-blanka_lipinska","9":"tag-breaking-news","10":"tag-breakingnews","11":"tag-featured-news","12":"tag-featurednews","13":"tag-headlines","14":"tag-intextvideo_splayer","15":"tag-latest-news","16":"tag-latestnews","17":"tag-naglowki","18":"tag-najwazniejsze-artykuly","19":"tag-new_header","20":"tag-news","21":"tag-onet3","22":"tag-onet3d","23":"tag-onet3d_2i","24":"tag-phx","25":"tag-pl","26":"tag-poland","27":"tag-polish","28":"tag-polska","29":"tag-polski","30":"tag-screening_general","31":"tag-styl_zycia","32":"tag-swieta_stockexchange_5bc2af06","33":"tag-top-stories","34":"tag-topstories","35":"tag-update_me","36":"tag-v2021","37":"tag-wiadomosci"},"share_on_mastodon":{"url":"https:\/\/pubeurope.com\/@pl\/115633017788378277","error":""},"_links":{"self":[{"href":"https:\/\/www.europesays.com\/pl\/wp-json\/wp\/v2\/posts\/124225","targetHints":{"allow":["GET"]}}],"collection":[{"href":"https:\/\/www.europesays.com\/pl\/wp-json\/wp\/v2\/posts"}],"about":[{"href":"https:\/\/www.europesays.com\/pl\/wp-json\/wp\/v2\/types\/post"}],"author":[{"embeddable":true,"href":"https:\/\/www.europesays.com\/pl\/wp-json\/wp\/v2\/users\/2"}],"replies":[{"embeddable":true,"href":"https:\/\/www.europesays.com\/pl\/wp-json\/wp\/v2\/comments?post=124225"}],"version-history":[{"count":0,"href":"https:\/\/www.europesays.com\/pl\/wp-json\/wp\/v2\/posts\/124225\/revisions"}],"wp:featuredmedia":[{"embeddable":true,"href":"https:\/\/www.europesays.com\/pl\/wp-json\/wp\/v2\/media\/124226"}],"wp:attachment":[{"href":"https:\/\/www.europesays.com\/pl\/wp-json\/wp\/v2\/media?parent=124225"}],"wp:term":[{"taxonomy":"category","embeddable":true,"href":"https:\/\/www.europesays.com\/pl\/wp-json\/wp\/v2\/categories?post=124225"},{"taxonomy":"post_tag","embeddable":true,"href":"https:\/\/www.europesays.com\/pl\/wp-json\/wp\/v2\/tags?post=124225"}],"curies":[{"name":"wp","href":"https:\/\/api.w.org\/{rel}","templated":true}]}}