{"id":124300,"date":"2025-11-29T14:15:09","date_gmt":"2025-11-29T14:15:09","guid":{"rendered":"https:\/\/www.europesays.com\/pl\/124300\/"},"modified":"2025-11-29T14:15:09","modified_gmt":"2025-11-29T14:15:09","slug":"ps-w-skokach-ruka-trening-kwalifikacje-i-konkurs-indywidualny-relacja-na-zywo-przeglad-sportowy-onet","status":"publish","type":"post","link":"https:\/\/www.europesays.com\/pl\/124300\/","title":{"rendered":"P\u015a w skokach &#8211; Ruka: trening, kwalifikacje i konkurs indywidualny [RELACJA NA \u017bYWO] &#8211; Przegl\u0105d Sportowy Onet"},"content":{"rendered":"<ol>\n<li><a href=\"https:\/\/news.google.com\/rss\/articles\/CBMi7wFBVV95cUxOTUZxcDZjV2xETWprbzdodG5BR3hid2NrT3NsZVhTTVl2R1BUNjAxX2FGTDV2MDUzTlQ4bGpXalhhZXg1S2xRT2FWN2RBbW9ydGpWbm9JSDgzd2tWRDFtQUY0YmthbDhib2RfNjk1M1Jqbi10NXlrLWRIRURNbHpyMURpbDFzX1loUjNkVGkwVWRKOE1OYmt6eHlLUnJsdlRMTmRBT1R3T0dkSGpuMlZIdElBUFhqR1hWZEVhY013TU9hTEFkVjJ5VF9Ea2twVXlOdDk0YmwtdkI5ejc5VVhfWjVmMUtHSEJhX01hd2hOcw?oc=5\" target=\"_blank\" rel=\"nofollow noopener\">P\u015a w skokach &#8211; Ruka: trening, kwalifikacje i konkurs indywidualny [RELACJA NA \u017bYWO]<\/a>&nbsp;&nbsp;Przegl\u0105d Sportowy Onet<\/li>\n<li><a href=\"https:\/\/news.google.com\/rss\/articles\/CBMikAFBVV95cUxOVkJjOEFkdk9yR0ZiYW5CS1hXTE9iX0xQQVB4dnM4d1FZS2tqUFU1VWZYLXNzdjhONGFabWJpVThnMDFxVkJFNFpaamNVUG1LZmJOT2VPWWdiWkNkR2xrQXFvTTBVa3hRTEFwVTZjajRTTTlXNmxNSFdaQWM0WnVtTWZmTllSQlNsSmhyRU1sX2E?oc=5\" target=\"_blank\" rel=\"nofollow noopener\">Szok w Ruce. Polacy poza konkursem<\/a>&nbsp;&nbsp;SportoweFakty<\/li>\n<li><a href=\"https:\/\/news.google.com\/rss\/articles\/CBMivgFBVV95cUxPazFibnFBOGl4U0RfSUgzaTVHZzgzbG9BcjQxZkhQM05qdVVPUWM2SXFDSEhwaFVMMzZCdExCQ0JjbnVrLUtnbEM0MjdZZlZoM3RfWG9XTHY3TGxSRjdmZWh2Tm5wdUtHeVRSa0NGOHlxUV9FQndnNS15RnotOFlvUzVQSkVfN2NJV1RMLXgtTFVhMVVfblJ4MDJOTW9JUDA1UHM1MmpzQnBxU1lONWVfZzJVWWh0NFowbUFqSEtR?oc=5\" target=\"_blank\" rel=\"nofollow noopener\">Koszmar polskich skoczk\u00f3w w Ruce. Dw\u00f3ch nie awansowa\u0142o do konkursu<\/a>&nbsp;&nbsp;Sport w INTERIA.PL<\/li>\n<li><a href=\"https:\/\/news.google.com\/rss\/articles\/CBMivwFBVV95cUxOS2pCZ0phb2hLbWpIbzBrRmJDbTVUZjhNXzlzNk0ydU5nelBZN2g2cDlMV1RUa2dvOHk5bldSUnZXWmZVSzRZSFA1T3NMQUI3ZUVGTzZEdkR4M3RNMlhmNGl5MjQzVTNKbHRqLUpZYzhha1MtSVkzM056T1gzamZseThsNXpLUFlzX2xMOWxubEFzeDUwUHRJU05mNUdxWXcxYWVUVnV0MmhTMUxIVXh3ejNOYlZzZnNMNmtZZ3Fsbw?oc=5\" target=\"_blank\" rel=\"nofollow noopener\">Loteria w Ruce! Skre\u015blany Polak z awansem, dw\u00f3ch nie przesz\u0142o kwalifikacji<\/a>&nbsp;&nbsp;meczyki.pl<\/li>\n<li><a href=\"https:\/\/news.google.com\/rss\/articles\/CBMizAFBVV95cUxPOUJuQlVqOVV6MVVaSExMQ3F1Z213bTBLT3J4UzYzcjg5amdhOHV4dWtZSTJkSUUwUS15MUp2WVB3TU8zenJjREJyYlJFMjM4LUg3d3BMSW5NUDdPdEVRN1ZfY2VneHlkRUs1bDF4eVdwUjczck9BTFd5cDJTbDV6V2c4UWhmZ2k4NlRsZm1iWXhHZzg1YUhpSjZadUxJYVV2SW1RaS1lRFFJMXJhcHphN2hOZG9tWmo5dEpjNWdZUERTSUx0NlhKNVgwWEg?oc=5\" target=\"_blank\" rel=\"nofollow noopener\">Katastrofalne skoki dw\u00f3ch polskich gwiazd w Ruce! Bez awansu!<\/a>&nbsp;&nbsp;Przegl\u0105d Sportowy Onet<\/li>\n<\/ol>\n","protected":false},"excerpt":{"rendered":"P\u015a w skokach &#8211; Ruka: trening, kwalifikacje i konkurs indywidualny [RELACJA NA \u017bYWO]&nbsp;&nbsp;Przegl\u0105d Sportowy Onet Szok w Ruce.&hellip;\n","protected":false},"author":2,"featured_media":124301,"comment_status":"","ping_status":"","sticky":false,"template":"","format":"standard","meta":{"footnotes":""},"categories":[24],"tags":[188,186,42,38,40,39,41,136,128,47,1874,127,135,126,130],"class_list":{"0":"post-124300","1":"post","2":"type-post","3":"status-publish","4":"format-standard","5":"has-post-thumbnail","7":"category-sport","8":"tag-liveblog","9":"tag-na_zywo","10":"tag-pl","11":"tag-poland","12":"tag-polish","13":"tag-polska","14":"tag-polski","15":"tag-ps_detal_new","16":"tag-psv2","17":"tag-screening_general","18":"tag-skoki_narciarskie","19":"tag-sport","20":"tag-sport_sport","21":"tag-sports","22":"tag-wiadomosci_sportowe"},"share_on_mastodon":{"url":"https:\/\/pubeurope.com\/@pl\/115633410714808716","error":""},"_links":{"self":[{"href":"https:\/\/www.europesays.com\/pl\/wp-json\/wp\/v2\/posts\/124300","targetHints":{"allow":["GET"]}}],"collection":[{"href":"https:\/\/www.europesays.com\/pl\/wp-json\/wp\/v2\/posts"}],"about":[{"href":"https:\/\/www.europesays.com\/pl\/wp-json\/wp\/v2\/types\/post"}],"author":[{"embeddable":true,"href":"https:\/\/www.europesays.com\/pl\/wp-json\/wp\/v2\/users\/2"}],"replies":[{"embeddable":true,"href":"https:\/\/www.europesays.com\/pl\/wp-json\/wp\/v2\/comments?post=124300"}],"version-history":[{"count":0,"href":"https:\/\/www.europesays.com\/pl\/wp-json\/wp\/v2\/posts\/124300\/revisions"}],"wp:featuredmedia":[{"embeddable":true,"href":"https:\/\/www.europesays.com\/pl\/wp-json\/wp\/v2\/media\/124301"}],"wp:attachment":[{"href":"https:\/\/www.europesays.com\/pl\/wp-json\/wp\/v2\/media?parent=124300"}],"wp:term":[{"taxonomy":"category","embeddable":true,"href":"https:\/\/www.europesays.com\/pl\/wp-json\/wp\/v2\/categories?post=124300"},{"taxonomy":"post_tag","embeddable":true,"href":"https:\/\/www.europesays.com\/pl\/wp-json\/wp\/v2\/tags?post=124300"}],"curies":[{"name":"wp","href":"https:\/\/api.w.org\/{rel}","templated":true}]}}