{"id":124316,"date":"2025-11-29T14:29:07","date_gmt":"2025-11-29T14:29:07","guid":{"rendered":"https:\/\/www.europesays.com\/pl\/124316\/"},"modified":"2025-11-29T14:29:07","modified_gmt":"2025-11-29T14:29:07","slug":"goncalo-feio-zabral-glos-po-zdemolowaniu-liderow-ekstraklasy-oto-czego-chca-w-radomiu-przeglad-sportowy-onet","status":"publish","type":"post","link":"https:\/\/www.europesays.com\/pl\/124316\/","title":{"rendered":"Goncalo Feio zabra\u0142 g\u0142os po zdemolowaniu lider\u00f3w Ekstraklasy. Oto czego chc\u0105 w Radomiu &#8211; Przegl\u0105d Sportowy Onet"},"content":{"rendered":"<ol>\n<li><a href=\"https:\/\/news.google.com\/rss\/articles\/CBMi2gFBVV95cUxNMVV4WHhGb3V0bmIyWk5UVWhVRk0zLTJWZThPUkVJU1dCSjdERTQ1V0xWQk5TWlQtd3hxNDRVLXd6TE1wTGl0UXRKcWNWaTZNdzYtcGQ5YVNNUUowZHFhYmJqMjc3RUpKOUtZYjl0bXk4dGRmOURfeHJqNDJMMEFEZnpyaFEwNUZJN2JQU0hfVE5MaEhSam5RLVBHSEtqb09fNWRENWlJcjFNNFRSRFpiZHExcFRjekFwckRZRGIyN2V4dEVlSTUzazU2d3g5ajFOQm14bjhObHFsZw?oc=5\" target=\"_blank\" rel=\"nofollow noopener\">Goncalo Feio zabra\u0142 g\u0142os po zdemolowaniu lider\u00f3w Ekstraklasy. Oto czego chc\u0105 w Radomiu<\/a>&nbsp;&nbsp;Przegl\u0105d Sportowy Onet<\/li>\n<li><a href=\"https:\/\/news.google.com\/rss\/articles\/CBMiqwFBVV95cUxOSWJObTQyb0ZGeFZ6cWdYRnUtWGRXRnBSVkl4a1d2d2FTal96Y3RQR3FKcW1zdHNzdUxKdThOOXR5MXgzUWtUS3RqTHNsZ2IzaUFKelh3WW5IOVV1bGV0cEgtNlVualpzZVYtOEN2emRneEpkdFFFN25QdEZHamZITEV2N1dlY3JmeFVyVjEyWFd5cGJXWFVPX2ZfZi1kTEtaV3dLUUt3bnZMNlk?oc=5\" target=\"_blank\" rel=\"nofollow noopener\">Czara goryczy si\u0119 przela\u0142a. Podolski w ko\u0144cu wybuch\u0142. 'Trzeba si\u0119 obudzi\u0107!&#8217; Pi\u0142ka no\u017cna<\/a>&nbsp;&nbsp;Sport.pl<\/li>\n<li><a href=\"https:\/\/news.google.com\/rss\/articles\/CBMixgFBVV95cUxNYWY1VFdsUHBHSzQ5XzNPMDBfSUdKSF9FaUk5SDdJbkZZNkRZMy1xaE50QkFmSm9TSEZZNmtuVGh1dkh2WHp5Mnd3R2lZYndKZF9oWi1FTzVCVlF4QjQxUGptcC0xenZfekIweTAtUzVKYVNRaXd4Zk51MTROa3VsdllDdklPZmRJTXdROXg2T0VMRVZBTWdmQlJ2RnpfZWh3Sk50akZBZmhoWXNBV2hSTnAxWlZrVmxnTUlrVGkxZkVIc19wREE?oc=5\" target=\"_blank\" rel=\"nofollow noopener\">Lider tabeli rozstrzelany w Radomiu. Modelowa egzekucja. \u017bal by\u0142o patrze\u0107<\/a>&nbsp;&nbsp;Sport w INTERIA.PL<\/li>\n<li><a href=\"https:\/\/news.google.com\/rss\/articles\/CBMiyAFBVV95cUxNa2NvQnVXVTIwck1EcTF2T0RFZldBekRUMGNUZlk4QkFpTUdsUUZZaC1yRzBCMFVCTVlyOXlxa1pUR1JQbDZEUGJxNjlqbmVTR2h1cGoyQzJUeDZldk1MY3IxUnRRQ1gyTzlUc3ZYTkhpSy1yWlJ1VS1YRk9MTzI5QVRTaFJIMHJZbHc3bmgxSXE4VlJSRFhfTmY2cWU3ZFRkOG9Jb2luMnRHSDZCUF9NRU96NnRCbFNmcU13am1HVG9YOFg1NnNaSdIBzgFBVV95cUxNNy1DM2N0LXRmUUpkZnFSUUU0MzdqNXgwU1ZxdjZqMWRwaDdlV0M4R2RuSTc4alNPYUpNandLV2xlSVNJdm1wTXF1LVdib3B5RkZtY2lTT29DOExCRzFoRUU0NGI3R2dNWFMxMXVrQ3ZzV1VmQURuSUNMYVFCMHlNOW1uc3FjdjhCOTF3QmpjNUVDVUpWM3JRNUVtamg5UTRSSVR2R0o3SHJFUjI2NGtvMGtJNTAyU3lzU0ZrM2VIdzZaZnNhZGgxYWFZTlMyZw?oc=5\" target=\"_blank\" rel=\"nofollow noopener\">PKO BP Ekstraklasa: Lukas Podolski zabra\u0142 g\u0142os po wysokiej pora\u017cce G\u00f3rnika Zabrze. Przeprosi\u0142 kibic\u00f3w<\/a>&nbsp;&nbsp;sport.tvp.pl<\/li>\n<li><a href=\"https:\/\/news.google.com\/rss\/articles\/CBMimgFBVV95cUxQcElRem5MVzBtUHlrNkVYQ2dhQlAzN0IzS1JfMmhDNzktRVZ0d0hlWWFlY2VKaHVQY1k2TkY0NmxPNW04M1p6NWFGRFI4dy1VUy1VNHk2TF9ia0ZFX1ZraUVvVlhtRkNVQy1KMkRfMmVSTHVKOTVTbmI1U2o0SWQyNTFnSmh4X3FZSkFzRVJtcXFLY19NOFp2VUdR?oc=5\" target=\"_blank\" rel=\"nofollow noopener\">G\u00f3rnik przegra\u0142 0:4. Podolski przeprasza kibic\u00f3w<\/a>&nbsp;&nbsp;SportoweFakty<\/li>\n<\/ol>\n","protected":false},"excerpt":{"rendered":"Goncalo Feio zabra\u0142 g\u0142os po zdemolowaniu lider\u00f3w Ekstraklasy. Oto czego chc\u0105 w Radomiu&nbsp;&nbsp;Przegl\u0105d Sportowy Onet Czara goryczy si\u0119&hellip;\n","protected":false},"author":2,"featured_media":124317,"comment_status":"","ping_status":"","sticky":false,"template":"","format":"standard","meta":{"footnotes":""},"categories":[24],"tags":[274,304,13674,3565,67,42,38,40,39,41,136,128,7258,47,127,135,126],"class_list":{"0":"post-124316","1":"post","2":"type-post","3":"status-publish","4":"format-standard","5":"has-post-thumbnail","7":"category-sport","8":"tag-ekstraklasa","9":"tag-eres","10":"tag-goncalo_feio","11":"tag-gornik","12":"tag-intextvideo_splayer","13":"tag-pl","14":"tag-poland","15":"tag-polish","16":"tag-polska","17":"tag-polski","18":"tag-ps_detal_new","19":"tag-psv2","20":"tag-radomiak_radom","21":"tag-screening_general","22":"tag-sport","23":"tag-sport_sport","24":"tag-sports"},"share_on_mastodon":{"url":"https:\/\/pubeurope.com\/@pl\/115633465875689927","error":""},"_links":{"self":[{"href":"https:\/\/www.europesays.com\/pl\/wp-json\/wp\/v2\/posts\/124316","targetHints":{"allow":["GET"]}}],"collection":[{"href":"https:\/\/www.europesays.com\/pl\/wp-json\/wp\/v2\/posts"}],"about":[{"href":"https:\/\/www.europesays.com\/pl\/wp-json\/wp\/v2\/types\/post"}],"author":[{"embeddable":true,"href":"https:\/\/www.europesays.com\/pl\/wp-json\/wp\/v2\/users\/2"}],"replies":[{"embeddable":true,"href":"https:\/\/www.europesays.com\/pl\/wp-json\/wp\/v2\/comments?post=124316"}],"version-history":[{"count":0,"href":"https:\/\/www.europesays.com\/pl\/wp-json\/wp\/v2\/posts\/124316\/revisions"}],"wp:featuredmedia":[{"embeddable":true,"href":"https:\/\/www.europesays.com\/pl\/wp-json\/wp\/v2\/media\/124317"}],"wp:attachment":[{"href":"https:\/\/www.europesays.com\/pl\/wp-json\/wp\/v2\/media?parent=124316"}],"wp:term":[{"taxonomy":"category","embeddable":true,"href":"https:\/\/www.europesays.com\/pl\/wp-json\/wp\/v2\/categories?post=124316"},{"taxonomy":"post_tag","embeddable":true,"href":"https:\/\/www.europesays.com\/pl\/wp-json\/wp\/v2\/tags?post=124316"}],"curies":[{"name":"wp","href":"https:\/\/api.w.org\/{rel}","templated":true}]}}