{"id":124621,"date":"2025-11-29T18:09:24","date_gmt":"2025-11-29T18:09:24","guid":{"rendered":"https:\/\/www.europesays.com\/pl\/124621\/"},"modified":"2025-11-29T18:09:24","modified_gmt":"2025-11-29T18:09:24","slug":"polacy-marza-o-nowej-partii-sondaz-pokazuje-jak-bardzo-2","status":"publish","type":"post","link":"https:\/\/www.europesays.com\/pl\/124621\/","title":{"rendered":"Polacy marz\u0105 o nowej partii? Sonda\u017c pokazuje, jak bardzo"},"content":{"rendered":"<p class=\"ods-c-paragraph \">Sonda\u017c zosta\u0142 zrealizowany w dniach 25-26 listopada 2025 r. przez agencj\u0119 SW RESEARCH metod\u0105 wywiad\u00f3w on-line (CAWI \u2014 Computer-Assisted Web Interview) na panelu internetowym SW Panel. W ramach badania przeprowadzono 844 ankiety z og\u00f3lnopolsk\u0105 pr\u00f3b\u0105 doros\u0142ych. Zastosowano dob\u00f3r kwotowy \u2014 pr\u00f3ba by\u0142a reprezentatywna ze wzgl\u0119du na \u0142\u0105czny rozk\u0142ad p\u0142ci, wieku i klasy wielko\u015bci miejscowo\u015bci zamieszkania.<\/p>\n<p class=\"ods-c-paragraph \">***<\/p>\n<p class=\"ods-c-paragraph \">Od lat w polskiej polityce dominuj\u0105 zw\u0142aszcza dwa ugrupowania: Koalicja Obywatelska oraz Prawo i Sprawiedliwo\u015b\u0107. Cho\u0107 regularnie pojawiaj\u0105 si\u0119 nowe inicjatywy, \u017cadna z nich nie zdo\u0142a\u0142a jeszcze powa\u017cnie zagrozi\u0107 obecnemu uk\u0142adowi si\u0142. Jednak w kontek\u015bcie wybor\u00f3w w 2027 r. coraz cz\u0119\u015bciej m\u00f3wi si\u0119 o potrzebie &#8222;\u015bwie\u017cej krwi&#8221; w polityce.<\/p>\n<p>Dalszy ci\u0105g artyku\u0142u pod materia\u0142em wideo<\/p>\n<p> Jakie zachowania Grzegorza Brauna s\u0105 kontrowersyjne? <\/p>\n<p> Jakie s\u0105 wyniki sonda\u017cu dotycz\u0105cego Grzegorza Brauna? <\/p>\n<p> Ile os\u00f3b uwa\u017ca, \u017ce Braun powinien ponie\u015b\u0107 odpowiedzialno\u015b\u0107 karn\u0105? <\/p>\n<p> Jaki punkt widzenia prezentuje cz\u0119\u015b\u0107 Polak\u00f3w na temat wolno\u015bci s\u0142owa Brauna? <\/p>\n<p class=\"ods-c-paragraph \">Czy Polacy wierz\u0105 w pojawienie si\u0119 nowej partii, kt\u00f3ra zmieni regu\u0142y gry? Najnowszy sonda\u017c SW Research dla Onetu daje odpowied\u017a.<\/p>\n<p>Sonda\u017c: Chc\u0105 nowej partii. Wyniki sonda\u017cu mog\u0105 zaskoczy\u0107   <\/p>\n<p class=\"ods-c-paragraph \">Pracownia zada\u0142a ankietowanym pytanie: &#8222;Czy liczy Pani\/Pan na pojawienie si\u0119 nowej partii, kt\u00f3ra zmieni uk\u0142ad si\u0142 na scenie politycznej przed wyborami parlamentarnymi w 2027 r.?&#8221;.<\/p>\n<p class=\"ods-c-paragraph \">Okazuje si\u0119, \u017ce niemal co trzeci ankietowany (32,1 proc.) oczekuje zmiany na scenie politycznej. Dla tej grupy obecne ugrupowania nie spe\u0142niaj\u0105 oczekiwa\u0144, a nowa si\u0142a mog\u0142aby wprowadzi\u0107 now\u0105 jako\u015b\u0107 i \u015bwie\u017ce pomys\u0142y.<\/p>\n<p class=\"ods-c-paragraph \">Z drugiej strony najwi\u0119ksza grupa w badaniu (42,8 proc.) stawia na stabilizacj\u0119 i przewidywalno\u015b\u0107: nie oczekuje na now\u0105 parti\u0119.<\/p>\n<p class=\"ods-c-paragraph \">Jedna czwarta badanych (25,1 proc.) nie potrafi oceni\u0107, czy nowa partia jest potrzebna. Ich niezdecydowanie mo\u017ce wynika\u0107 z braku wiary w realn\u0105 zmian\u0119 lub przekonania, \u017ce w polskiej polityce &#8222;wszyscy s\u0105 tacy sami&#8221;.<\/p>\n","protected":false},"excerpt":{"rendered":"Sonda\u017c zosta\u0142 zrealizowany w dniach 25-26 listopada 2025 r. przez agencj\u0119 SW RESEARCH metod\u0105 wywiad\u00f3w on-line (CAWI \u2014&hellip;\n","protected":false},"author":2,"featured_media":124622,"comment_status":"","ping_status":"","sticky":false,"template":"","format":"standard","meta":{"footnotes":""},"categories":[5],"tags":[32,33,36,37,27,49,34,35,28,31,48,25,46,42,38,40,39,41,47,231,29,30,26,7209],"class_list":{"0":"post-124621","1":"post","2":"type-post","3":"status-publish","4":"format-standard","5":"has-post-thumbnail","7":"category-naglowki","8":"tag-breaking-news","9":"tag-breakingnews","10":"tag-featured-news","11":"tag-featurednews","12":"tag-headlines","13":"tag-kraj","14":"tag-latest-news","15":"tag-latestnews","16":"tag-naglowki","17":"tag-najwazniejsze-artykuly","18":"tag-nat_styl","19":"tag-news","20":"tag-omp","21":"tag-pl","22":"tag-poland","23":"tag-polish","24":"tag-polska","25":"tag-polski","26":"tag-screening_general","27":"tag-sondaze","28":"tag-top-stories","29":"tag-topstories","30":"tag-wiadomosci","31":"tag-wybory_parlamentarne"},"share_on_mastodon":{"url":"https:\/\/pubeurope.com\/@pl\/115634330904484113","error":""},"_links":{"self":[{"href":"https:\/\/www.europesays.com\/pl\/wp-json\/wp\/v2\/posts\/124621","targetHints":{"allow":["GET"]}}],"collection":[{"href":"https:\/\/www.europesays.com\/pl\/wp-json\/wp\/v2\/posts"}],"about":[{"href":"https:\/\/www.europesays.com\/pl\/wp-json\/wp\/v2\/types\/post"}],"author":[{"embeddable":true,"href":"https:\/\/www.europesays.com\/pl\/wp-json\/wp\/v2\/users\/2"}],"replies":[{"embeddable":true,"href":"https:\/\/www.europesays.com\/pl\/wp-json\/wp\/v2\/comments?post=124621"}],"version-history":[{"count":0,"href":"https:\/\/www.europesays.com\/pl\/wp-json\/wp\/v2\/posts\/124621\/revisions"}],"wp:featuredmedia":[{"embeddable":true,"href":"https:\/\/www.europesays.com\/pl\/wp-json\/wp\/v2\/media\/124622"}],"wp:attachment":[{"href":"https:\/\/www.europesays.com\/pl\/wp-json\/wp\/v2\/media?parent=124621"}],"wp:term":[{"taxonomy":"category","embeddable":true,"href":"https:\/\/www.europesays.com\/pl\/wp-json\/wp\/v2\/categories?post=124621"},{"taxonomy":"post_tag","embeddable":true,"href":"https:\/\/www.europesays.com\/pl\/wp-json\/wp\/v2\/tags?post=124621"}],"curies":[{"name":"wp","href":"https:\/\/api.w.org\/{rel}","templated":true}]}}