{"id":124762,"date":"2025-11-29T19:41:08","date_gmt":"2025-11-29T19:41:08","guid":{"rendered":"https:\/\/www.europesays.com\/pl\/124762\/"},"modified":"2025-11-29T19:41:08","modified_gmt":"2025-11-29T19:41:08","slug":"wielka-zmiana-w-tabeli-ekstraklasy-cracovia-przerwala-koszmarna-serie","status":"publish","type":"post","link":"https:\/\/www.europesays.com\/pl\/124762\/","title":{"rendered":"Wielka zmiana w tabeli Ekstraklasy! Cracovia przerwa\u0142a koszmarn\u0105 seri\u0119"},"content":{"rendered":"<p class=\"Paragraph_desktopParagraph__Fd2e9\">Cracovia nie wygra\u0142a pi\u0119ciu mecz\u00f3w z rz\u0119du, tylko jeden z nich zremisowa\u0142a, reszt\u0119 przegra\u0142a. Spad\u0142a na \u00f3sme miejsce w Ekstraklasie i odpad\u0142a z Pucharu Polski. Z\u0142a seria dobieg\u0142a ko\u0144ca w Kielcach. Wygra\u0142a 1:0, ale mia\u0142a sporo szcz\u0119\u015bcia, bo gospodarze pope\u0142nili fatalne b\u0142\u0119dy.<\/p>\n<p class=\"VideoPlayerText_videoPlayerText__zrtJk\">Dalszy ci\u0105g materia\u0142u pod wideo<\/p>\n<p class=\"Paragraph_desktopParagraph__Fd2e9\">Niemniej dzi\u0119ki temu zwyci\u0119stwu Cracovia awansowa\u0142a na pi\u0105te miejsce. Ma 25 punkt\u00f3w, o pi\u0119\u0107 mniej od prowadz\u0105cego G\u00f3rnika. Zajmuj\u0105cy czwart\u0105 pozycj\u0119, kt\u00f3ra na pewno da miejsce w pucharach, Radomiak minimalnie wyprzedza j\u0105 r\u00f3\u017cnic\u0105 bramek.<\/p>\n<p class=\"Paragraph_desktopParagraph__Fd2e9\">Korona spad\u0142a na si\u00f3dme miejsce z dorobkiem 23 &#8222;oczek&#8221;. Tak chwalona na pocz\u0105tku sezonu dru\u017cyna z Kielc w ostatnich siedmiu meczach zdoby\u0142a tylko pi\u0119\u0107 punkt\u00f3w.<\/p>\n<p class=\"Paragraph_desktopParagraph__Fd2e9\">Pierwsi szans\u0119 mieli gospodarzy. W sz\u00f3stej minucie g\u0142ow\u0105 strzela\u0142 Pau Resta, ale tu\u017c obok bramki. W 26. minucie z gola cieszyli si\u0119 pi\u0142karze Cracovii. Mikkel Maigaard po podaniu Filipa Stojilkovicia trafi\u0142 do siatki, ale po analizie VAR bramka nie zosta\u0142a uznana, bo ten drugi zawodnik znajdowa\u0142 si\u0119 na spalonym.<\/p>\n<p class=\"Paragraph_desktopParagraph__Fd2e9\">Kwadrans p\u00f3\u017aniej VAR r\u00f3wnie\u017c m\u00f3g\u0142 wp\u0142yn\u0105\u0107 na wynik meczu i ponownie pom\u00f3g\u0142 Koronie. Chodzi\u0142o o zagranie r\u0119k\u0105 Mateusza Praszelika. Wezwany do monitora s\u0119dzia Patryk Gryckiewicz podyktowa\u0142 jedenastk\u0119 dla Korony. Do pi\u0142ki podszed\u0142 Antonin, ale jego strza\u0142 obroni\u0142 Sebastian Madejski.<\/p>\n<p class=\"Paragraph_desktopParagraph__Fd2e9\">Chwil\u0119 p\u00f3\u017aniej w g\u0142\u00f3wnej roli wyst\u0105pi\u0142 z kolei bramkarz Korony. Xavier Dzieko\u0144ski popisa\u0142 si\u0119 znakomit\u0105 interwencj\u0105 po uderzeniu Martina Minczewa.<\/p>\n<p class=\"Paragraph_desktopParagraph__Fd2e9\">Do przerwy by\u0142 wi\u0119c bezbramkowy remis, a mecz by\u0142 wyr\u00f3wnany, obie dru\u017cyny mia\u0142y pi\u0142k\u0119 przez 50 procent czasu i stworzy\u0142y podobn\u0105 \u2013 niewielk\u0105 \u2013 liczb\u0119 sytuacji.<\/p>\n<p>Fatalny b\u0142\u0105d pogr\u0105\u017cy\u0142 Koron\u0119<\/p>\n<p class=\"Paragraph_desktopParagraph__Fd2e9\">W 55. minucie Cracovia obj\u0119\u0142a prowadzenie. Fatalny b\u0142\u0105d pope\u0142ni\u0142 obro\u0144ca Korony Kostas Sotiriou, \u017ale podawa\u0142, pi\u0142k\u0119 przechwyci\u0142 Ajdin Hasi\u0107, Wojciech Kami\u0144ski nie zdo\u0142a\u0142 go zablokowa\u0107, a Sotiriou, kt\u00f3ry pr\u00f3bowa\u0142 naprawi\u0107 w\u0142asny b\u0142\u0105d, nie da\u0142 rady wybi\u0107 pi\u0142ki z linii bramkowej, i tak go\u015bcie obj\u0119li prowadzenie.<\/p>\n<p class=\"Paragraph_desktopParagraph__Fd2e9\">Chwil\u0119 p\u00f3\u017aniej Cracovi\u0119 uratowa\u0142 Madejski po strzale Antonina Cortesa. Tak samo jak w ko\u0144c\u00f3wce po strza\u0142ach Tamara Svetlina i Antonina. Go\u015bcie utrzymali wynik i przerwali z\u0142\u0105 seri\u0119.<\/p>\n","protected":false},"excerpt":{"rendered":"Cracovia nie wygra\u0142a pi\u0119ciu mecz\u00f3w z rz\u0119du, tylko jeden z nich zremisowa\u0142a, reszt\u0119 przegra\u0142a. Spad\u0142a na \u00f3sme miejsce&hellip;\n","protected":false},"author":2,"featured_media":124763,"comment_status":"","ping_status":"","sticky":false,"template":"","format":"standard","meta":{"footnotes":""},"categories":[24],"tags":[2398,274,67,13518,948,42,38,40,39,41,136,128,47,127,135,126],"class_list":{"0":"post-124762","1":"post","2":"type-post","3":"status-publish","4":"format-standard","5":"has-post-thumbnail","7":"category-sport","8":"tag-cracovia","9":"tag-ekstraklasa","10":"tag-intextvideo_splayer","11":"tag-korona","12":"tag-pilka_nozna","13":"tag-pl","14":"tag-poland","15":"tag-polish","16":"tag-polska","17":"tag-polski","18":"tag-ps_detal_new","19":"tag-psv2","20":"tag-screening_general","21":"tag-sport","22":"tag-sport_sport","23":"tag-sports"},"share_on_mastodon":{"url":"https:\/\/pubeurope.com\/@pl\/115634692819152681","error":""},"_links":{"self":[{"href":"https:\/\/www.europesays.com\/pl\/wp-json\/wp\/v2\/posts\/124762","targetHints":{"allow":["GET"]}}],"collection":[{"href":"https:\/\/www.europesays.com\/pl\/wp-json\/wp\/v2\/posts"}],"about":[{"href":"https:\/\/www.europesays.com\/pl\/wp-json\/wp\/v2\/types\/post"}],"author":[{"embeddable":true,"href":"https:\/\/www.europesays.com\/pl\/wp-json\/wp\/v2\/users\/2"}],"replies":[{"embeddable":true,"href":"https:\/\/www.europesays.com\/pl\/wp-json\/wp\/v2\/comments?post=124762"}],"version-history":[{"count":0,"href":"https:\/\/www.europesays.com\/pl\/wp-json\/wp\/v2\/posts\/124762\/revisions"}],"wp:featuredmedia":[{"embeddable":true,"href":"https:\/\/www.europesays.com\/pl\/wp-json\/wp\/v2\/media\/124763"}],"wp:attachment":[{"href":"https:\/\/www.europesays.com\/pl\/wp-json\/wp\/v2\/media?parent=124762"}],"wp:term":[{"taxonomy":"category","embeddable":true,"href":"https:\/\/www.europesays.com\/pl\/wp-json\/wp\/v2\/categories?post=124762"},{"taxonomy":"post_tag","embeddable":true,"href":"https:\/\/www.europesays.com\/pl\/wp-json\/wp\/v2\/tags?post=124762"}],"curies":[{"name":"wp","href":"https:\/\/api.w.org\/{rel}","templated":true}]}}