{"id":124771,"date":"2025-11-29T19:47:12","date_gmt":"2025-11-29T19:47:12","guid":{"rendered":"https:\/\/www.europesays.com\/pl\/124771\/"},"modified":"2025-11-29T19:47:12","modified_gmt":"2025-11-29T19:47:12","slug":"nawrocki-wygra-kolejne-wybory-polacy-odpowiedzieli-w-sondazu","status":"publish","type":"post","link":"https:\/\/www.europesays.com\/pl\/124771\/","title":{"rendered":"Nawrocki wygra kolejne wybory? Polacy odpowiedzieli w sonda\u017cu"},"content":{"rendered":"\n<p>W najnowszym badaniu, przeprowadzonym przez United Surveys by IBRiS dla Wirtualnej Polski, zapytano ankietowanych, czy zgadzaj\u0105 si\u0119 ze stwierdzeniem, \u017ce Karol Nawrocki wygra kolejne wybory prezydenckie w\u00a02030 r.<\/p>\n<p>Jak wynika z\u00a0sonda\u017cu, \u0142\u0105cznie 43,8 proc. badanych uwa\u017ca, \u017ce Nawrocki ponownie zostanie prezydentem za pi\u0119\u0107 lat. W\u00a0tej grupie 20,7 proc. respondent\u00f3w wskaza\u0142o odpowied\u017a: &#8222;zdecydowanie si\u0119 zgadzam&#8221;, a\u00a023,1 proc. wybra\u0142o opcj\u0119 &#8222;raczej si\u0119 zgadzam&#8221;.<\/p>\n<p>&#8222;Polska grz\u0119\u017anie w\u00a0sporach&#8221;. Biejat ostro o\u00a0konflikcie rz\u0105d-prezydent <\/p>\n<p>  <img role=\"presentation\" class=\"absolute left-1\/2 top-1\/2 max-h-[80%] max-w-[100px] -translate-x-1\/2 -translate-y-1\/2\" src=\"https:\/\/v.wpimg.pl\/ZXJfd3AudTkrBBIAbg54LGhcRlAxHQUrPgJGH2MAeGJoSQ1eIBI_K2UHAEVuBTY5KQMMXC0RPyoVERQdMgM9ejc\" loading=\"lazy\" decoding=\"async\"\/> <\/p>\n<p>Przeciwnego zdania jest blisko jedna trzecia ankietowanych. \u0141\u0105cznie 33,7 proc. Polak\u00f3w nie wierzy w\u00a0wygran\u0105 Nawrockiego w\u00a02030 r. (20,7 proc. ankietowanych wybra\u0142o opcj\u0119 &#8222;zdecydowanie si\u0119 nie zgadzam&#8221;, 13 proc. &#8211;\u00a0&#8222;raczej si\u0119 nie zgadzam&#8221;).<\/p>\n<p>Dodatkowo wysoki odsetek os\u00f3b w\u00a0sonda\u017cu nie potrafi jednoznacznie oceni\u0107 szans Nawrockiego. Co pi\u0105ty ankietowany (22,5 proc.) wskaza\u0142o odpowied\u017a &#8222;nie wiem\/trudno powiedzie\u0107&#8221;.<\/p>\n<p>     <img decoding=\"async\" src=\"https:\/\/www.europesays.com\/pl\/wp-content\/uploads\/2025\/11\/NmFjOTg3YQwnCDlnSEhsGWRQbT0OEWJPM0h1dkhQYVx-Wn8sVgd-XWkMJjgCQSsdKUQoJhJDLxo2RD84SFI-BGkcfnsDWj0dKgs2.jpeg\" width=\"1800\" height=\"1400\" loading=\"lazy\" class=\"wp-media-image\" alt=\"Czy Karol Nawrocki wygra wybory w 2030 roku?\" data-lightbox=\"true\"\/> Czy Karol Nawrocki wygra wybory w 2030 r.? \u00a9 WP <img role=\"presentation\" class=\"absolute left-1\/2 top-1\/2 max-h-[80%] max-w-[100px] -translate-x-1\/2 -translate-y-1\/2\" src=\"https:\/\/v.wpimg.pl\/ZXJfd3AudTkrBBIAbg54LGhcRlAxHQUrPgJGH2MAeGJoSQ1eIBI_K2UHAEVuBTY5KQMMXC0RPyoVERQdMgM9ejc\" loading=\"lazy\" decoding=\"async\"\/><\/p>\n<p>Wyborcy KO\u00a0i\u00a0PiS po\u00a0dw\u00f3ch stronach barykady <\/p>\n<p>Oceny szans reelekcji Nawrockiego s\u0105 silnie uzale\u017cnione od\u00a0upodoba\u0144 politycznych Polak\u00f3w. Wyborcy obecnej koalicji rz\u0105dz\u0105cej s\u0105 w\u00a0wi\u0119kszo\u015bci sceptyczni. A\u017c 71 proc. z\u00a0nich nie wierzy w\u00a0jego zwyci\u0119stwo, przy czym niemal po\u0142owa (47 proc.) wyra\u017ca sw\u00f3j sprzeciw w\u00a0spos\u00f3b &#8222;zdecydowany&#8221;.<\/p>\n<p>Jedynie 16 proc. elektoratu opcji rz\u0105dz\u0105cej widzi w\u00a0Nawrockim przysz\u0142ego zwyci\u0119zc\u0119 wybor\u00f3w w\u00a02030 r. 13 proc. nie potrafi oceni\u0107 szans na reelekcj\u0119 obecnego prezydenta.<\/p>\n<p> <a href=\"https:\/\/wiadomosci.wp.pl\/pawel-kapusta-obietnice-nawrockiego-wp-mowi-sprawdzam-7186091302173280a\" class=\"teaser-inline\" rel=\"nofollow noopener\" target=\"_blank\">  <img decoding=\"async\" src=\"https:\/\/www.europesays.com\/pl\/wp-content\/uploads\/2025\/11\/ZjY5MjI4dQs4VztZZk94HnsPbwMgFnZILBd3SGYFaFJpTWIMIFg_GDxFIkQuRi8aOEI9RDlYdQspXGIceBs-AypFIQswGz8HO1Ap.jpeg\" width=\"0\" height=\"0\" loading=\"lazy\" class=\"wp-media-image cropped\" alt=\"Pawe\u0142 Kapusta: Obietnice Nawrockiego. WP m\u00f3wi: &quot;sprawdzam&quot;\"\/><\/p>\n<p>Pawe\u0142 Kapusta: Obietnice Nawrockiego. WP m\u00f3wi: &#8222;sprawdzam&#8221;<\/p>\n<p><\/a> <img role=\"presentation\" class=\"absolute left-1\/2 top-1\/2 max-h-[80%] max-w-[100px] -translate-x-1\/2 -translate-y-1\/2\" src=\"https:\/\/v.wpimg.pl\/ZXJfd3AudTkrBBIAbg54LGhcRlAxHQUrPgJGH2MAeGJoSQ1eIBI_K2UHAEVuBTY5KQMMXC0RPyoVERQdMgM9ejc\" loading=\"lazy\" decoding=\"async\"\/> <\/p>\n<p>Zupe\u0142nie inaczej sytuacja wygl\u0105da w\u00a0obozie wyborc\u00f3w opozycji. Tutaj panuje ogromny optymizm &#8211;\u00a0a\u017c 76 proc. badanych z\u00a0tej grupy wierzy, \u017ce Nawrocki wygra wybory (w tym a\u017c 47 proc. jest o\u00a0tym &#8222;zdecydowanie&#8221; przekonanych). Tylko 11 proc. wyborc\u00f3w opozycji w\u0105tpi w\u00a0taki scenariusz, a\u00a013 proc. nie ma w\u00a0tej sprawie zdania.<\/p>\n<p>Ciekawie prezentuj\u0105 si\u0119 wyniki w\u00a0grupie pozosta\u0142ych wyborc\u00f3w. Tutaj dominuje niepewno\u015b\u0107 &#8211;\u00a0a\u017c 56 proc. nie ma zdania na temat przysz\u0142o\u015bci Nawrockiego.<\/p>\n<p> <a href=\"https:\/\/wiadomosci.wp.pl\/100-dni-nawrockiego-spelnione-obietnice-weta-i-wizyty-zagraniczne-7221483364998016a\" class=\"teaser-inline\" rel=\"nofollow noopener\" target=\"_blank\">  <img decoding=\"async\" src=\"https:\/\/www.europesays.com\/pl\/wp-content\/uploads\/2025\/11\/MTk1YTcxYjUKUy9nTANvIEkLez0KWmF2HhNjdkxJf2xbSXYyChQoJg5BNnoECjgkCkYpehMUYjUbWHYiUlcpPRhBNTUaVyg5CVQ9.jpeg\" width=\"0\" height=\"0\" loading=\"lazy\" class=\"wp-media-image cropped\" alt=\"100 dni Nawrockiego. Spe\u0142nione obietnice, weta i wizyty zagraniczne\"\/><\/p>\n<p>100 dni Nawrockiego. Spe\u0142nione obietnice, weta i wizyty zagraniczne<\/p>\n<p><\/a> <img role=\"presentation\" class=\"absolute left-1\/2 top-1\/2 max-h-[80%] max-w-[100px] -translate-x-1\/2 -translate-y-1\/2\" src=\"https:\/\/v.wpimg.pl\/ZXJfd3AudTkrBBIAbg54LGhcRlAxHQUrPgJGH2MAeGJoSQ1eIBI_K2UHAEVuBTY5KQMMXC0RPyoVERQdMgM9ejc\" loading=\"lazy\" decoding=\"async\"\/><\/p>\n<p>Wybory prezydenckie 2025 <\/p>\n<p>Przypomnijmy, \u017ce w\u00a0 drugiej turze wybor\u00f3w prezydenckich w\u00a02025 r. Nawrocki pokona\u0142 kandydata Koalicji Obywatelskiej &#8211;\u00a0Rafa\u0142a Trzaskowskiego. Wed\u0142ug oficjalnych danych PKW, obecny prezydent uzyska\u0142 poparcie na poziomie 50,89 proc., uzyskuj\u0105c 10 606 628 g\u0142os\u00f3w, podczas gdy jego kontrkandydat zdoby\u0142 poparcie na poziomie 49,11 proc. (10 237 177 g\u0142os\u00f3w).  Frekwencja w\u00a0decyduj\u0105cym g\u0142osowaniu wynios\u0142a 71,63 proc.<\/p>\n<p>Dwa tygodnie wcze\u015bniej, w\u00a0pierwszej turze g\u0142osowania, Nawrocki zaj\u0105\u0142 drugie miejsce, otrzymuj\u0105c 5 790 804 g\u0142osy (29,54 proc.), ust\u0119puj\u0105c Trzaskowskiemu, na kt\u00f3rego zag\u0142osowa\u0142o 6 147 797 os\u00f3b, co prze\u0142o\u017cy\u0142o si\u0119 na 31,36 proc. poparcia. Frekwencja wynios\u0142a 67,31 proc.<\/p>\n<p> <a href=\"https:\/\/wiadomosci.wp.pl\/waznosc-wyborow-prezydenckich-2025-co-warto-wiedziec-o-kontrowersjach-i-decyzji-sadu-najwyzszego-7173650192837504a\" class=\"teaser-inline\" rel=\"nofollow noopener\" target=\"_blank\">  <img decoding=\"async\" src=\"https:\/\/www.europesays.com\/pl\/wp-content\/uploads\/2025\/11\/YWI2MTE1djYoUDtnakp7I2sIbz0sE3V1PBB3dmoAa295SmIyLF08JSxCInoiQywnKEU9ejVddjY5W2IidB49PjpCITU8Hjw6K1cp.jpeg\" width=\"0\" height=\"0\" loading=\"lazy\" class=\"wp-media-image cropped\" alt=\"Wa\u017cno\u015b\u0107 wybor\u00f3w prezydenckich 2025. Co warto wiedzie\u0107 o kontrowersjach i decyzji S\u0105du Najwy\u017cszego?\"\/><\/p>\n<p>Wa\u017cno\u015b\u0107 wybor\u00f3w prezydenckich 2025. Co warto wiedzie\u0107 o kontrowersjach i decyzji S\u0105du Najwy\u017cszego?<\/p>\n<p><\/a> <img role=\"presentation\" class=\"absolute left-1\/2 top-1\/2 max-h-[80%] max-w-[100px] -translate-x-1\/2 -translate-y-1\/2\" src=\"https:\/\/v.wpimg.pl\/ZXJfd3AudTkrBBIAbg54LGhcRlAxHQUrPgJGH2MAeGJoSQ1eIBI_K2UHAEVuBTY5KQMMXC0RPyoVERQdMgM9ejc\" loading=\"lazy\" decoding=\"async\"\/> <\/p>\n<p>1 lipca <a href=\"https:\/\/wiadomosci.wp.pl\/jest-decyzja-sadu-najwyzszego-ws-waznosci-wyborow-7173647779339136a\" rel=\"noopener noreferrer nofollow\" target=\"_blank\">S\u0105d Najwy\u017cszy stwierdzi\u0142 wa\u017cno\u015b\u0107 wyboru Nawrockiego na prezydenta Rzeczypospolitej Polskiej.<\/a> Wcze\u015bniej do SN wp\u0142yn\u0119\u0142o ponad 54 tys. protest\u00f3w wyborczych, z\u00a0kt\u00f3rych za zasadne uznano 21, jednak wed\u0142ug SN nie mia\u0142y one wp\u0142ywu na og\u00f3lny wynik wybor\u00f3w.<\/p>\n<p>Pierwsza prezes SN Ma\u0142gorzata Manowska informowa\u0142a, \u017ce indywidualne protesty licz\u0105 kilkaset sztuk, a\u00a0wi\u0119kszo\u015b\u0107 stanowi\u0105 te sk\u0142adane przy wykorzystaniu gotowych wzor\u00f3w m.in. <a href=\"https:\/\/wiadomosci.wp.pl\/tak-wygladaja-giertychowki-sad-najwyzszy-odpowiada-na-zarzuty-7171551338466208a\" rel=\"noopener noreferrer nofollow\" target=\"_blank\">opracowanych przez Romana Giertycha<\/a>. <a href=\"https:\/\/wiadomosci.wp.pl\/ponad-50-tys-protestow-wyborczych-bez-dalszego-biegu-komunikat-sn-7172889735043968a\" rel=\"noopener noreferrer nofollow\" target=\"_blank\">Ponad 50 tys. protest\u00f3w wyborczych<\/a> &#8211;\u00a0w\u00a0tym protesty sk\u0142adane na podstawie wzoru pos\u0142a KO &#8211;\u00a0pozostawiono bez dalszego biegu.<\/p>\n<p>Sonda\u017c zosta\u0142 przeprowadzony przed United Surveys by IBRiS dla Wirtualnej Polski, metod\u0105 CATI\/CAWI, w\u00a0dniach 14-16 listopada 2025 r., na pr\u00f3bie N=1000.<\/p>\n","protected":false},"excerpt":{"rendered":"W najnowszym badaniu, przeprowadzonym przez United Surveys by IBRiS dla Wirtualnej Polski, zapytano ankietowanych, czy zgadzaj\u0105 si\u0119 ze&hellip;\n","protected":false},"author":2,"featured_media":124772,"comment_status":"","ping_status":"","sticky":false,"template":"","format":"standard","meta":{"footnotes":""},"categories":[5],"tags":[32,33,36,37,27,34,35,28,31,25,42,38,40,39,41,29,30,26],"class_list":{"0":"post-124771","1":"post","2":"type-post","3":"status-publish","4":"format-standard","5":"has-post-thumbnail","7":"category-naglowki","8":"tag-breaking-news","9":"tag-breakingnews","10":"tag-featured-news","11":"tag-featurednews","12":"tag-headlines","13":"tag-latest-news","14":"tag-latestnews","15":"tag-naglowki","16":"tag-najwazniejsze-artykuly","17":"tag-news","18":"tag-pl","19":"tag-poland","20":"tag-polish","21":"tag-polska","22":"tag-polski","23":"tag-top-stories","24":"tag-topstories","25":"tag-wiadomosci"},"share_on_mastodon":{"url":"https:\/\/pubeurope.com\/@pl\/115634716577194402","error":""},"_links":{"self":[{"href":"https:\/\/www.europesays.com\/pl\/wp-json\/wp\/v2\/posts\/124771","targetHints":{"allow":["GET"]}}],"collection":[{"href":"https:\/\/www.europesays.com\/pl\/wp-json\/wp\/v2\/posts"}],"about":[{"href":"https:\/\/www.europesays.com\/pl\/wp-json\/wp\/v2\/types\/post"}],"author":[{"embeddable":true,"href":"https:\/\/www.europesays.com\/pl\/wp-json\/wp\/v2\/users\/2"}],"replies":[{"embeddable":true,"href":"https:\/\/www.europesays.com\/pl\/wp-json\/wp\/v2\/comments?post=124771"}],"version-history":[{"count":0,"href":"https:\/\/www.europesays.com\/pl\/wp-json\/wp\/v2\/posts\/124771\/revisions"}],"wp:featuredmedia":[{"embeddable":true,"href":"https:\/\/www.europesays.com\/pl\/wp-json\/wp\/v2\/media\/124772"}],"wp:attachment":[{"href":"https:\/\/www.europesays.com\/pl\/wp-json\/wp\/v2\/media?parent=124771"}],"wp:term":[{"taxonomy":"category","embeddable":true,"href":"https:\/\/www.europesays.com\/pl\/wp-json\/wp\/v2\/categories?post=124771"},{"taxonomy":"post_tag","embeddable":true,"href":"https:\/\/www.europesays.com\/pl\/wp-json\/wp\/v2\/tags?post=124771"}],"curies":[{"name":"wp","href":"https:\/\/api.w.org\/{rel}","templated":true}]}}