{"id":124854,"date":"2025-11-29T20:35:09","date_gmt":"2025-11-29T20:35:09","guid":{"rendered":"https:\/\/www.europesays.com\/pl\/124854\/"},"modified":"2025-11-29T20:35:09","modified_gmt":"2025-11-29T20:35:09","slug":"tomasz-siemoniak-atakuje-prezydenta-obrzydliwe-insynuacje","status":"publish","type":"post","link":"https:\/\/www.europesays.com\/pl\/124854\/","title":{"rendered":"Tomasz Siemoniak atakuje prezydenta. &#8222;Obrzydliwe insynuacje&#8221;"},"content":{"rendered":"<p class=\"ods-c-paragraph \">Karol Nawrocki zablokowa\u0142 nominacje oficerskie w ABW i SKW oraz odm\u00f3wi\u0142 wr\u0119czenia odznacze\u0144 i order\u00f3w. &#8222;Nie rozumiem i nikt nie rozumie, jak prezydent mo\u017ce uderza\u0107 w funkcjonariuszy s\u0142u\u017cb specjalnych. Oni strzeg\u0105 naszego bezpiecze\u0144stwa. Nie s\u0105 z \u017cadnej partii&#8221; \u2014 pisa\u0142 w pi\u0105tek Tomasz Siemoniak, dodaj\u0105c, \u017ce takie decyzje prezydenta Karola Nawrockiego s\u0105 &#8222;uderzaniem w pa\u0144stwo&#8221;.<\/p>\n<p>Dalszy ci\u0105g artyku\u0142u pod materia\u0142em wideo<\/p>\n<p> Jakie nominacje zablokowa\u0142 prezydent Nawrocki? <\/p>\n<p> Co napisa\u0142 Tomasz Siemoniak o prezydencie? <\/p>\n<p> Ile os\u00f3b mia\u0142o otrzyma\u0107 nominacje na pierwszy stopie\u0144 oficerski? <\/p>\n<p> Jakie zarzuty postawi\u0142 Siemoniak s\u0142u\u017cbom specjalnym? <\/p>\n<p>  Nowy wpis Siemoniaka. &#8222;Obrzydliwe&#8221;<\/p>\n<p class=\"ods-c-paragraph \">Minister Siemoniak w nowym sobotnim wpisie nazwa\u0142 Karola Nawrockiego &#8222;prezydentem chaosu&#8221;. &#8222;Czego ju\u017c nie us\u0142yszeli\u015bmy o zablokowaniu nominacji oficerskich w ABW i SKW. \u017be wezwani szefowie nie przyszli i maj\u0105 przeprosi\u0107. \u017be trzeba zweryfikowa\u0107 kandydat\u00f3w na oficer\u00f3w. \u017be tam s\u0105 \u00bbreseciarze\u00ab. \u017be s\u0105 w\u0105tpliwo\u015bci, a potem, \u017ce w og\u00f3le &#8222;nie rozpatrzy\u0142&#8221;. To jak nie rozpatrzy\u0142, to sk\u0105d w\u0105tpliwo\u015bci?&#8221; \u2014 ironicznie dopytuje minister koordynator s\u0142u\u017cb specjalnych.<\/p>\n<p class=\"ods-c-paragraph \">&#8222;Obrzydliwe by\u0142y te\u017c bezpodstawne insynuacje jednego z urz\u0119dnik\u00f3w prezydenta, \u017ce s\u0142u\u017cby specjalne anga\u017cowa\u0142y si\u0119 w kampani\u0119 wyborcz\u0105. Oczywi\u015bcie nikt nie zg\u0142osi\u0142 niczego do PKW ani prokuratury, ale c\u00f3\u017c szkodzi rzuci\u0107 b\u0142otem. Co jeszcze wymy\u015bl\u0105 brn\u0105c coraz bardziej w absurdalny b\u0142\u0105d z blokad\u0105 m\u0142odych funkcjonariuszy?&#8221; \u2014 podsumowa\u0142&#8221;<\/p>\n<p> Sp\u00f3r o awanse<\/p>\n<p class=\"ods-c-paragraph \">Tu\u017c przed 11 listopada premier Donald Tusk ujawni\u0142, \u017ce prezydent Karol Nawrocki zablokowa\u0142 nominacje na pierwszy stopie\u0144 oficerski 136 przysz\u0142ych oficer\u00f3w s\u0142u\u017cb. Listy z nazwiskami funkcjonariuszy wyznaczonych do mianowania na pierwszy stopie\u0144 oficerski na biurku prezydenta le\u017ca\u0142y od lipca (SKW, 40 nazwisk) i wrze\u015bnia (ABW, 96 nazwisk).<\/p>\n<p class=\"ods-c-paragraph \">Do wr\u0119czenia nominacji kandydatom nie dosz\u0142o. W \u015brod\u0119 minister koordynator s\u0142u\u017cb specjalnych Tomasz Siemoniak poinformowa\u0142, \u017ce ostatecznie 25 listopada do KPRM trafi\u0142o pismo z Kancelarii Prezydenta RP odsy\u0142aj\u0105ce wniosek o nadanie przysz\u0142ym oficerom ABW stopni oficerskich.<\/p>\n<p class=\"ods-c-paragraph \">Jak ujawnili\u015bmy w Onecie, powodem wojny o awanse w s\u0142u\u017cbach maj\u0105 by\u0107 <a href=\"https:\/\/wiadomosci.onet.pl\/tylko-w-onecie\/ujawniamy-wplywy-antoniego-macierewicza-powodem-wojny-o-awanse-w-sluzbach\/bqcww2c\" id=\"9d8d918d-b9a8-4a5d-9edc-487c53e6674e\" rel=\"nofollow noopener\" target=\"_blank\">rosn\u0105ce wp\u0142ywy ludzi Antoniego Macierewicza na funkcjonowanie Biura Bezpiecze\u0144stwa Narodowego<\/a>.<\/p>\n","protected":false},"excerpt":{"rendered":"Karol Nawrocki zablokowa\u0142 nominacje oficerskie w ABW i SKW oraz odm\u00f3wi\u0142 wr\u0119czenia odznacze\u0144 i order\u00f3w. &#8222;Nie rozumiem i&hellip;\n","protected":false},"author":2,"featured_media":124855,"comment_status":"","ping_status":"","sticky":false,"template":"","format":"standard","meta":{"footnotes":""},"categories":[12],"tags":[32,33,36,37,27,43,49,34,35,28,31,48,25,46,42,38,40,39,41,47,9910,1246,29,30,26],"class_list":{"0":"post-124854","1":"post","2":"type-post","3":"status-publish","4":"format-standard","5":"has-post-thumbnail","7":"category-polska","8":"tag-breaking-news","9":"tag-breakingnews","10":"tag-featured-news","11":"tag-featurednews","12":"tag-headlines","13":"tag-karol_nawrocki","14":"tag-kraj","15":"tag-latest-news","16":"tag-latestnews","17":"tag-naglowki","18":"tag-najwazniejsze-artykuly","19":"tag-nat_styl","20":"tag-news","21":"tag-omp","22":"tag-pl","23":"tag-poland","24":"tag-polish","25":"tag-polska","26":"tag-polski","27":"tag-screening_general","28":"tag-sluzby_specjalne","29":"tag-tomasz_siemoniak","30":"tag-top-stories","31":"tag-topstories","32":"tag-wiadomosci"},"share_on_mastodon":{"url":"","error":""},"_links":{"self":[{"href":"https:\/\/www.europesays.com\/pl\/wp-json\/wp\/v2\/posts\/124854","targetHints":{"allow":["GET"]}}],"collection":[{"href":"https:\/\/www.europesays.com\/pl\/wp-json\/wp\/v2\/posts"}],"about":[{"href":"https:\/\/www.europesays.com\/pl\/wp-json\/wp\/v2\/types\/post"}],"author":[{"embeddable":true,"href":"https:\/\/www.europesays.com\/pl\/wp-json\/wp\/v2\/users\/2"}],"replies":[{"embeddable":true,"href":"https:\/\/www.europesays.com\/pl\/wp-json\/wp\/v2\/comments?post=124854"}],"version-history":[{"count":0,"href":"https:\/\/www.europesays.com\/pl\/wp-json\/wp\/v2\/posts\/124854\/revisions"}],"wp:featuredmedia":[{"embeddable":true,"href":"https:\/\/www.europesays.com\/pl\/wp-json\/wp\/v2\/media\/124855"}],"wp:attachment":[{"href":"https:\/\/www.europesays.com\/pl\/wp-json\/wp\/v2\/media?parent=124854"}],"wp:term":[{"taxonomy":"category","embeddable":true,"href":"https:\/\/www.europesays.com\/pl\/wp-json\/wp\/v2\/categories?post=124854"},{"taxonomy":"post_tag","embeddable":true,"href":"https:\/\/www.europesays.com\/pl\/wp-json\/wp\/v2\/tags?post=124854"}],"curies":[{"name":"wp","href":"https:\/\/api.w.org\/{rel}","templated":true}]}}