{"id":124894,"date":"2025-11-29T20:56:11","date_gmt":"2025-11-29T20:56:11","guid":{"rendered":"https:\/\/www.europesays.com\/pl\/124894\/"},"modified":"2025-11-29T20:56:11","modified_gmt":"2025-11-29T20:56:11","slug":"20-lat-pracy-w-niemczech-elzbieta-dostala-wyliczenie-emerytury-i-zamarla-2","status":"publish","type":"post","link":"https:\/\/www.europesays.com\/pl\/124894\/","title":{"rendered":"20 lat pracy w Niemczech. El\u017cbieta dosta\u0142a wyliczenie emerytury i zamar\u0142a"},"content":{"rendered":"<p class=\"Paragraph_desktopParagraph__U31Gm\">Wyje\u017cd\u017caj\u0105c z Mys\u0142owic, El\u017cbieta mia\u0142a 41 lat i poczucie, \u017ce dalsze \u017cycie w Polsce b\u0119dzie dla niej zwyczajnie za trudne. Po \u015bmierci m\u0119\u017ca zosta\u0142a sama z kredytem, dw\u00f3jk\u0105 dorastaj\u0105cych dzieci i pensj\u0105, kt\u00f3ra nie dawa\u0142a realnej szansy na utrzymanie domu. O kursach j\u0119zykowych dla dzieci, czy zaj\u0119ciach dodatkowych mog\u0142a jedynie marzy\u0107. Pracowa\u0142a wtedy w piekarni.<\/p>\n<p class=\"Paragraph_desktopParagraph__U31Gm\">\u2014 To by\u0142 moment, w kt\u00f3rym musia\u0142am zdecydowa\u0107, jak dalej \u017cy\u0107. W Polsce nie dawa\u0142am rady \u2014 opowiada dzisiaj.<\/p>\n<ul class=\"OchatFollowUps_wrapper__1ry7X\">\n<li class=\"OchatFollowUps_item__Dhyly OchatFollowUps_itemDesktop__R6aBv\">Ile wynosi emerytura Pani El\u017cbiety?<\/li>\n<li class=\"OchatFollowUps_item__Dhyly OchatFollowUps_itemDesktop__R6aBv\">Jak d\u0142ugo Pani El\u017cbieta mieszka\u0142a w Niemczech?<\/li>\n<li class=\"OchatFollowUps_item__Dhyly OchatFollowUps_itemDesktop__R6aBv\">Dlaczego Pani El\u017cbieta zdecydowa\u0142a si\u0119 wyjecha\u0107 do Niemiec?<\/li>\n<li class=\"OchatFollowUps_item__Dhyly OchatFollowUps_itemDesktop__R6aBv\">Czym zajmowa\u0142a si\u0119 Pani El\u017cbieta w Niemczech?<\/li>\n<\/ul>\n<p class=\"Paragraph_desktopParagraph__U31Gm\">W 2005 r. wyjecha\u0142a do Niemiec, do pracy jako opiekunka os\u00f3b starszych. Mia\u0142 to by\u0107 wyjazd na kilka miesi\u0119cy. Ostatecznie zosta\u0142a tam dwie dekady, dziel\u0105c \u017cycie na dwa domy: niemieckie wille swoich podopiecznych i mieszkanie w bloku z lat 60., gdzie pod opiek\u0105 jej mamy zosta\u0142y nastoletnie dzieci Eli.<\/p>\n<p>Wyobra\u017cenia bliskich a rzeczywisto\u015b\u0107 <\/p>\n<p class=\"Paragraph_desktopParagraph__U31Gm\">Ju\u017c po trzech miesi\u0105cach sytuacja finansowa Eli poprawi\u0142a si\u0119 do tego stopnia, \u017ce jej rodzina i znajomi szybko zacz\u0119li traktowa\u0107 jej wyjazd jak awans spo\u0142eczny. Zacz\u0119\u0142y pojawia\u0107 si\u0119 sugestie, \u017ce &#8222;tam si\u0119 zarabia inaczej&#8221; i &#8222;w Niemczech musi \u017cy\u0107 jak kr\u00f3lowa&#8221;.<\/p>\n<p class=\"Paragraph_desktopParagraph__U31Gm\">\u2014 W rozmowach coraz cz\u0119\u015bciej s\u0142ysza\u0142am: &#8222;ty tam masz dobrze&#8221;, &#8222;tobie \u0142atwiej&#8221;. Albo wprost: &#8222;mo\u017cesz po\u017cyczy\u0107?&#8221; \u2014 wspomina.<\/p>\n<p class=\"Paragraph_desktopParagraph__U31Gm\">Przez lata ze strony bliskich pojawia\u0142y si\u0119 pro\u015bby o pieni\u0105dze i przekonanie, \u017ce niemieckie zarobki automatycznie oznaczaj\u0105 oszcz\u0119dno\u015bci i dostatek. Pani El\u017cbieta nie t\u0142umaczy\u0142a, \u017ce jej praca by\u0142a ca\u0142odobowa, \u017ce czasem spa\u0142a po trzy godziny, a wynagrodzenie nie by\u0142o tak wysokie, jak wyobra\u017cali sobie inni. O kosztach emocjonalnych nawet nie wspomina\u0142a. <\/p>\n<p class=\"Paragraph_desktopParagraph__U31Gm\">\u2014 Nikt nie pyta\u0142, jak wygl\u0105da moja codzienno\u015b\u0107. Widzieli &#8222;Niemcy&#8221;, wi\u0119c zak\u0142adali, \u017ce to \u017cycie w dobrobycie \u2014 t\u0142umaczy.<\/p>\n<p>Dwadzie\u015bcia lat opieki i pismo z niemieckiego urz\u0119du <\/p>\n<p class=\"Paragraph_desktopParagraph__U31Gm\">W 2025 r., maj\u0105c 61 lat, pani El\u017cbieta poprosi\u0142a o wyliczenie swojej przysz\u0142ej emerytury. Przez dwie dekady sumiennie odprowadza\u0142a sk\u0142adki. Nie spodziewa\u0142a si\u0119 fortuny, ale liczy\u0142a na poczucie bezpiecze\u0144stwa.<\/p>\n<p class=\"Paragraph_desktopParagraph__U31Gm\">Kiedy otrzyma\u0142a dokumenty z Deutsche Rentenversicherung, jak przyznaje, by\u0142a &#8222;mocno zaskoczona&#8221;. Wyliczenie opiewa\u0142o na 520\u2013600 euro miesi\u0119cznie. Tyle wynosi standardowy poziom \u015bwiadczenia dla os\u00f3b, kt\u00f3re przepracowa\u0142y w Niemczech oko\u0142o 20 lat i zarabia\u0142y na poziomie przeci\u0119tnej lub nieco poni\u017cej.<\/p>\n<p class=\"Paragraph_desktopParagraph__U31Gm\">\u2014 My\u015bla\u0142am, \u017ce to b\u0142\u0105d. Ludzie m\u00f3wili, \u017ce w Niemczech emeryci \u017cyj\u0105 jak w reklamach. Ale \u017ceby otrzyma\u0107 te &#8222;niemieckie luksusy&#8221;, trzeba pracowa\u0107 dwa razy d\u0142u\u017cej ni\u017c ja \u2014 opowiada.<\/p>\n<p class=\"Paragraph_desktopParagraph__U31Gm\">Dla por\u00f3wnania: \u015brednia niemiecka emerytura przy pe\u0142nym sta\u017cu to ok. 1800 euro brutto. Pani El\u017cbieta ma jedn\u0105 trzeci\u0105 tej kwoty.<\/p>\n<p>Niemiecka emerytura w praktyce <\/p>\n<p class=\"Paragraph_desktopParagraph__U31Gm\">Kwota 520\u2013600 euro nie pozwala na samodzielne \u017cycie w du\u017cym niemieckim mie\u015bcie. W ma\u0142ych miasteczkach \u2014 tylko bardzo skromne. Mieszkanie, ubezpieczenie zdrowotne i podstawowe wydatki poch\u0142on\u0119\u0142yby wi\u0119kszo\u015b\u0107 \u015bwiadczenia.<\/p>\n<p class=\"Paragraph_desktopParagraph__U31Gm\">\u2014 W Niemczech nie utrzyma\u0142abym si\u0119 sama. To by\u0142 moment, w kt\u00f3rym zacz\u0119\u0142am powa\u017cnie my\u015ble\u0107 o powrocie na sta\u0142e do Polski \u2014 t\u0142umaczy.<\/p>\n<p class=\"Paragraph_desktopParagraph__U31Gm\">Ta decyzja, cho\u0107 trudna, zacz\u0119\u0142a wydawa\u0107 si\u0119 najbardziej logiczna. W Polsce koszty \u017cycia s\u0105 ni\u017csze, a El\u017cbieta ma wielu znajomych oraz rodzin\u0119.<\/p>\n<p class=\"Paragraph_desktopParagraph__U31Gm\">\u2014 Wiem, \u017ce z t\u0105 emerytur\u0105 spokojniej b\u0119dzie mi w Mys\u0142owicach. Tam przynajmniej nikt nie oczekuje, \u017ce mam pe\u0142ne szafy euro \u2014 u\u015bmiecha si\u0119.<\/p>\n<p class=\"Paragraph_desktopParagraph__U31Gm\">Historia El\u017cbiety nie jest wyj\u0105tkiem. Wiele Polek, kt\u00f3re wyjecha\u0142y jako opiekunki czy pracownice fizyczne, liczy\u0142o, \u017ce lata sp\u0119dzone w Niemczech zapewni\u0105 im stabiln\u0105 staro\u015b\u0107. Jednak system emerytalny dzia\u0142a bardzo precyzyjnie: kto nie pracowa\u0142 kilkudziesi\u0119ciu lat i nie zarabia\u0142 na wysokim poziomie, nie otrzyma tam wysokiego \u015bwiadczenia.<\/p>\n<p class=\"Paragraph_desktopParagraph__U31Gm\">\u2014 Wyjazd by\u0142 konieczno\u015bci\u0105, ale emerytura nie jest taka, jak wszyscy my\u015bleli. To raczej dodatek, a nie zabezpieczenie \u2014 wzdycha El\u017cbieta.<\/p>\n<p>&#8222;Wracam do domu&#8221; <\/p>\n<p class=\"Paragraph_desktopParagraph__U31Gm\">Ela planuje powr\u00f3t do Mys\u0142owic. Szuka ma\u0142ego mieszkania, przegl\u0105da og\u0142oszenia. Po latach pracy w obcym kraju chce wreszcie odpocz\u0105\u0107.<\/p>\n<p class=\"Paragraph_desktopParagraph__U31Gm\">\u2014 Chcia\u0142abym po prostu spokojnie \u017cy\u0107. Bez udawania, \u017ce mam wi\u0119cej, ni\u017c mam. Bez oczekiwa\u0144 innych. Po swojemu. Czekam na narodziny pierwszego wnuka, chc\u0119 wreszcie cieszy\u0107 si\u0119 \u017cyciem \u2014 t\u0142umaczy.<\/p>\n<p class=\"Paragraph_desktopParagraph__U31Gm\">Jej historia pokazuje jedno: emigracja nie musi oznacza\u0107 finansowej rewolucji. A &#8222;niemiecka emerytura&#8221; po 20 latach to nie mit o bogactwie, tylko realna, skromna kwota, kt\u00f3ra w Polsce mo\u017ce da\u0107 bezpiecze\u0144stwo \u2014 ale w Niemczech nie wystarcza na wiele.<\/p>\n","protected":false},"excerpt":{"rendered":"Wyje\u017cd\u017caj\u0105c z Mys\u0142owic, El\u017cbieta mia\u0142a 41 lat i poczucie, \u017ce dalsze \u017cycie w Polsce b\u0119dzie dla niej zwyczajnie&hellip;\n","protected":false},"author":2,"featured_media":124895,"comment_status":"","ping_status":"","sticky":false,"template":"","format":"standard","meta":{"footnotes":""},"categories":[12],"tags":[32,33,12014,4287,36,37,27,34,35,28,31,53,25,773,52,68,51,55,42,38,40,39,41,47,196,29,30,50,26],"class_list":{"0":"post-124894","1":"post","2":"type-post","3":"status-publish","4":"format-standard","5":"has-post-thumbnail","7":"category-polska","8":"tag-breaking-news","9":"tag-breakingnews","10":"tag-emeryci_emeryt_emerytka_emerytki","11":"tag-emerytury","12":"tag-featured-news","13":"tag-featurednews","14":"tag-headlines","15":"tag-latest-news","16":"tag-latestnews","17":"tag-naglowki","18":"tag-najwazniejsze-artykuly","19":"tag-new_header","20":"tag-news","21":"tag-niemcy_rfn_republika_federalna_niemiec","22":"tag-onet3","23":"tag-onet3d","24":"tag-onet3d_2i","25":"tag-phx","26":"tag-pl","27":"tag-poland","28":"tag-polish","29":"tag-polska","30":"tag-polski","31":"tag-screening_general","32":"tag-styl_zycia","33":"tag-top-stories","34":"tag-topstories","35":"tag-v2021","36":"tag-wiadomosci"},"share_on_mastodon":{"url":"https:\/\/pubeurope.com\/@pl\/115634987648556246","error":""},"_links":{"self":[{"href":"https:\/\/www.europesays.com\/pl\/wp-json\/wp\/v2\/posts\/124894","targetHints":{"allow":["GET"]}}],"collection":[{"href":"https:\/\/www.europesays.com\/pl\/wp-json\/wp\/v2\/posts"}],"about":[{"href":"https:\/\/www.europesays.com\/pl\/wp-json\/wp\/v2\/types\/post"}],"author":[{"embeddable":true,"href":"https:\/\/www.europesays.com\/pl\/wp-json\/wp\/v2\/users\/2"}],"replies":[{"embeddable":true,"href":"https:\/\/www.europesays.com\/pl\/wp-json\/wp\/v2\/comments?post=124894"}],"version-history":[{"count":0,"href":"https:\/\/www.europesays.com\/pl\/wp-json\/wp\/v2\/posts\/124894\/revisions"}],"wp:featuredmedia":[{"embeddable":true,"href":"https:\/\/www.europesays.com\/pl\/wp-json\/wp\/v2\/media\/124895"}],"wp:attachment":[{"href":"https:\/\/www.europesays.com\/pl\/wp-json\/wp\/v2\/media?parent=124894"}],"wp:term":[{"taxonomy":"category","embeddable":true,"href":"https:\/\/www.europesays.com\/pl\/wp-json\/wp\/v2\/categories?post=124894"},{"taxonomy":"post_tag","embeddable":true,"href":"https:\/\/www.europesays.com\/pl\/wp-json\/wp\/v2\/tags?post=124894"}],"curies":[{"name":"wp","href":"https:\/\/api.w.org\/{rel}","templated":true}]}}