{"id":124915,"date":"2025-11-29T21:09:09","date_gmt":"2025-11-29T21:09:09","guid":{"rendered":"https:\/\/www.europesays.com\/pl\/124915\/"},"modified":"2025-11-29T21:09:09","modified_gmt":"2025-11-29T21:09:09","slug":"wenezuela-oburzona-wpisem-donalda-trumpa-kolonialne-zagrozenie","status":"publish","type":"post","link":"https:\/\/www.europesays.com\/pl\/124915\/","title":{"rendered":"Wenezuela oburzona wpisem Donalda Trumpa. &#8222;Kolonialne zagro\u017cenie&#8221;"},"content":{"rendered":"<p class=\"Paragraph_desktopParagraph__U31Gm\">&#8222;Do wszystkich linii lotniczych, pilot\u00f3w, handlarzy narkotyk\u00f3w i handlarzy lud\u017ami: prosz\u0119, uznajcie przestrze\u0144 powietrzn\u0105 nad Wenezuel\u0105 i wok\u00f3\u0142 niej za zamkni\u0119t\u0105 w ca\u0142o\u015bci. Dzi\u0119kuj\u0119 za uwag\u0119!&#8221; \u2014 <a href=\"https:\/\/wiadomosci.onet.pl\/swiat\/donald-trump-z-nowa-decyzja-w-sprawie-wenezueli-dziekuje-za-uwage\/vbpjg7c\" id=\"c8e3799e-fa7a-4e9b-b1ba-b7cd43cdd003\" rel=\"nofollow noopener\" target=\"_blank\">napisa\u0142 w sobot\u0119 prezydent USA Donald Trump na swoim portalu spo\u0142eczno\u015bciowym Truth Social.<\/a><\/p>\n<p class=\"VideoPlayerText_videoPlayerText__iDwyz\">Dalszy ci\u0105g materia\u0142u pod wideo<\/p>\n<p class=\"Paragraph_desktopParagraph__U31Gm\">Rz\u0105d Wenezueli przyj\u0105\u0142 te s\u0142owa z oburzeniem, podkre\u015blaj\u0105c, \u017ce jest to &#8222;kolonialne zagro\u017cenie&#8221; suwerenno\u015bci oraz naruszenie prawa mi\u0119dzynarodowego. Domaga si\u0119 r\u00f3wnie\u017c poszanowania przestrzeni powietrznej kraju. W o\u015bwiadczeniu zaznaczono, \u017ce Wenezuela nie b\u0119dzie akceptowa\u0142a rozkaz\u00f3w ani gr\u00f3\u017ab ze strony innych pa\u0144stw.<\/p>\n<ul class=\"OchatFollowUps_wrapper__1ry7X\">\n<li class=\"OchatFollowUps_item__Dhyly OchatFollowUps_itemDesktop__R6aBv\">Jakie kontrowersyjne s\u0142owa wypowiedzia\u0142 Donald Trump na temat Wenezueli?<\/li>\n<li class=\"OchatFollowUps_item__Dhyly OchatFollowUps_itemDesktop__R6aBv\">Jak zareagowa\u0142 rz\u0105d Wenezueli na wpis Trumpa?<\/li>\n<li class=\"OchatFollowUps_item__Dhyly OchatFollowUps_itemDesktop__R6aBv\">Co zawiera\u0142o ostrze\u017cenie wydane przez FAA?<\/li>\n<li class=\"OchatFollowUps_item__Dhyly OchatFollowUps_itemDesktop__R6aBv\">Jakie sugerowane dzia\u0142ania wzgl\u0119dem Wenezueli omawia\u0142 Trump?<\/li>\n<\/ul>\n<p class=\"Paragraph_desktopParagraph__U31Gm\">Wenezuelski rz\u0105d przekaza\u0142 r\u00f3wnie\u017c, \u017ce w zwi\u0105zku ze s\u0142owami Trumpa &#8222;jednostronnie zawiesza&#8221; loty deportacyjne dla migrant\u00f3w.<\/p>\n<p class=\"Paragraph_desktopParagraph__U31Gm\">Ostrze\u017cenie (NOTAM) do samolot\u00f3w lec\u0105cych nad Wenezuel\u0105 wyda\u0142a ju\u017c tydzie\u0144 wcze\u015bniej Federalna Administracja Lotnictwa (FAA). Poleci\u0142a w\u00f3wczas lotnikom &#8222;ostro\u017cno\u015b\u0107&#8221; podczas lot\u00f3w przez region obejmuj\u0105cy Wenezuel\u0119 i cz\u0119\u015b\u0107 Morza Karaibskiego na wszystkich pu\u0142apach ze wzgl\u0119du na &#8222;pogarszaj\u0105cy si\u0119 stan bezpiecze\u0144stwa i zwi\u0119kszon\u0105 aktywno\u015b\u0107 wojskow\u0105 w i wok\u00f3\u0142 Wenezueli&#8221;. Jako oficjalny pow\u00f3d podano w\u00f3wczas wenezuelskie \u0107wiczenia wojskowe i zak\u0142\u00f3canie system\u00f3w nawigacyjnych.<\/p>\n<p>Napi\u0119cia pomi\u0119dzy USA a Wenezuel\u0105. Gro\u017aby interwencji wojskowej <\/p>\n<p class=\"Paragraph_desktopParagraph__U31Gm\">Do og\u0142oszenia Trumpa dochodzi na tle wielokrotnych sugestii mo\u017cliwej interwencji wojskowej w tym kraju i uderze\u0144 w kartele narkotykowe. Podczas czwartkowego po\u0142\u0105czenia telefonicznego z \u017co\u0142nierzami z okazji \u015awi\u0119ta Dzi\u0119kczynienia Trump sugerowa\u0142, \u017ce uderzenia te wkr\u00f3tce si\u0119 rozpoczn\u0105.<\/p>\n<p class=\"Paragraph_desktopParagraph__U31Gm\">\u2014 W ostatnich tygodniach pracowali\u015bcie, by odstraszy\u0107 wenezuelskich handlarzy narkotykami, kt\u00f3rych jest wiele. Oczywi\u015bcie, nie ma ju\u017c zbyt wielu, kt\u00f3rzy przybywaj\u0105 morzem \u2014 m\u00f3wi\u0142 Trump, odnosz\u0105c si\u0119 do kampanii atak\u00f3w na \u0142odzie podejrzane o przew\u00f3z narkotyk\u00f3w. \u2014 Pewnie zauwa\u017cyli\u015bcie, \u017ce ludzie nie chc\u0105 dostarcza\u0107 morzem i ju\u017c wkr\u00f3tce zaczniemy zatrzymywa\u0107 ich te\u017c na l\u0105dzie \u2014 doda\u0142.<\/p>\n<p class=\"Paragraph_desktopParagraph__U31Gm\">Wed\u0142ug &#8222;New York Timesa&#8221; Trump rozmawia\u0142 w ostatnich dniach telefonicznie z przyw\u00f3dc\u0105 kraju Nicolasem Maduro, kt\u00f3rego rz\u0105dy Waszyngton i wiele pa\u0144stw zachodnich uwa\u017ca za nielegalne.<\/p>\n<p class=\"Paragraph_desktopParagraph__U31Gm\">Wed\u0142ug dziennika podczas rozmowy om\u00f3wiono potencjalne spotkanie lider\u00f3w w USA, lecz nie poczyniono \u017cadnych konkretnych plan\u00f3w. W rozmowie mia\u0142 uczestniczy\u0107 r\u00f3wnie\u017c sekretarz stanu USA Marco Rubio, uwa\u017cany za g\u0142\u00f3wnego or\u0119downika atak\u00f3w na Wenezuel\u0119.<\/p>\n<p class=\"Paragraph_desktopParagraph__U31Gm\">Do rozmowy dosz\u0142o pod koniec tygodnia, kilka dni przed wej\u015bciem w \u017cycie decyzji Departamentu Stanu USA o uznaniu wenezuelskiego Cartel de los Soles (Kartelu S\u0142o\u0144c) za organizacj\u0119 terrorystyczn\u0105. Wed\u0142ug w\u0142adz w Waszyngtonie jego cz\u0142onkami s\u0105 m.in. wysocy rang\u0105 urz\u0119dnicy wenezuelskich w\u0142adz, a na czele grupy ma sta\u0107 przyw\u00f3dca kraju Maduro. Ju\u017c w 2020 r. ameryka\u0144ska prokuratura og\u0142osi\u0142a formalne zarzuty przeciwko Maduro w tej sprawie.<\/p>\n<p class=\"Paragraph_desktopParagraph__U31Gm\">Caracas kategorycznie zaprzecza tym zarzutom i twierdzi, \u017ce oskar\u017cenia o udzia\u0142 w handlu narkotykami s\u0105 pretekstem do si\u0142owej zmiany w\u0142adzy w Wenezueli i przej\u0119cia kontroli nad wenezuelskimi z\u0142o\u017cami ropy naftowej.<\/p>\n","protected":false},"excerpt":{"rendered":"&#8222;Do wszystkich linii lotniczych, pilot\u00f3w, handlarzy narkotyk\u00f3w i handlarzy lud\u017ami: prosz\u0119, uznajcie przestrze\u0144 powietrzn\u0105 nad Wenezuel\u0105 i wok\u00f3\u0142&hellip;\n","protected":false},"author":2,"featured_media":124916,"comment_status":"","ping_status":"","sticky":false,"template":"","format":"standard","meta":{"footnotes":""},"categories":[14],"tags":[32,33,58,27,67,34,35,28,31,53,25,52,68,51,55,40,41,47,59,80,29,30,50,3063,26,82,83,84],"class_list":{"0":"post-124915","1":"post","2":"type-post","3":"status-publish","4":"format-standard","5":"has-post-thumbnail","7":"category-swiat","8":"tag-breaking-news","9":"tag-breakingnews","10":"tag-donald_trump_prezydent_usa","11":"tag-headlines","12":"tag-intextvideo_splayer","13":"tag-latest-news","14":"tag-latestnews","15":"tag-naglowki","16":"tag-najwazniejsze-artykuly","17":"tag-new_header","18":"tag-news","19":"tag-onet3","20":"tag-onet3d","21":"tag-onet3d_2i","22":"tag-phx","23":"tag-polish","24":"tag-polski","25":"tag-screening_general","26":"tag-stany_zjednoczone_usa","27":"tag-swiat","28":"tag-top-stories","29":"tag-topstories","30":"tag-v2021","31":"tag-wenezuela_kraj","32":"tag-wiadomosci","33":"tag-world","34":"tag-world-news","35":"tag-worldnews"},"share_on_mastodon":{"url":"https:\/\/pubeurope.com\/@pl\/115635038738098791","error":""},"_links":{"self":[{"href":"https:\/\/www.europesays.com\/pl\/wp-json\/wp\/v2\/posts\/124915","targetHints":{"allow":["GET"]}}],"collection":[{"href":"https:\/\/www.europesays.com\/pl\/wp-json\/wp\/v2\/posts"}],"about":[{"href":"https:\/\/www.europesays.com\/pl\/wp-json\/wp\/v2\/types\/post"}],"author":[{"embeddable":true,"href":"https:\/\/www.europesays.com\/pl\/wp-json\/wp\/v2\/users\/2"}],"replies":[{"embeddable":true,"href":"https:\/\/www.europesays.com\/pl\/wp-json\/wp\/v2\/comments?post=124915"}],"version-history":[{"count":0,"href":"https:\/\/www.europesays.com\/pl\/wp-json\/wp\/v2\/posts\/124915\/revisions"}],"wp:featuredmedia":[{"embeddable":true,"href":"https:\/\/www.europesays.com\/pl\/wp-json\/wp\/v2\/media\/124916"}],"wp:attachment":[{"href":"https:\/\/www.europesays.com\/pl\/wp-json\/wp\/v2\/media?parent=124915"}],"wp:term":[{"taxonomy":"category","embeddable":true,"href":"https:\/\/www.europesays.com\/pl\/wp-json\/wp\/v2\/categories?post=124915"},{"taxonomy":"post_tag","embeddable":true,"href":"https:\/\/www.europesays.com\/pl\/wp-json\/wp\/v2\/tags?post=124915"}],"curies":[{"name":"wp","href":"https:\/\/api.w.org\/{rel}","templated":true}]}}