{"id":124925,"date":"2025-11-29T21:17:07","date_gmt":"2025-11-29T21:17:07","guid":{"rendered":"https:\/\/www.europesays.com\/pl\/124925\/"},"modified":"2025-11-29T21:17:07","modified_gmt":"2025-11-29T21:17:07","slug":"totalny-paraliz-w-centrum-warszawy-od-40-min-stoje-w-korku-na-parkingu-onet","status":"publish","type":"post","link":"https:\/\/www.europesays.com\/pl\/124925\/","title":{"rendered":"Totalny parali\u017c w centrum Warszawy. &quot;Od 40 min stoj\u0119 w korku na parkingu&quot; &#8211; Onet"},"content":{"rendered":"<ol>\n<li><a href=\"https:\/\/news.google.com\/rss\/articles\/CBMiyAFBVV95cUxOczFjU1FXanFwTFZkUGhrV1N3LUpmc0JBY19qUXZENmVQQXVGcjdLSm5WRlZPSW9JV084bWNlZU9QVXlzUU5uWS1wTmktV3NKTlY4UTVtMkJlM0tJU3V2WUhJN3hBdHNPMG8tOFNKV1N6bVF6aHVrcjVoRVFTWE11N2dWRVZsYy1oVFJoRDQ4NW9TOGdzTjBVNHd5aXZnQ0lNWUh4bDV5cnJOS3k4MFRkeG1mVDVMemVBRmtUYVFpRksxek1waDZrVQ?oc=5\" target=\"_blank\" rel=\"nofollow noopener\">Totalny parali\u017c w centrum Warszawy. &#8222;Od 40 min stoj\u0119 w korku na parkingu&#8221;<\/a>&nbsp;&nbsp;Onet<\/li>\n<li><a href=\"https:\/\/news.google.com\/rss\/articles\/CBMi0AFBVV95cUxPQ0dzRmYtdGZuQ1F6LWVzSnZxeEVrN1ZhZldia3pleGxNbHlMa1dzVkU4SXd2c0JpT241Zmt4NE5wcFZGdnVaU2RrOTh1R1VnMC1pVTQxVzVfaldjWGp0d013d1dNZkl5czFMWWpORjRtMnZzMWo0d1VfWXlWVlU0ODBvYVFzblZkb195LXZWczR2MmFpMkZ2T2FaZDVxT0NUQ254S1VzelNmNjFvSDh1N1pPdFRnemR1Wks4akF2QmpkUWZNSmEtVnpGQlZJMDVF?oc=5\" target=\"_blank\" rel=\"nofollow noopener\">By\u0142am na Jarmarku Warszawskim. Klient obok wyrzuci\u0142 swoje zam\u00f3wienie do kosza<\/a>&nbsp;&nbsp;Onet<\/li>\n<li><a href=\"https:\/\/news.google.com\/rss\/articles\/CBMikwFBVV95cUxPZDgxSVFBLXRNS0s1clViMnNOcDQ1VTRvTWJIMVM0TjExZnR1Z0syVUx6NE1uc19tRWpSYXBQOGxyUkU3RVpLT0xjdVdNWXRwTjJUYkVnQU1UWFZpTlJXYlNGbVhuRnpEMkZTVlEzTzdJdXFLaXRJWFByZ0FJUGt3aElJX3c3cE1fa1I0VEZBb1JTZEk?oc=5\" target=\"_blank\" rel=\"nofollow noopener\">&#8222;Mamy te\u017c we Wroc\u0142awiu pi\u0119kny jarmark, ale nie taki&#8221;<\/a>&nbsp;&nbsp;TVN24<\/li>\n<li><a href=\"https:\/\/news.google.com\/rss\/articles\/CBMiwgFBVV95cUxQMmEyUlNUYmNhbzNCSGJjV2hkYzFNYlpoSkYtdlF3SzVfTzYzUGlvM3VocDdtQ05XdDN4SVJkdGZROFV3bnlOcXRIeUxKWkZLYVFXZllUcXByMDBfc2xicnNrbnpKckNkUWVOZVNVRTlGS3JXdkN1M1VxYkIwTm4wbVJ3MW5SRlBiX2o1bnNNSHdFX0JqVnNqdWtWcnltbnJCMVZlU1R4UWlUZFlWVW40Rk5JQUlwTTIyMVRza1ZCMFV0UQ?oc=5\" target=\"_blank\" rel=\"nofollow noopener\">Nie tylko diabelski m\u0142yn. Byli\u015bmy na Jarmarku Warszawskim pod Pa\u0142acem Kultury. Jest rozmach, a jak ceny?<\/a>&nbsp;&nbsp;Warszawa.Wyborcza.pl<\/li>\n<li><a href=\"https:\/\/news.google.com\/rss\/articles\/CBMimgFBVV95cUxQbU52SE4yM2JhR2lKV2lBNGRrb3JUQWZ6ZFEzbVBmb2pxNVZPM0ZFUjVHdXpsS3ZUc0t4RmJIWnlieGdvZDdqMEZIN2dudWJmVUg5YlB1WGdCV1RzTmc0cEMyd0FyVmhWOTUyOEJZeUFrMEdHckF3Z1hYN183U0tEa1ZDcVNEUnJDOWpZWjUtVk5OclpmblZDSWN3?oc=5\" target=\"_blank\" rel=\"nofollow noopener\">Tyle musisz mie\u0107, by bawi\u0107 si\u0119 na jarmarku. Podali kwoty<\/a>&nbsp;&nbsp;WP Finanse<\/li>\n<\/ol>\n","protected":false},"excerpt":{"rendered":"Totalny parali\u017c w centrum Warszawy. &#8222;Od 40 min stoj\u0119 w korku na parkingu&#8221;&nbsp;&nbsp;Onet By\u0142am na Jarmarku Warszawskim. Klient&hellip;\n","protected":false},"author":2,"featured_media":124926,"comment_status":"","ping_status":"","sticky":false,"template":"","format":"standard","meta":{"footnotes":""},"categories":[12],"tags":[24305,32,33,36,37,27,20186,8971,34,35,28,31,53,25,52,68,51,55,42,38,40,39,41,47,196,29,30,50,424,26],"class_list":{"0":"post-124925","1":"post","2":"type-post","3":"status-publish","4":"format-standard","5":"has-post-thumbnail","7":"category-polska","8":"tag-black_friday","9":"tag-breaking-news","10":"tag-breakingnews","11":"tag-featured-news","12":"tag-featurednews","13":"tag-headlines","14":"tag-jarmark","15":"tag-korki","16":"tag-latest-news","17":"tag-latestnews","18":"tag-naglowki","19":"tag-najwazniejsze-artykuly","20":"tag-new_header","21":"tag-news","22":"tag-onet3","23":"tag-onet3d","24":"tag-onet3d_2i","25":"tag-phx","26":"tag-pl","27":"tag-poland","28":"tag-polish","29":"tag-polska","30":"tag-polski","31":"tag-screening_general","32":"tag-styl_zycia","33":"tag-top-stories","34":"tag-topstories","35":"tag-v2021","36":"tag-warszawa_miasto","37":"tag-wiadomosci"},"share_on_mastodon":{"url":"https:\/\/pubeurope.com\/@pl\/115635070295864630","error":""},"_links":{"self":[{"href":"https:\/\/www.europesays.com\/pl\/wp-json\/wp\/v2\/posts\/124925","targetHints":{"allow":["GET"]}}],"collection":[{"href":"https:\/\/www.europesays.com\/pl\/wp-json\/wp\/v2\/posts"}],"about":[{"href":"https:\/\/www.europesays.com\/pl\/wp-json\/wp\/v2\/types\/post"}],"author":[{"embeddable":true,"href":"https:\/\/www.europesays.com\/pl\/wp-json\/wp\/v2\/users\/2"}],"replies":[{"embeddable":true,"href":"https:\/\/www.europesays.com\/pl\/wp-json\/wp\/v2\/comments?post=124925"}],"version-history":[{"count":0,"href":"https:\/\/www.europesays.com\/pl\/wp-json\/wp\/v2\/posts\/124925\/revisions"}],"wp:featuredmedia":[{"embeddable":true,"href":"https:\/\/www.europesays.com\/pl\/wp-json\/wp\/v2\/media\/124926"}],"wp:attachment":[{"href":"https:\/\/www.europesays.com\/pl\/wp-json\/wp\/v2\/media?parent=124925"}],"wp:term":[{"taxonomy":"category","embeddable":true,"href":"https:\/\/www.europesays.com\/pl\/wp-json\/wp\/v2\/categories?post=124925"},{"taxonomy":"post_tag","embeddable":true,"href":"https:\/\/www.europesays.com\/pl\/wp-json\/wp\/v2\/tags?post=124925"}],"curies":[{"name":"wp","href":"https:\/\/api.w.org\/{rel}","templated":true}]}}