{"id":124927,"date":"2025-11-29T21:18:10","date_gmt":"2025-11-29T21:18:10","guid":{"rendered":"https:\/\/www.europesays.com\/pl\/124927\/"},"modified":"2025-11-29T21:18:10","modified_gmt":"2025-11-29T21:18:10","slug":"co-tam-sie-dzieje-czwarte-zloto-dla-polski","status":"publish","type":"post","link":"https:\/\/www.europesays.com\/pl\/124927\/","title":{"rendered":"Co tam si\u0119 dzieje? Czwarte z\u0142oto dla Polski"},"content":{"rendered":"\n<p class=\"contentpart contentpart--default contentpart--text\" data-position=\"0\"><a href=\"https:\/\/sportowefakty.wp.pl\/boks-amatorski\/emilia-koterska\" rel=\"nofollow noopener\" target=\"_blank\">Emilia Koterska<\/a>\u00a0to jedna z zawodniczek, kt\u00f3ra w poprzednich dniach dostarczy\u0142a nam sporo rado\u015bci. Polka podczas mistrzostw Europy U-23 w Budapeszcie odnios\u0142a dwa zwyci\u0119stwa, melduj\u0105c si\u0119 w finale kategorii do 80 kg. Tam w sobot\u0119 zmierzy\u0142a si\u0119 z Ukraink\u0105 Iryn\u0105 Lutsak.<\/p>\n<p class=\"contentpart contentpart--default contentpart--text\" data-position=\"1\">Polka rozpocz\u0119\u0142a bardzo ofensywnie, nieco zaskakuj\u0105c przeciwniczk\u0119. Ukrainka stara\u0142a si\u0119 wyprowadza\u0107 swoje ciosy, ale szybko napotyka\u0142a na kontry ze strony 19-latki. Nie dziwi wi\u0119c, \u017ce pierwsza runda w opinii wszystkich s\u0119dzi\u00f3w nale\u017ca\u0142a do naszej pi\u0119\u015bciarki.<\/p>\n<p> <img role=\"presentation\" src=\"https:\/\/std.wpcdn.pl\/images\/adv\/placeholder_wp.svg\" loading=\"lazy\" alt=\"\" decoding=\"async\"\/>  <\/p>\n<p class=\"contentpart contentpart--default contentpart--text\" data-position=\"2\">ZOBACZ WIDEO: Hit z udzia\u0142em Polaka? Jest na &#8222;tak&#8221;, ale stawia jeden warunek<\/p>\n<p class=\"contentpart contentpart--default contentpart--text\" data-position=\"4\">Rywalizacja w kolejnej cz\u0119\u015bci si\u0119 zaostrzy\u0142a. Do\u015b\u0107 stwierdzi\u0107, \u017ce po jednym z cios\u00f3w Lutsak nos Polki zacz\u0105\u0142 krwawi\u0107. To nie przeszkodzi\u0142o jej jednak w przekonaniu do siebie czterech s\u0119dzi\u00f3w.<\/p>\n<p class=\"contentpart contentpart--default contentpart--text\" data-position=\"5\">Trzecia runda potwierdzi\u0142a tylko wy\u017cszo\u015b\u0107 Koterskiej w tej walce. Polak wygra\u0142a jednog\u0142o\u015bn\u0105 decyzj\u0105 s\u0119dzi\u00f3w i zosta\u0142a m\u0142odzie\u017cow\u0105 mistrzyni\u0105 Europy. Czterech s\u0119dzi\u00f3w przyzna\u0142o naszej pi\u0119\u015bciarce wygran\u0105 w stosunku 30:27, a jeden w stosunku 29:28.<\/p>\n<p class=\"contentpart contentpart--default contentpart--text\" data-position=\"6\">To kolejne znakomite informacje ze stolicy W\u0119gier. Wcze\u015bniej w sobot\u0119 swoje walki fina\u0142owe wygra\u0142y te\u017c bowiem <a href=\"https:\/\/sportowefakty.wp.pl\/boks\/julia-szeremeta\" rel=\"nofollow noopener\" target=\"_blank\">Julia Szeremeta<\/a>, <a href=\"https:\/\/sportowefakty.wp.pl\/boks-amatorski\/natalia-kuczewska\" rel=\"nofollow noopener\" target=\"_blank\">Natalia Kuczewska<\/a>\u00a0i <a href=\"https:\/\/sportowefakty.wp.pl\/boks-amatorski\/barbara-marcinkowska\" rel=\"nofollow noopener\" target=\"_blank\">Barbara Marcinkowska<\/a>. Tym samym w jednym dniu nasze panie wywalczy\u0142y cztery z\u0142ota m\u0142odzie\u017cowych mistrzostw Europy, co jest wielkim osi\u0105gni\u0119ciem.<\/p>\n","protected":false},"excerpt":{"rendered":"Emilia Koterska\u00a0to jedna z zawodniczek, kt\u00f3ra w poprzednich dniach dostarczy\u0142a nam sporo rado\u015bci. Polka podczas mistrzostw Europy U-23&hellip;\n","protected":false},"author":2,"featured_media":124928,"comment_status":"","ping_status":"","sticky":false,"template":"","format":"standard","meta":{"footnotes":""},"categories":[5],"tags":[2514,1840,32,33,16349,36,37,27,34,35,28,31,25,42,38,40,39,41,1256,29,30,26],"class_list":{"0":"post-124927","1":"post","2":"type-post","3":"status-publish","4":"format-standard","5":"has-post-thumbnail","7":"category-naglowki","8":"tag-boks","9":"tag-boks-olimpijski","10":"tag-breaking-news","11":"tag-breakingnews","12":"tag-emilia-koterska","13":"tag-featured-news","14":"tag-featurednews","15":"tag-headlines","16":"tag-latest-news","17":"tag-latestnews","18":"tag-naglowki","19":"tag-najwazniejsze-artykuly","20":"tag-news","21":"tag-pl","22":"tag-poland","23":"tag-polish","24":"tag-polska","25":"tag-polski","26":"tag-sporty-walki","27":"tag-top-stories","28":"tag-topstories","29":"tag-wiadomosci"},"share_on_mastodon":{"url":"https:\/\/pubeurope.com\/@pl\/115635074312519914","error":""},"_links":{"self":[{"href":"https:\/\/www.europesays.com\/pl\/wp-json\/wp\/v2\/posts\/124927","targetHints":{"allow":["GET"]}}],"collection":[{"href":"https:\/\/www.europesays.com\/pl\/wp-json\/wp\/v2\/posts"}],"about":[{"href":"https:\/\/www.europesays.com\/pl\/wp-json\/wp\/v2\/types\/post"}],"author":[{"embeddable":true,"href":"https:\/\/www.europesays.com\/pl\/wp-json\/wp\/v2\/users\/2"}],"replies":[{"embeddable":true,"href":"https:\/\/www.europesays.com\/pl\/wp-json\/wp\/v2\/comments?post=124927"}],"version-history":[{"count":0,"href":"https:\/\/www.europesays.com\/pl\/wp-json\/wp\/v2\/posts\/124927\/revisions"}],"wp:featuredmedia":[{"embeddable":true,"href":"https:\/\/www.europesays.com\/pl\/wp-json\/wp\/v2\/media\/124928"}],"wp:attachment":[{"href":"https:\/\/www.europesays.com\/pl\/wp-json\/wp\/v2\/media?parent=124927"}],"wp:term":[{"taxonomy":"category","embeddable":true,"href":"https:\/\/www.europesays.com\/pl\/wp-json\/wp\/v2\/categories?post=124927"},{"taxonomy":"post_tag","embeddable":true,"href":"https:\/\/www.europesays.com\/pl\/wp-json\/wp\/v2\/tags?post=124927"}],"curies":[{"name":"wp","href":"https:\/\/api.w.org\/{rel}","templated":true}]}}