{"id":124984,"date":"2025-11-29T22:22:11","date_gmt":"2025-11-29T22:22:11","guid":{"rendered":"https:\/\/www.europesays.com\/pl\/124984\/"},"modified":"2025-11-29T22:22:11","modified_gmt":"2025-11-29T22:22:11","slug":"mocny-powrot-gks-u-katowice-a-pogon-szczecin-jak-dzieci-we-mgle","status":"publish","type":"post","link":"https:\/\/www.europesays.com\/pl\/124984\/","title":{"rendered":"Mocny powr\u00f3t GKS-u Katowice. A Pogo\u0144 Szczecin jak dzieci we mgle"},"content":{"rendered":"\n<p class=\"contentpart contentpart--default contentpart--text\" data-position=\"0\"><a href=\"https:\/\/sportowefakty.wp.pl\/pilka-nozna\/gks-katowice\" rel=\"nofollow noopener\" target=\"_blank\">GKS Katowice<\/a>\u00a0powr\u00f3ci\u0142 z werw\u0105 do gry w <a href=\"https:\/\/sportowefakty.wp.pl\/pilka-nozna\/pko-ekstraklasa\" rel=\"nofollow noopener\" target=\"_blank\">PKO Ekstraklasie<\/a>\u00a0po 21 dniach przerwy. Wynika\u0142a ona najpierw z mecz\u00f3w reprezentacji, a nast\u0119pnie z zasypania \u015bniegiem boiska na stadionie <a href=\"https:\/\/sportowefakty.wp.pl\/pilka-nozna\/jagiellonia-bialystok\" rel=\"nofollow noopener\" target=\"_blank\">Jagiellonii Bia\u0142ystok<\/a>. Spotkanie zosta\u0142o odwo\u0142ane, a katowiczanie musieli wr\u00f3ci\u0107 do dom\u00f3w bez gry. Energi\u0119 kumulowali na domowe starcie przeciwko Portowcom.<\/p>\n<p class=\"contentpart contentpart--default contentpart--text\" data-position=\"1\"><a href=\"https:\/\/sportowefakty.wp.pl\/pilka-nozna\/pogon-szczecin\" rel=\"nofollow noopener\" target=\"_blank\">Pogo\u0144 Szczecin<\/a>\u00a0zagra\u0142a w poniedzia\u0142ek, a wygrana 5:1 z <a href=\"https:\/\/sportowefakty.wp.pl\/pilka-nozna\/zaglebie-lubin\" rel=\"nofollow noopener\" target=\"_blank\">KGHM Zag\u0142\u0119bie Lubin<\/a>\u00a0pozwoli\u0142a oddali\u0107 si\u0119 od miejsc spadkowych w tabeli. Na tym jednak sko\u0144czy\u0142a si\u0119 skuteczno\u015b\u0107 zawodnikom <a href=\"https:\/\/sportowefakty.wp.pl\/pilka-nozna\/thomas-thomasberg\" rel=\"nofollow noopener\" target=\"_blank\">Thomasa Thomasberga<\/a>, nic sobie nie zostawili na podr\u00f3\u017c do Katowic.<\/p>\n<p> <img role=\"presentation\" src=\"https:\/\/std.wpcdn.pl\/images\/adv\/placeholder_wp.svg\" loading=\"lazy\" alt=\"\" decoding=\"async\"\/>  <\/p>\n<p class=\"contentpart contentpart--default contentpart--text\" data-position=\"2\">Trener\u00a0zapowiada\u0142 brak du\u017cych eksperyment\u00f3w w sk\u0142adzie na mecz z GKS-em, ale wymieni\u0142 dw\u00f3ch pi\u0142karzy w obronie. Za pauzuj\u0105cego <a href=\"https:\/\/sportowefakty.wp.pl\/pilka-nozna\/danijel-loncar\" rel=\"nofollow noopener\" target=\"_blank\">Danijela Loncara<\/a>\u00a0gra\u0142 <a href=\"https:\/\/sportowefakty.wp.pl\/pilka-nozna\/marian-huja\" rel=\"nofollow noopener\" target=\"_blank\">Marian Huja<\/a>, a za <a href=\"https:\/\/sportowefakty.wp.pl\/pilka-nozna\/leonardo-koutris\" rel=\"nofollow noopener\" target=\"_blank\">Leonardo Koutrisa<\/a>\u00a0debiutant w jedenastce szczecinian <a href=\"https:\/\/sportowefakty.wp.pl\/pilka-nozna\/benjamin-mendy\" rel=\"nofollow noopener\" target=\"_blank\">Benjamin Mendy<\/a>.<\/p>\n<p class=\"contentpart contentpart--default contentpart--text\" data-position=\"3\">ZOBACZ WIDEO: #dziejesiewsporcie: Co oni zrobili! Niesamowity gol w \u00f3smej sekundzie<\/p>\n<p class=\"contentpart contentpart--default contentpart--text\" data-position=\"5\">Konfrontacja rozpocz\u0119\u0142a si\u0119 w g\u0119stej mgle, a drog\u0119 do bramki zobaczy\u0142 w niej GKS. I to ju\u017c w 7. minucie wyg\u0142odniali futbolu katowiczanie obj\u0119li prowadzenie 1:0. Wypieszczone do\u015brodkowanie <a href=\"https:\/\/sportowefakty.wp.pl\/pilka-nozna\/borja-galan\" rel=\"nofollow noopener\" target=\"_blank\">Borji Galana<\/a> polecia\u0142o mi\u0119dzy obro\u0144c\u00f3w Pogoni do <a href=\"https:\/\/sportowefakty.wp.pl\/pilka-nozna\/adam-zrelak\" rel=\"nofollow noopener\" target=\"_blank\">Adama Zrelaka<\/a>, kt\u00f3ry g\u0142\u00f3wkowa\u0142 w naro\u017cnik bramki obok osamotnionego <a href=\"https:\/\/sportowefakty.wp.pl\/pilka-nozna\/valentin-cojocaru\" rel=\"nofollow noopener\" target=\"_blank\">Valentina Cojocaru<\/a>. Nawalili <a href=\"https:\/\/sportowefakty.wp.pl\/pilka-nozna\/marian-huja\" rel=\"nofollow noopener\" target=\"_blank\">Marian Huja<\/a> i <a href=\"https:\/\/sportowefakty.wp.pl\/pilka-nozna\/dimitris-keramitsis\" rel=\"nofollow noopener\" target=\"_blank\">Dimitris Keramitsis<\/a>.<\/p>\n<p class=\"contentpart contentpart--default contentpart--text\" data-position=\"6\">Kilkana\u015bcie minut po stracie gola Pogo\u0144 otrz\u0105sn\u0119\u0142a si\u0119 i nacisn\u0119\u0142a na GKS. <a href=\"https:\/\/sportowefakty.wp.pl\/sam-greenwood\" rel=\"nofollow noopener\" target=\"_blank\">Sam Greenwood<\/a> odda\u0142 najgro\u017aniejsze uderzenie, ale poradzi\u0142 sobie na linii <a href=\"https:\/\/sportowefakty.wp.pl\/pilka-nozna\/rafal-straczek\" rel=\"nofollow noopener\" target=\"_blank\">Rafa\u0142 Str\u0105czek<\/a>. Drugoroczniak w elicie wycofa\u0142 si\u0119 i broni\u0142 rozs\u0105dnie. W 30. minucie tak\u017ce szcz\u0119\u015bliwie, poniewa\u017c <a href=\"https:\/\/sportowefakty.wp.pl\/pilka-nozna\/jan-bieganski\" rel=\"nofollow noopener\" target=\"_blank\">Jan Biega\u0144ski<\/a>\u00a0strzeli\u0142 w poprzeczk\u0119 po podaniu <a href=\"https:\/\/sportowefakty.wp.pl\/pilka-nozna\/kamil-grosicki\" rel=\"nofollow noopener\" target=\"_blank\">Kamila Grosickiego<\/a>.<\/p>\n<p> <img role=\"presentation\" src=\"https:\/\/std.wpcdn.pl\/images\/adv\/placeholder_wp.svg\" loading=\"lazy\" alt=\"\" decoding=\"async\"\/>  <\/p>\n<p class=\"contentpart contentpart--default contentpart--text\" data-position=\"7\">Skuteczno\u015b\u0107 pozosta\u0142a atutem GKS-u. Od 37. minuty prowadzi\u0142 2:0 dzi\u0119ki strza\u0142owi\u00a0<a href=\"https:\/\/sportowefakty.wp.pl\/pilka-nozna\/bartosz-nowak\" rel=\"nofollow noopener\" target=\"_blank\">Bartosza Nowaka<\/a>. Wa\u017cn\u0105 rol\u0119 w akcji bramkowej odegra\u0142 ponownie Adam Zrelak, kt\u00f3ry poradzi\u0142 sobie \u0142atwo z Dimitrisem Keramitsisem i w perfekcyjnym momencie uruchomi\u0142 podaniem kompana. Na koncie Adama Zrelaka by\u0142 gol oraz asysta.<\/p>\n<p class=\"contentpart contentpart--default contentpart--text\" data-position=\"8\">Na pocz\u0105tku drugiej po\u0142owy meczu by\u0142 fragment z licznymi strza\u0142ami z obu stron boiska. Ani Pogoni nie uda\u0142o si\u0119 podgrza\u0107 widowiska, ani GKS-owi zamkn\u0105\u0107 meczu. Trwa\u0142 taki stan zawieszenia bez olbrzymiej dramaturgii. Po przerwie nie pad\u0142a bramka, pi\u0142karze zajmowali si\u0119 sami sob\u0105, a kibice &#8211; kibicami. Na trybunach trwa\u0142 festiwal nieuprzejmo\u015bci.<\/p>\n<p class=\"contentpart contentpart--default contentpart--text\" data-position=\"9\">GKS rozegra kolejny mecz z Jagielloni\u0105 w pucharze. Przed ko\u0144cem roku\u00a0Pogo\u0144 podejmie Widzew w pucharze i <a href=\"https:\/\/sportowefakty.wp.pl\/pilka-nozna\/radomiak-radom\" rel=\"nofollow noopener\" target=\"_blank\">Radomiaka<\/a>\u00a0w lidze.<\/p>\n<p class=\"contentpart contentpart--default contentpart--text\" data-position=\"10\"><a href=\"https:\/\/sportowefakty.wp.pl\/pilka-nozna\/gks-katowice\" rel=\"nofollow noopener\" target=\"_blank\">GKS Katowice<\/a>\u00a0&#8211;\u00a0<a href=\"https:\/\/sportowefakty.wp.pl\/pilka-nozna\/pogon-szczecin\" rel=\"nofollow noopener\" target=\"_blank\">Pogo\u0144 Szczecin<\/a>\u00a02:0 (2:0)<br \/>1:0 &#8211; Adam Zrelak 7&#8242;<br \/>2:0 &#8211; Bartosz Nowak 37&#8242;<\/p>\n<p class=\"contentpart contentpart--default contentpart--text\" data-position=\"11\">Sk\u0142ady:<\/p>\n<p class=\"contentpart contentpart--default contentpart--text\" data-position=\"12\">GKS:\u00a0Rafa\u0142 Str\u0105czek &#8211; Marten Kuusk (12&#8242; Grzegorz Rogala), Arkadiusz J\u0119drych, Lukas Klemenz &#8211; Borja Galan, Mateusz Kowalczyk (46&#8242; Kacper \u0141ukasiak), Jesse Bosch, Alan Czerwi\u0144ski (87&#8242; Alan Br\u00f3d) &#8211; Bartosz Nowak, Eman Markovi\u0107 (64&#8242; Ilja Szkurin) &#8211; Adam Zrelak (64&#8242; Marcel W\u0119drychowski)<\/p>\n<p> <img role=\"presentation\" src=\"https:\/\/std.wpcdn.pl\/images\/adv\/placeholder_wp.svg\" loading=\"lazy\" alt=\"\" decoding=\"async\"\/>  <\/p>\n<p class=\"contentpart contentpart--default contentpart--text\" data-position=\"13\">Pogo\u0144:\u00a0Valentin Cojocaru &#8211; Linus Wahlqvist, Dimitris Keramitsis, Marian Huja, Benjamin Mendy (64&#8242; Leonardo Koutris) &#8211; Adrian Przyborek, Jan Biega\u0144ski (75&#8242; Jose Pozo), Fredrik Ulvestad, Sam Greenwood (46&#8242; Musa Juwara) &#8211; Rajmund Molnar (46&#8242; Paul Mukairu), Kamil Grosicki (70&#8242; Patryk Paryzek)<\/p>\n<p class=\"contentpart contentpart--default contentpart--text\" data-position=\"14\">S\u0119dzia: Sebastian Krasny (Krak\u00f3w)<\/p>\n<p class=\"contentpart contentpart--default contentpart--text\" data-position=\"15\">Widz\u00f3w:\u00a011369<\/p>\n<p class=\"contentpart contentpart--default contentpart--text\" data-position=\"16\">Tabela <a href=\"https:\/\/sportowefakty.wp.pl\/pilka-nozna\/pko-ekstraklasa\" rel=\"nofollow noopener\" target=\"_blank\">PKO Ekstraklasy<\/a>:<\/p>\n","protected":false},"excerpt":{"rendered":"GKS Katowice\u00a0powr\u00f3ci\u0142 z werw\u0105 do gry w PKO Ekstraklasie\u00a0po 21 dniach przerwy. Wynika\u0142a ona najpierw z mecz\u00f3w reprezentacji,&hellip;\n","protected":false},"author":2,"featured_media":124985,"comment_status":"","ping_status":"","sticky":false,"template":"","format":"standard","meta":{"footnotes":""},"categories":[24],"tags":[26621,2570,4320,269,1724,42,1111,38,40,39,41,127,126],"class_list":{"0":"post-124984","1":"post","2":"type-post","3":"status-publish","4":"format-standard","5":"has-post-thumbnail","7":"category-sport","8":"tag-arena-katowice","9":"tag-gks-katowice","10":"tag-katowice","11":"tag-pilka-nozna","12":"tag-pko-ekstraklasa","13":"tag-pl","14":"tag-pogon-szczecin","15":"tag-poland","16":"tag-polish","17":"tag-polska","18":"tag-polski","19":"tag-sport","20":"tag-sports"},"share_on_mastodon":{"url":"https:\/\/pubeurope.com\/@pl\/115635326236484120","error":""},"_links":{"self":[{"href":"https:\/\/www.europesays.com\/pl\/wp-json\/wp\/v2\/posts\/124984","targetHints":{"allow":["GET"]}}],"collection":[{"href":"https:\/\/www.europesays.com\/pl\/wp-json\/wp\/v2\/posts"}],"about":[{"href":"https:\/\/www.europesays.com\/pl\/wp-json\/wp\/v2\/types\/post"}],"author":[{"embeddable":true,"href":"https:\/\/www.europesays.com\/pl\/wp-json\/wp\/v2\/users\/2"}],"replies":[{"embeddable":true,"href":"https:\/\/www.europesays.com\/pl\/wp-json\/wp\/v2\/comments?post=124984"}],"version-history":[{"count":0,"href":"https:\/\/www.europesays.com\/pl\/wp-json\/wp\/v2\/posts\/124984\/revisions"}],"wp:featuredmedia":[{"embeddable":true,"href":"https:\/\/www.europesays.com\/pl\/wp-json\/wp\/v2\/media\/124985"}],"wp:attachment":[{"href":"https:\/\/www.europesays.com\/pl\/wp-json\/wp\/v2\/media?parent=124984"}],"wp:term":[{"taxonomy":"category","embeddable":true,"href":"https:\/\/www.europesays.com\/pl\/wp-json\/wp\/v2\/categories?post=124984"},{"taxonomy":"post_tag","embeddable":true,"href":"https:\/\/www.europesays.com\/pl\/wp-json\/wp\/v2\/tags?post=124984"}],"curies":[{"name":"wp","href":"https:\/\/api.w.org\/{rel}","templated":true}]}}