{"id":125111,"date":"2025-11-30T02:34:14","date_gmt":"2025-11-30T02:34:14","guid":{"rendered":"https:\/\/www.europesays.com\/pl\/125111\/"},"modified":"2025-11-30T02:34:14","modified_gmt":"2025-11-30T02:34:14","slug":"trudno-ale-fajnie-milicic-skomentowal-wygrana-i-sytuacje-w-kadrze","status":"publish","type":"post","link":"https:\/\/www.europesays.com\/pl\/125111\/","title":{"rendered":"Trudno, ale fajnie. Milici\u0107 skomentowa\u0142 wygran\u0105 i sytuacj\u0119 w kadrze"},"content":{"rendered":"\n<p class=\"contentpart contentpart--default contentpart--text\" data-position=\"0\">Bardzo wa\u017cna wygrana na pocz\u0105tek &#8222;Misji Katar&#8221;, jak nazwano walk\u0119 o wyjazd na koszykarski mundial do Dohy za dwa lata. W pi\u0105tek w Polsat Plus Arenie w Gdyni <a href=\"https:\/\/sportowefakty.wp.pl\/koszykowka\/reprezentacja-polski-mezczyzn\" rel=\"nofollow noopener\" target=\"_blank\">reprezentacja Polski<\/a>\u00a0pokona\u0142a Austri\u0119 90:78.<\/p>\n<p class=\"contentpart contentpart--default contentpart--text\" data-position=\"1\">&#8211; W trudnych momentach byli\u015bmy razem. Najwa\u017cniejsze, \u017ce wygrali\u015bmy pierwszy mecz u siebie &#8211; cieszy\u0142 si\u0119 po wygranym spotkaniu\u00a0<a href=\"https:\/\/sportowefakty.wp.pl\/koszykowka\/igor-milicic\" rel=\"nofollow noopener\" target=\"_blank\">Igor Milici\u0107<\/a>, trener Bia\u0142o-Czerwonych.<\/p>\n<p> <img role=\"presentation\" src=\"https:\/\/std.wpcdn.pl\/images\/adv\/placeholder_wp.svg\" loading=\"lazy\" alt=\"\" decoding=\"async\"\/>  <\/p>\n<p class=\"contentpart contentpart--default contentpart--text\" data-position=\"2\">ZOBACZ WIDEO: By\u0142a Miss Polski nadal zachwyca. W\u0142a\u015bnie odnios\u0142a sukces<\/p>\n<p class=\"contentpart contentpart--default contentpart--text\" data-position=\"4\">Trudnych moment\u00f3w nie brakowa\u0142o, bo pomimo faktu, \u017ce Polacy prowadzili ca\u0142y mecz, to rywale &#8211; trafiaj\u0105c 14 z 29 swoich rzut\u00f3w za trzy punkty &#8211; niemal do ko\u0144ca byli blisko.\u00a0<a href=\"https:\/\/sportowefakty.wp.pl\/koszykowka\/mateusz-ponitka\" rel=\"nofollow noopener\" target=\"_blank\">Mateusz Ponitka<\/a>\u00a0czy\u00a0<a href=\"https:\/\/sportowefakty.wp.pl\/koszykowka\/michal-sokolowski\" rel=\"nofollow noopener\" target=\"_blank\">Micha\u0142 Soko\u0142owski<\/a>\u00a0tradycyjnie jednak nie zawiedli, a wielki debiut zaliczy\u0142\u00a0<a href=\"https:\/\/sportowefakty.wp.pl\/koszykowka\/jerrick-harding\" rel=\"nofollow noopener\" target=\"_blank\">Jerrick Harding<\/a>, autor 32 punkt\u00f3w.<\/p>\n<p class=\"contentpart contentpart--default contentpart--text\" data-position=\"5\">Milici\u0107 przekonywa\u0142 na konferencji prasowej, \u017ce nawet w roli zdecydowanego faworyta, nie mo\u017cna nikogo lekcewa\u017cy\u0107, a wysyp niespodziewanych rozstrzygni\u0119\u0107 tylko potwierdza, \u017ce ka\u017cdy mecz jest du\u017cym wyzwaniem.<\/p>\n<p class=\"contentpart contentpart--default contentpart--text\" data-position=\"6\">&#8211; Nie ma w og\u00f3le si\u0119 nad czym zastanawia\u0107, \u017ce s\u0105 niespodzianki. Tak, jak m\u00f3wi\u0105 zawodnicy &#8211; Mateusz Ponitka czy Micha\u0142 Soko\u0142owski &#8211; nie ma \u0142atwych przeciwnik\u00f3w. Tym bardziej si\u0119 ciesz\u0119, \u017ce zostawili\u015bmy na boisku serce. Mieli\u015bmy du\u017co zbi\u00f3rek, a to pokazuje ch\u0119ci &#8211; zwr\u00f3ci\u0142 uwag\u0119 szkoleniowiec.<\/p>\n<p> <img role=\"presentation\" src=\"https:\/\/std.wpcdn.pl\/images\/adv\/placeholder_wp.svg\" loading=\"lazy\" alt=\"\" decoding=\"async\"\/>  <\/p>\n<p class=\"contentpart contentpart--default contentpart--text\" data-position=\"7\">Trzeba doda\u0107, \u017ce w tym okienku Bia\u0142o-Czerwoni graj\u0105 bez dw\u00f3ch wa\u017cnych ogniw. Urazy wyeliminowa\u0142y <a href=\"https:\/\/sportowefakty.wp.pl\/koszykowka\/andrzej-pluta-junior\" rel=\"nofollow noopener\" target=\"_blank\">Andrzeja Plut\u0119<\/a> i <a href=\"https:\/\/sportowefakty.wp.pl\/koszykowka\/aleksander-balcerowski\" rel=\"nofollow noopener\" target=\"_blank\">Aleksandra Balcerowskiego<\/a>, czyli graczy pierwszej pi\u0105tki z ostatniego, bardzo udanego EuroBasketu. Nie ma te\u017c <a href=\"https:\/\/sportowefakty.wp.pl\/koszykowka\/jordan-loyd\" rel=\"nofollow noopener\" target=\"_blank\">Jordana Loyda<\/a>, ale w jego buty znakomicie wskoczy\u0142 wspomniany Harding.<\/p>\n<p class=\"contentpart contentpart--default contentpart--text\" data-position=\"8\">&#8211;  W trzy, cztery dni musieli\u015bmy przygotowa\u0107 praktycznie nowy zesp\u00f3\u0142. Mamy  jednak  trzon dru\u017cyny i wiemy co chcemy osi\u0105gn\u0105\u0107 &#8211; rzuci\u0142 kr\u00f3tko  Milici\u0107.<\/p>\n<p class=\"contentpart contentpart--default contentpart--text\" data-position=\"9\">Wracaj\u0105c do niespodzianek podczas tych eliminacji do <a href=\"https:\/\/sportowefakty.wp.pl\/koszykowka\/ms-2027\" rel=\"nofollow noopener\" target=\"_blank\">M\u015a 2027<\/a>, to do\u015b\u0107 sensacyjnie zako\u0144czy\u0142 si\u0119 drugi z pi\u0105tkowych mecz\u00f3w w polskiej grupie. W Rydze z wygranej nad \u0141otyszami (86:78 &#8211; przyp. red.) cieszyli si\u0119 Holendrzy.<\/p>\n<p class=\"contentpart contentpart--default contentpart--text\" data-position=\"10\">Dla Milicicia wyniki w innych meczach nie maj\u0105 jednak znaczenia. Wyt\u0142umaczy\u0142 dlaczego. &#8211; Jakie wyniki s\u0105 w innych meczach? To nie ma wp\u0142ywu na nasz\u0105 sytuacj\u0119. Wiemy, \u017ce musimy dba\u0107 o siebie, patrze\u0107 na siebie. Musimy ulepsza\u0107 nasz\u0105 gr\u0119 &#8211; powiedzia\u0142 wprost.<\/p>\n<p> <img role=\"presentation\" src=\"https:\/\/std.wpcdn.pl\/images\/adv\/placeholder_wp.svg\" loading=\"lazy\" alt=\"\" decoding=\"async\"\/>  <\/p>\n<p class=\"contentpart contentpart--default contentpart--text\" data-position=\"11\">Z czego szkoleniowiec nie by\u0142 zadowolony po meczu z Austriakami? &#8211; Pozwolili\u015bmy im rzuca\u0107 z otwartych pozycji. I to ich g\u0142\u00f3wnym snajperom. Wiedzieli\u015bmy, \u017ce maj\u0105 dw\u00f3ch bardzo dobrych strzelc\u00f3w, kt\u00f3rzy bazuj\u0105 na rzucie i oni dostali zdecydowanie za du\u017co miejsca. To rzecz, kt\u00f3r\u0105 na pewno musimy poprawi\u0107 &#8211; oceni\u0142 Milici\u0107.<\/p>\n<p class=\"contentpart contentpart--default contentpart--text\" data-position=\"12\">&#8211; Ten mecz chocia\u017c by\u0142 trudny, to by\u0142 fajnym przetarciem dla nas, \u017ceby\u015bmy si\u0119 zmobilizowali na nast\u0119pny mecz na wyje\u017adzie &#8211; doda\u0142.<\/p>\n<p class=\"contentpart contentpart--default contentpart--text\" data-position=\"13\">Polacy ju\u017c w poniedzia\u0142ek (1 grudnia, godz. 19:30) zagraj\u0105 w Hadze z Holendrami. Zwyci\u0119zca zako\u0144czy pierwsze okienko jako niepokonany lider grupy F.<\/p>\n","protected":false},"excerpt":{"rendered":"Bardzo wa\u017cna wygrana na pocz\u0105tek &#8222;Misji Katar&#8221;, jak nazwano walk\u0119 o wyjazd na koszykarski mundial do Dohy za&hellip;\n","protected":false},"author":2,"featured_media":125112,"comment_status":"","ping_status":"","sticky":false,"template":"","format":"standard","meta":{"footnotes":""},"categories":[24],"tags":[26353,26662,2449,42,38,40,39,41,539,127,126],"class_list":{"0":"post-125111","1":"post","2":"type-post","3":"status-publish","4":"format-standard","5":"has-post-thumbnail","7":"category-sport","8":"tag-el-ms-2027","9":"tag-igor-milicic","10":"tag-koszykowka","11":"tag-pl","12":"tag-poland","13":"tag-polish","14":"tag-polska","15":"tag-polski","16":"tag-reprezentacje","17":"tag-sport","18":"tag-sports"},"share_on_mastodon":{"url":"https:\/\/pubeurope.com\/@pl\/115636316805157872","error":""},"_links":{"self":[{"href":"https:\/\/www.europesays.com\/pl\/wp-json\/wp\/v2\/posts\/125111","targetHints":{"allow":["GET"]}}],"collection":[{"href":"https:\/\/www.europesays.com\/pl\/wp-json\/wp\/v2\/posts"}],"about":[{"href":"https:\/\/www.europesays.com\/pl\/wp-json\/wp\/v2\/types\/post"}],"author":[{"embeddable":true,"href":"https:\/\/www.europesays.com\/pl\/wp-json\/wp\/v2\/users\/2"}],"replies":[{"embeddable":true,"href":"https:\/\/www.europesays.com\/pl\/wp-json\/wp\/v2\/comments?post=125111"}],"version-history":[{"count":0,"href":"https:\/\/www.europesays.com\/pl\/wp-json\/wp\/v2\/posts\/125111\/revisions"}],"wp:featuredmedia":[{"embeddable":true,"href":"https:\/\/www.europesays.com\/pl\/wp-json\/wp\/v2\/media\/125112"}],"wp:attachment":[{"href":"https:\/\/www.europesays.com\/pl\/wp-json\/wp\/v2\/media?parent=125111"}],"wp:term":[{"taxonomy":"category","embeddable":true,"href":"https:\/\/www.europesays.com\/pl\/wp-json\/wp\/v2\/categories?post=125111"},{"taxonomy":"post_tag","embeddable":true,"href":"https:\/\/www.europesays.com\/pl\/wp-json\/wp\/v2\/tags?post=125111"}],"curies":[{"name":"wp","href":"https:\/\/api.w.org\/{rel}","templated":true}]}}