{"id":125122,"date":"2025-11-30T03:21:12","date_gmt":"2025-11-30T03:21:12","guid":{"rendered":"https:\/\/www.europesays.com\/pl\/125122\/"},"modified":"2025-11-30T03:21:12","modified_gmt":"2025-11-30T03:21:12","slug":"mala-bohaterka-uratowala-seniorke-78-latka-nie-wiedziala-gdzie-jest-2","status":"publish","type":"post","link":"https:\/\/www.europesays.com\/pl\/125122\/","title":{"rendered":"&#8222;Ma\u0142a bohaterka&#8221; uratowa\u0142a seniork\u0119. 78-latka nie wiedzia\u0142a, gdzie jest"},"content":{"rendered":"<p class=\"ods-c-paragraph \">Do poruszaj\u0105cej sytuacji dosz\u0142o 27 listopada w Konstantynowie \u0141\u00f3dzkim. O godzinie 15.35 dy\u017curny miejscowego komisariatu Policji odebra\u0142 zg\u0142oszenie dotycz\u0105ce starszej kobiety, kt\u00f3ra nie mog\u0142a dosta\u0107 si\u0119 do domu i sprawia\u0142a wra\u017cenie ca\u0142kowicie zagubionej. Jak wynika\u0142o z tre\u015bci zg\u0142oszenia, o pomoc dla seniorki poprosi\u0142a &#8222;jaka\u015b ma\u0142a dziewczynka&#8221;.<\/p>\n<p class=\"ods-c-paragraph \">Na miejsce natychmiast skierowano dzielnicow\u0105, kt\u00f3ra szybko potwierdzi\u0142a przekazane informacje. Okaza\u0142o si\u0119 jednak, \u017ce dziewczynka, kt\u00f3ra zauwa\u017cy\u0142a potrzebuj\u0105c\u0105 wsparcia starsz\u0105 pani\u0105, nie czeka\u0142a na przyjazd patrolu \u2014 poprosi\u0142a o pomoc przechodz\u0105c\u0105 obok kobiet\u0119, a ta zadzwoni\u0142a na numer alarmowy.<\/p>\n<p>Dalszy ci\u0105g artyku\u0142u pod materia\u0142em wideo<\/p>\n<p> Co si\u0119 sta\u0142o z 78-latk\u0105? <\/p>\n<p> Jak pomog\u0142a dziewczynka? <\/p>\n<p> Kto pochwali\u0142 postaw\u0119 dziewczynki? <\/p>\n<p> Dlaczego policja apeluje o reakcj\u0119 w takich sytuacjach? <\/p>\n<p>  Dziewczynka pomog\u0142a zmarzni\u0119tej seniorce. &#8222;Tak wygl\u0105da dobro w praktyce&#8221;<\/p>\n<p class=\"ods-c-paragraph \">Na terenie zamkni\u0119tej posesji policjantka odnalaz\u0142a zmarzni\u0119t\u0105 78-latk\u0119. Seniorka by\u0142a wyra\u017anie zdezorientowana, nie potrafi\u0142a powiedzie\u0107, gdzie si\u0119 znajduje ani poda\u0107 swojego nazwiska. Dzielnicowa zacz\u0119\u0142a wypytywa\u0107 s\u0105siad\u00f3w i w kr\u00f3tkim czasie ustali\u0142a to\u017csamo\u015b\u0107 kobiety, a tak\u017ce skontaktowa\u0142a si\u0119 z jej rodzin\u0105. Jak si\u0119 okaza\u0142o, seniorka przebywa\u0142a na terenie w\u0142asnej posesji, cho\u0107 pocz\u0105tkowo temu zaprzecza\u0142a.<\/p>\n<p class=\"ods-c-paragraph \">Na miejsce wezwano zesp\u00f3\u0142 ratownictwa medycznego, kt\u00f3ry oceni\u0142, \u017ce 78-latka nie wymaga hospitalizacji. Kobiet\u0119 przekazano pod opiek\u0119 bliskich.<\/p>\n<p class=\"ods-c-paragraph \">Podkomisarz Agnieszka Jachimek z Komendy Powiatowej Policji w Pabianicach relacjonuje, \u017ce funkcjonariuszka podczas rozmowy z rodzin\u0105 zwr\u00f3ci\u0142a uwag\u0119 na konieczno\u015b\u0107 zapewnienia 78-latce sta\u0142ego nadzoru, aby podobna sytuacja nie powt\u00f3rzy\u0142a si\u0119 w przysz\u0142o\u015bci. Przypomnia\u0142a r\u00f3wnie\u017c o dost\u0119pnych formach wsparcia dla opiekun\u00f3w os\u00f3b starszych oraz o tym, jak wa\u017cne jest reagowanie na wszelkie niepokoj\u0105ce sygna\u0142y.<\/p>\n<p class=\"ods-c-paragraph \">Nie zabrak\u0142o r\u00f3wnie\u017c s\u0142\u00f3w uznania dla m\u0142odej dziewczynki, dzi\u0119ki kt\u00f3rej pomoc dotar\u0142a na czas. Zar\u00f3wno policja, jak i Rada Rodzic\u00f3w Szko\u0142y Podstawowej nr 2 w Konstantynowie \u0141\u00f3dzkim, do kt\u00f3rej ucz\u0119szcza uczennica, publicznie pochwali\u0142y jej postaw\u0119.<\/p>\n<blockquote class=\"ods-o-quota\">\n<p class=\"ods-o-quota__paragraph\">Dzi\u0119kujemy naszej \u00bbma\u0142ej bohaterce\u00ab za w\u0142a\u015bciw\u0105 reakcj\u0119, uwa\u017cno\u015b\u0107 i brak oboj\u0119tno\u015bci wobec drugiego cz\u0142owieka. Takie postawy zas\u0142uguj\u0105 na pochwa\u0142\u0119 i mog\u0105 by\u0107 wzorem dla nas wszystkich. Zachowanie dziewczynki \u015bwiadczy o du\u017cej empatii i odpowiedzialno\u015bci<\/p>\n<\/blockquote>\n<p class=\"ods-c-paragraph \">\u2014 podkre\u015bli\u0142a podkomisarz Jachimek.<\/p>\n<p class=\"ods-c-paragraph \">&#8222;Nasz uczennica Eliza z klasy VIc pokaza\u0142a, jak wygl\u0105da dobro w praktyce i swoj\u0105 reakcj\u0105 zas\u0142u\u017cy\u0142a na ogromne brawa i wielkie uznanie&#8221; \u2014 czytamy z kolei we wpisie Rady Rodzic\u00f3w opublikowanym w mediach spo\u0142eczno\u015bciowych.<\/p>\n<p class=\"ods-c-paragraph \">Policja apeluje, by ka\u017cdy, kto zauwa\u017cy osob\u0119 starsz\u0105 wygl\u0105daj\u0105c\u0105 na zagubion\u0105 lub potrzebuj\u0105c\u0105 pomocy, nie waha\u0142 si\u0119 reagowa\u0107. Czujno\u015b\u0107 mieszka\u0144c\u00f3w mo\u017ce realnie wp\u0142yn\u0105\u0107 na bezpiecze\u0144stwo senior\u00f3w, kt\u00f3rzy cz\u0119sto wymagaj\u0105 wsparcia i troski ze strony otoczenia.<\/p>\n","protected":false},"excerpt":{"rendered":"Do poruszaj\u0105cej sytuacji dosz\u0142o 27 listopada w Konstantynowie \u0141\u00f3dzkim. O godzinie 15.35 dy\u017curny miejscowego komisariatu Policji odebra\u0142 zg\u0142oszenie&hellip;\n","protected":false},"author":2,"featured_media":125123,"comment_status":"","ping_status":"","sticky":false,"template":"","format":"standard","meta":{"footnotes":""},"categories":[12],"tags":[32,33,26528,36,37,27,26529,34,35,28,31,48,25,46,42,38,414,40,39,41,7623,47,2059,29,30,26],"class_list":{"0":"post-125122","1":"post","2":"type-post","3":"status-publish","4":"format-standard","5":"has-post-thumbnail","7":"category-polska","8":"tag-breaking-news","9":"tag-breakingnews","10":"tag-dziewczynka","11":"tag-featured-news","12":"tag-featurednews","13":"tag-headlines","14":"tag-konstantynow_lodzki","15":"tag-latest-news","16":"tag-latestnews","17":"tag-naglowki","18":"tag-najwazniejsze-artykuly","19":"tag-nat_styl","20":"tag-news","21":"tag-omp","22":"tag-pl","23":"tag-poland","24":"tag-policja","25":"tag-polish","26":"tag-polska","27":"tag-polski","28":"tag-pomoc","29":"tag-screening_general","30":"tag-seniorka","31":"tag-top-stories","32":"tag-topstories","33":"tag-wiadomosci"},"share_on_mastodon":{"url":"https:\/\/pubeurope.com\/@pl\/115636501353726633","error":""},"_links":{"self":[{"href":"https:\/\/www.europesays.com\/pl\/wp-json\/wp\/v2\/posts\/125122","targetHints":{"allow":["GET"]}}],"collection":[{"href":"https:\/\/www.europesays.com\/pl\/wp-json\/wp\/v2\/posts"}],"about":[{"href":"https:\/\/www.europesays.com\/pl\/wp-json\/wp\/v2\/types\/post"}],"author":[{"embeddable":true,"href":"https:\/\/www.europesays.com\/pl\/wp-json\/wp\/v2\/users\/2"}],"replies":[{"embeddable":true,"href":"https:\/\/www.europesays.com\/pl\/wp-json\/wp\/v2\/comments?post=125122"}],"version-history":[{"count":0,"href":"https:\/\/www.europesays.com\/pl\/wp-json\/wp\/v2\/posts\/125122\/revisions"}],"wp:featuredmedia":[{"embeddable":true,"href":"https:\/\/www.europesays.com\/pl\/wp-json\/wp\/v2\/media\/125123"}],"wp:attachment":[{"href":"https:\/\/www.europesays.com\/pl\/wp-json\/wp\/v2\/media?parent=125122"}],"wp:term":[{"taxonomy":"category","embeddable":true,"href":"https:\/\/www.europesays.com\/pl\/wp-json\/wp\/v2\/categories?post=125122"},{"taxonomy":"post_tag","embeddable":true,"href":"https:\/\/www.europesays.com\/pl\/wp-json\/wp\/v2\/tags?post=125122"}],"curies":[{"name":"wp","href":"https:\/\/api.w.org\/{rel}","templated":true}]}}