{"id":125128,"date":"2025-11-30T03:42:11","date_gmt":"2025-11-30T03:42:11","guid":{"rendered":"https:\/\/www.europesays.com\/pl\/125128\/"},"modified":"2025-11-30T03:42:11","modified_gmt":"2025-11-30T03:42:11","slug":"grala-ule-w-klanie-porzucila-aktorstwo-tym-sie-dzis-zajmuje","status":"publish","type":"post","link":"https:\/\/www.europesays.com\/pl\/125128\/","title":{"rendered":"Gra\u0142a Ul\u0119 w 'Klanie&#8217;. Porzuci\u0142a aktorstwo. Tym si\u0119 dzi\u015b zajmuje"},"content":{"rendered":"<p class=\"art_paragraph\">&#8222;<a href=\"https:\/\/www.plotek.pl\/klan\" class=\"art_link\" rel=\"nofollow noopener\" target=\"_blank\">Klan<\/a>&#8221; nadawany jest od 1997 roku, co czyni go najd\u0142u\u017cej emitowan\u0105 polsk\u0105 produkcj\u0105 w telewizji. Widzowie ca\u0142y czas mog\u0105 \u015bledzi\u0107 losy rodziny Lubicz\u00f3w, cho\u0107 z\u00a0serialu odesz\u0142o wielu aktor\u00f3w &#8211; w tym <a href=\"https:\/\/www.plotek.pl\/piotr-cyrwus\" class=\"art_link\" rel=\"nofollow noopener\" target=\"_blank\">Piotr Cyrwus<\/a> oraz <a href=\"https:\/\/www.plotek.pl\/barbara-bursztynowicz\" class=\"art_link\" rel=\"nofollow noopener\" target=\"_blank\">Barbara Bursztynowicz<\/a>. Wierni\u00a0fani z pewno\u015bci\u0105 pami\u0119taj\u0105 posta\u0107 Uli,\u00a0w kt\u00f3r\u0105 wciela\u0142a si\u0119\u00a0Aleksandra Ni\u017cy\u0144ska. W pewnym momencie aktorka zrezygnowa\u0142a z produkcji i porzuci\u0142a karier\u0119 w bran\u017cy. Co dzi\u015b robi?<\/p>\n<p>\n    Zobacz wideo Agnieszka Kaczorowska zrezygnuje z gry w &#8222;Klanie&#8221;? Aktorka odpowiada\n  <\/p>\n<p> By\u0142a niegdy\u015b jedn\u0105 z gwiazd &#8222;Klanu&#8221;. Co dzi\u015b robi?<\/p>\n<p class=\"art_paragraph\">Aleksandra Ni\u017cy\u0144ska a\u017c przez 11 lat wciela\u0142a si\u0119 w Ul\u0119 &#8211;\u00a0przyjaci\u00f3\u0142k\u0119 Oli Lubicz, kt\u00f3r\u0105 gra <a href=\"https:\/\/www.plotek.pl\/kaja-paschalska\" class=\"art_link\" rel=\"dofollow noopener\" target=\"_blank\">Kaja Paschalska<\/a>. Co ciekawe, odtw\u00f3rczyni wspomnianej roli to prywatnie c\u00f3rka producenta i wsp\u00f3\u0142tw\u00f3rcy serialu, Wojciecha Ni\u017cy\u0144skiego. &#8211;\u00a0M\u00f3j tata zabra\u0142 mnie na plan i zapisa\u0142 mi jak\u0105\u015b kr\u00f3tk\u0105, ma\u0142\u0105 rol\u0119 w\u0142a\u015bnie przy Oli i to si\u0119 sprawdzi\u0142o. I od tamtej pory zosta\u0142am. Okaza\u0142o si\u0119, \u017ce ta posta\u0107 by\u0142a lubiana przez widz\u00f3w, a ja sprawdzi\u0142am si\u0119 te\u017c na planie &#8211; wspomina\u0142a niegdy\u015b Ni\u017cy\u0144ska. W pewnym momencie postanowi\u0142a jednak porzuci\u0107 rol\u0119 i odesz\u0142a z serialu, ca\u0142kowicie rezygnuj\u0105c z kariery w bran\u017cy filmowej.\u00a0<\/p>\n<p class=\"art_paragraph\">Jak wyja\u015bni\u0142a niegdy\u015b podczas wizyty w &#8222;Dzie\u0144 dobry TVN&#8221;, chcia\u0142a obra\u0107 inn\u0105 drog\u0119. &#8211;\u00a0Zacz\u0119\u0142o si\u0119 dzia\u0107 du\u017co innych dodatkowych rzeczy w moim \u017cyciu i stwierdzi\u0142am, \u017ce chc\u0119 p\u00f3j\u015b\u0107 w inn\u0105 stron\u0119. Studiowa\u0142am dwa kierunki, wi\u0119c to by\u0142o wyzwanie. Uzna\u0142am, \u017ce lepiej si\u0119 odnajduj\u0119 w pracy badawczej &#8211; opowiada\u0142a Ni\u017cy\u0144ska. Co robi dzi\u015b? &#8211;\u00a0Zajmuj\u0119 si\u0119 koordynacj\u0105 projekt\u00f3w na rzecz praw kobiet, a we w\u0142asnej firmie, w kt\u00f3rej prowadz\u0119 ze wsp\u00f3lniczkami badania dotycz\u0105ce r\u00f3wno\u015bci, zajmujemy si\u0119 g\u0142\u00f3wnie tematyk\u0105 kobiet &#8211; wyjawi\u0142a.\u00a0<\/p>\n<p class=\"gallery-open-button\">Aleksandra Ni\u017cy\u0144ska<a href=\"#\" class=\"gallery-open-button__link gallery-open-button__link--version1\">Otw\u00f3rz galeri\u0119<\/a><\/p>\n<p> Agnieszka Kaczorowska odejdzie z &#8222;Klanu&#8221;? Stawia spraw\u0119 jasno<\/p>\n<p class=\"art_paragraph\">Jak wyjawi\u0142a 26 listopada <a href=\"https:\/\/www.plotek.pl\/agnieszka-kaczorowska\" class=\"art_link\" rel=\"nofollow noopener\" target=\"_blank\">Kaczorowska<\/a>, kt\u00f3ra od 26 lat wciela si\u0119 w &#8222;Klanie&#8221; w Bo\u017cen\u0119, nie zamierza odchodzi\u0107 z produkcji. &#8211; Jedyne momenty, kiedy pojawia\u0142y si\u0119 takie my\u015bli, to by\u0142 okres nastoletni, kiedy trenowa\u0142am siedem dni w tygodniu, chodzi\u0142am do szko\u0142y i jeszcze raz na jaki\u015b czas by\u0142am na planie. Wtedy czu\u0142am si\u0119 przem\u0119czona momentami &#8211;\u00a0wyzna\u0142a na\u00a0InstaStories. &#8211; My\u015bla\u0142am, \u017ceby z czego\u015b zrezygnowa\u0107. Ze szko\u0142y nie mog\u0142am, z trening\u00f3w ta\u0144ca nigdy bym nie zrezygnowa\u0142a, wi\u0119c jedyne, co mi przychodzi\u0142o do g\u0142owy, to &#8222;Klan&#8221;. Odespa\u0142am, zregenerowa\u0142am si\u0119, odpocz\u0119\u0142am i wraca\u0142am, bo to te\u017c by\u0142o zawsze moje \u017ar\u00f3d\u0142o dochodu &#8211; t\u0142umaczy\u0142a. Podkre\u015bla\u0142a, \u017ce &#8222;na ten moment nie ma takich plan\u00f3w&#8221;, by rezygnowa\u0107 z gry. &#8211; Ja za daleko w przysz\u0142o\u015b\u0107 nie wybiegam, bo chc\u0119 \u017cy\u0107 tu i teraz. Planowa\u0107 tylko troch\u0119 do przodu. Ja chc\u0119 \u017cy\u0107 i pracowa\u0107 zgodnie z moimi warto\u015bciami &#8211; dowiadujemy si\u0119 od celebrytki.\u00a0<\/p>\n","protected":false},"excerpt":{"rendered":"&#8222;Klan&#8221; nadawany jest od 1997 roku, co czyni go najd\u0142u\u017cej emitowan\u0105 polsk\u0105 produkcj\u0105 w telewizji. Widzowie ca\u0142y czas&hellip;\n","protected":false},"author":2,"featured_media":125129,"comment_status":"","ping_status":"","sticky":false,"template":"","format":"standard","meta":{"footnotes":""},"categories":[12],"tags":[32,33,36,37,27,34,35,28,31,25,42,38,40,39,41,29,30,26],"class_list":{"0":"post-125128","1":"post","2":"type-post","3":"status-publish","4":"format-standard","5":"has-post-thumbnail","7":"category-polska","8":"tag-breaking-news","9":"tag-breakingnews","10":"tag-featured-news","11":"tag-featurednews","12":"tag-headlines","13":"tag-latest-news","14":"tag-latestnews","15":"tag-naglowki","16":"tag-najwazniejsze-artykuly","17":"tag-news","18":"tag-pl","19":"tag-poland","20":"tag-polish","21":"tag-polska","22":"tag-polski","23":"tag-top-stories","24":"tag-topstories","25":"tag-wiadomosci"},"share_on_mastodon":{"url":"https:\/\/pubeurope.com\/@pl\/115636583948330289","error":""},"_links":{"self":[{"href":"https:\/\/www.europesays.com\/pl\/wp-json\/wp\/v2\/posts\/125128","targetHints":{"allow":["GET"]}}],"collection":[{"href":"https:\/\/www.europesays.com\/pl\/wp-json\/wp\/v2\/posts"}],"about":[{"href":"https:\/\/www.europesays.com\/pl\/wp-json\/wp\/v2\/types\/post"}],"author":[{"embeddable":true,"href":"https:\/\/www.europesays.com\/pl\/wp-json\/wp\/v2\/users\/2"}],"replies":[{"embeddable":true,"href":"https:\/\/www.europesays.com\/pl\/wp-json\/wp\/v2\/comments?post=125128"}],"version-history":[{"count":0,"href":"https:\/\/www.europesays.com\/pl\/wp-json\/wp\/v2\/posts\/125128\/revisions"}],"wp:featuredmedia":[{"embeddable":true,"href":"https:\/\/www.europesays.com\/pl\/wp-json\/wp\/v2\/media\/125129"}],"wp:attachment":[{"href":"https:\/\/www.europesays.com\/pl\/wp-json\/wp\/v2\/media?parent=125128"}],"wp:term":[{"taxonomy":"category","embeddable":true,"href":"https:\/\/www.europesays.com\/pl\/wp-json\/wp\/v2\/categories?post=125128"},{"taxonomy":"post_tag","embeddable":true,"href":"https:\/\/www.europesays.com\/pl\/wp-json\/wp\/v2\/tags?post=125128"}],"curies":[{"name":"wp","href":"https:\/\/api.w.org\/{rel}","templated":true}]}}